{"id":199652,"date":"2025-02-07T23:45:28","date_gmt":"2025-02-08T03:45:28","guid":{"rendered":"https:\/\/www.elsinodaldetamaulipas.com.mx\/?p=199652"},"modified":"2025-02-07T23:45:28","modified_gmt":"2025-02-08T03:45:28","slug":"fuentes-fidedignas-2","status":"publish","type":"post","link":"https:\/\/www.elsinodaldetamaulipas.com.mx\/?p=199652","title":{"rendered":"FUENTES FIDEDIGNAS"},"content":{"rendered":"<p>Por : Isa\u00edas \u00c1lvarez<br \/>\nUN D\u00cdA CA\u00d3TICO PARA MAKITO<br \/>\nMientras la Secretaria de Gobernaci\u00f3n, Rosa Icela Rodr\u00edguez Vel\u00e1zquez, realizaba su recorrido por el Centro de Atenci\u00f3n a Migrantes en Reynosa el d\u00eda de ayer, qued\u00f3 en evidencia que el presidente municipal, Carlos Pe\u00f1a Ortiz, no solo est\u00e1 desconectado de la coordinaci\u00f3n migratoria, sino que tambi\u00e9n enfrenta un creciente conflicto con los comerciantes locales.<\/p>\n<p>Desde antes de la rueda de prensa, la diferencia entre las autoridades presentes fue evidente. Mientras la comitiva federal y estatal supervisaba los m\u00f3dulos del campamento migrante, Makito y Jos\u00e9 Ram\u00f3n G\u00f3mez Leal se mostraban desubicados, sin saber qu\u00e9 hacer ni d\u00f3nde colocarse, como ni\u00f1os perdidos en Soriana. En el caso del alcalde, ni siquiera la decena de empleados que llev\u00f3, pudo evitar que su equipo se viera como gallinas sin cabeza, desorganizado y sin rumbo. Estos al percatarse de la presencia de un servidor, casi jalan al alcalde para que se incorporara a una foto: la del bolet\u00edn que sacaron.<\/p>\n<p>A esto se suma que la secretaria de Gobernaci\u00f3n se llev\u00f3 consigo informaci\u00f3n que sin duda pesar\u00e1 en su percepci\u00f3n del gobierno municipal.<\/p>\n<p>Mientras se hablaba de la estrategia \u201cM\u00e9xico Te Abraza\u201d para atender a los repatriados, otro grupo de ciudadanos exig\u00eda atenci\u00f3n en la plaza principal. Comerciantes informales se manifestaron pac\u00edficamente frente al ayuntamiento tras un incremento desmedido en las cuotas de \u201cpiso\u201d, que pasaron de 108 pesos a casi 500 pesos diarios en el \u00faltimo mes.<\/p>\n<p>Este cobro, orquestado desde el municipio, golpea directamente a quienes dependen del comercio informal para subsistir. La protesta, lejos de encontrar una soluci\u00f3n r\u00e1pida, solo exhibi\u00f3 la falta de capacidad de respuesta del gobierno local. Carlos Pe\u00f1a, en lugar de enfrentar el problema, envi\u00f3 a su secretario del ayuntamiento, Antonio de Le\u00f3n, para intentar calmar los \u00e1nimos. Sin embargo, el intento fracas\u00f3; tuvieron que pasar varias horas para que les dieran una pr\u00f3rroga, pero el alcalde en ning\u00fan momento dio la cara, al contrario, se escondi\u00f3 en un estacionamiento aleda\u00f1o a presidencia.<\/p>\n<p>Para dificultar la manifestaci\u00f3n, comerciantes denunciaron que el gobierno municipal utiliz\u00f3 a la polic\u00eda vial (antes Tr\u00e1nsito) para bloquear calles aleda\u00f1as e impedir que llegaran al ayuntamiento, adem\u00e1s de realizar detenciones arbitrarias. Como si esto no fuera suficiente, al tiempo de la manifestaci\u00f3n, a los del ayuntamiento se les ocurri\u00f3 prender una gr\u00faa \u00abdisque\u00bb para agregar adornos al pino, pero fue m\u00e1s para silenciar y censurar a los comerciantes. Los organizadores afirman que tambi\u00e9n recibieron amenazas y han sido amedrentados en redes sociales, intimidaci\u00f3n que, lejos de disolver la protesta, ha incrementado la indignaci\u00f3n entre los comerciantes afectados.<\/p>\n<p>En un solo d\u00eda, Carlos Pe\u00f1a dej\u00f3 en evidencia su falta de liderazgo en dos frentes: primero, en el evento oficial, su descoordinaci\u00f3n contrast\u00f3 con la estructura del gobierno federal y estatal; segundo, en las calles de Reynosa, su administraci\u00f3n es se\u00f1alada por el abuso de cuotas a comerciantes y su incapacidad para resolver conflictos sociales, entre muchas otras cosas.<\/p>\n<p>Lo sucedido ayer en Reynosa es un recordatorio de que un alcalde que no tiene control sobre su propio gobierno, dif\u00edcilmente podr\u00e1 gobernar con estabilidad. Y mientras las autoridades estatales y federales hacen su trabajo, en Reynosa, la falta de liderazgo municipal sigue latente, como en los \u00faltimos 9 a\u00f1os.<\/p>\n","protected":false},"excerpt":{"rendered":"<p>Por : Isa\u00edas \u00c1lvarez UN D\u00cdA CA\u00d3TICO PARA MAKITO Mientras la Secretaria de Gobernaci\u00f3n, Rosa Icela Rodr\u00edguez Vel\u00e1zquez, realizaba su recorrido por el Centro de Atenci\u00f3n a Migrantes en Reynosa el d\u00eda de ayer, qued\u00f3 en evidencia que el presidente municipal, Carlos Pe\u00f1a Ortiz, no solo est\u00e1 desconectado de la coordinaci\u00f3n migratoria, sino que tambi\u00e9n [&hellip;]<\/p>\n","protected":false},"author":1,"featured_media":199653,"comment_status":"closed","ping_status":"closed","sticky":false,"template":"","format":"standard","meta":{"footnotes":""},"categories":[16],"tags":[],"class_list":["post-199652","post","type-post","status-publish","format-standard","has-post-thumbnail","hentry","category-opinion"],"_links":{"self":[{"href":"https:\/\/www.elsinodaldetamaulipas.com.mx\/index.php?rest_route=\/wp\/v2\/posts\/199652","targetHints":{"allow":["GET"]}}],"collection":[{"href":"https:\/\/www.elsinodaldetamaulipas.com.mx\/index.php?rest_route=\/wp\/v2\/posts"}],"about":[{"href":"https:\/\/www.elsinodaldetamaulipas.com.mx\/index.php?rest_route=\/wp\/v2\/types\/post"}],"author":[{"embeddable":true,"href":"https:\/\/www.elsinodaldetamaulipas.com.mx\/index.php?rest_route=\/wp\/v2\/users\/1"}],"replies":[{"embeddable":true,"href":"https:\/\/www.elsinodaldetamaulipas.com.mx\/index.php?rest_route=%2Fwp%2Fv2%2Fcomments&post=199652"}],"version-history":[{"count":1,"href":"https:\/\/www.elsinodaldetamaulipas.com.mx\/index.php?rest_route=\/wp\/v2\/posts\/199652\/revisions"}],"predecessor-version":[{"id":199654,"href":"https:\/\/www.elsinodaldetamaulipas.com.mx\/index.php?rest_route=\/wp\/v2\/posts\/199652\/revisions\/199654"}],"wp:featuredmedia":[{"embeddable":true,"href":"https:\/\/www.elsinodaldetamaulipas.com.mx\/index.php?rest_route=\/wp\/v2\/media\/199653"}],"wp:attachment":[{"href":"https:\/\/www.elsinodaldetamaulipas.com.mx\/index.php?rest_route=%2Fwp%2Fv2%2Fmedia&parent=199652"}],"wp:term":[{"taxonomy":"category","embeddable":true,"href":"https:\/\/www.elsinodaldetamaulipas.com.mx\/index.php?rest_route=%2Fwp%2Fv2%2Fcategories&post=199652"},{"taxonomy":"post_tag","embeddable":true,"href":"https:\/\/www.elsinodaldetamaulipas.com.mx\/index.php?rest_route=%2Fwp%2Fv2%2Ftags&post=199652"}],"curies":[{"name":"wp","href":"https:\/\/api.w.org\/{rel}","templated":true}]}}