{"id":201433,"date":"2025-03-06T17:33:35","date_gmt":"2025-03-06T21:33:35","guid":{"rendered":"https:\/\/www.elsinodaldetamaulipas.com.mx\/?p=201433"},"modified":"2025-03-06T17:33:35","modified_gmt":"2025-03-06T21:33:35","slug":"cena-de-negros-85","status":"publish","type":"post","link":"https:\/\/www.elsinodaldetamaulipas.com.mx\/?p=201433","title":{"rendered":"CENA DE NEGROS"},"content":{"rendered":"<p>&nbsp;<\/p>\n<p>Marco Antonio V\u00e1zquez Villanueva<\/p>\n<p>Para quienes dudaban que el Partido Revolucionario Institucional est\u00e1 pol\u00edticamente muerto bien vale la pena detallarles que el pasado 4 de marzo lleg\u00f3 a los 96 a\u00f1os sin que nadie aplauda tal proezza, es m\u00e1s, parece que ya muy pocos est\u00e1n dispuestos a presenciar su funeral.<\/p>\n<p>Al PRI le pesan los a\u00f1os, est\u00e1 deteriorado, falto de credibilidad, invadido por corruptos, transas, gandallas y, lo m\u00e1s triste, en sus filas cuenta con muy poca gente decente, trabajadora y con visi\u00f3n de gobierno, peor a\u00fan, casi ninguno de ellos o ellas ocupa cargos de poder.<\/p>\n<p>Se ve viejo el tricolor, tan viejo que ya ni siquiera pudo poner sangre de su sangre como candidato a la presidencia de la Rep\u00fablica en los dos pasados procesos electorales para la presidencia de la Rep\u00fablica, tan viejo que sus due\u00f1os, porque parece empresa particular, siguen con sus frases anquilosadas, para desgracia de su militancia, pronunciadas sin convicci\u00f3n ni fuerza.<\/p>\n<p>En el colmo de los males, los pri\u00edstas siguen imitando a los borregos, parecen no darse cuenta que sus liderazgos son de lo m\u00e1s odiado y los siguen, los vitorean delante de la naci\u00f3n, lo hacen con todo y que conocen que se vive en un M\u00e9xico con hambre y sed de justicia, un pa\u00eds donde hay un enojo por la impunidad y la corrupci\u00f3n, la violencia y la inseguridad que representan muchos de sus senadores, diputados, hasta el mismo Alejandro Moreno que es su presidente nacional, a \u00e9l se le acusa de todo y tan campante se perpetu\u00f3 en la dirigencia de ese partido sin que nadie tuviera fuerza para quitarlo, es m\u00e1s, con la complacencia de muchos de ellos.<\/p>\n<p>Ese es el PRI, un partido que cumpli\u00f3 96 a\u00f1os y que, efectivamente, est\u00e1 muy viejo, sus seguidores ni siquiera pudieron organizarle un evento a la altura, en Tamaulipas, por ejemplo, ni se acordaron, no que se sepa.<\/p>\n<p>Ya no se logr\u00f3 recuperar el tricolor del golpe que le dio el PAN, ahora menos posibilidades se le ven con Morena, es un organismo pasado de moda, con propuestas tan bonitas que la gente sabe no pueden ser ciertas, menos viniendo de pol\u00edticos que son en gran parte culpables de gran parte de nuestras desgracias.<\/p>\n<p>No se le puede creer al PRI que quiere cambiar, porque en el pastelito que hicieron por su festejo de aniversario, a nivel nacional, estaban en primera fila todos los hombres y mujeres que han sido catalogados como lo peor de la pol\u00edtica, altamente tendientes a la corrupci\u00f3n.<\/p>\n<p>Es innegable que en las filas tricolores est\u00e1n lo m\u00e1s conocedor de la pol\u00edtica nacional, a veces parece que lo m\u00e1s preparado, con muchas prendas acad\u00e9micas incluso, pero para su desgracia, en su largo periodo de gobierno y luego cuando regresaron a la administraci\u00f3n p\u00fablica, nada demostraron, al contrario, nos hundieron, nos saquearon.<\/p>\n<p>Y a\u00fan hay m\u00e1s, lo complicado para el PRI se pone cuando en los Estados las dirigencias est\u00e1n por el mismo tono de su presidencia nacional, no pasan de ser buenos oradores que no logran entender son de lo m\u00e1s detestados por el ciudadano, peor a\u00fan, acusan al votante de ser los equivocados y hasta les insultan por haber cambiado de color, en resumen, est\u00e1n negados a pedir perd\u00f3n por todo el da\u00f1o que han causado y as\u00ed no se puede.<\/p>\n<p>Agregue que los del PRI hay olvidado todo, ocupan su discurso en echar miedo al ciudadano con la Cuarta Transformaci\u00f3n sin querer darse cuenta que nada parece peor a lo que vivimos con ellos.<\/p>\n<p>El PRI esta deteriorado, muy da\u00f1ado, tan mal que no se entera que su discurso es malo y sus propuestas bofas, que le hacen mucho caso a los mercad\u00f3logos de la pol\u00edtica sin entender que su mal es m\u00e1s profundo, que est\u00e1n m\u00e1s muertos que vivos y mejor deber\u00edan ponerse a estudiar, al lado de los expertos, su caso para ver si pueden ponerle a su partido un nuevo rostro que le quede, ya por lo menos, que parezca aut\u00e9ntico.<\/p>\n<p>ENFOCA GOBIERNO DE TAMAULIPAS RECURSOS PARA VIVIENDA DIGNA\u2026 El patrimonio de una familia es m\u00e1s que una propiedad; es el espacio donde se construyen sue\u00f1os, donde se encuentran seguridad y estabilidad. Consciente de ello, el Instituto Tamaulipeco de Vivienda y Urbanismo (ITAVU) contin\u00faa implementando acciones para apoyar a quienes m\u00e1s lo necesitan.<\/p>\n<p>Como parte de su compromiso social, el ITAVU ha entregado 3 mil 189 paquetes de materiales de construcci\u00f3n, incluyendo block, cemento, varilla, l\u00e1minas y polines, a familias en situaci\u00f3n de vulnerabilidad. Esta iniciativa busca mejorar las condiciones de vivienda de los sectores m\u00e1s desfavorecidos y reafirma el respaldo del gobierno de Am\u00e9rico Villarreal Anaya para el bienestar de la poblaci\u00f3n tamaulipeca.<\/p>\n<p>El director General del ITAVU, Manuel Guillermo Trevi\u00f1o Cant\u00fa, subray\u00f3 que esta acci\u00f3n forma parte de una estrategia estatal para elevar la calidad de vida de la ciudadan\u00eda, \u201cgracias al inter\u00e9s y preocupaci\u00f3n del gobernador, seguimos trabajando para fortalecer el patrimonio de miles de familias y hacer de Tamaulipas un mejor lugar para vivir\u00bb, afirm\u00f3.<\/p>\n<p>Con estas acciones, dijo, el ITAVU refuerza su compromiso con la inclusi\u00f3n y el desarrollo, con un sentido social y humano, asegurando que nadie en Tamaulipas se quede atr\u00e1s.<\/p>\n<p>SE INCREMENTA DEMANDA DE ESPACIOS EN LA UAT\u2026 La Universidad Aut\u00f3noma de Tamaulipas (UAT) mantiene una alta demanda de aspirantes que buscan realizar sus estudios profesionales en alguna de las m\u00e1s de ochenta carreras que oferta la casa de estudios en sus diferentes campus en el estado.<\/p>\n<p>El registro para el proceso de admisi\u00f3n del ciclo escolar Oto\u00f1o 2025-3 (agosto-diciembre 2025) se mantiene vigente hasta el 29 de abril, para lo cual est\u00e1 abierto el sistema en la p\u00e1gina https:\/\/aspirantes.uat.edu.mx, tambi\u00e9n con acceso desde el portal institucional de la UAT (www.uat.edu.mx).<\/p>\n<p>Cabe se\u00f1alar que, para dicho ciclo, la UAT oferta m\u00e1s de ochenta programas acad\u00e9micos (licenciaturas e ingenier\u00edas) en sus veinticuatro planteles de educaci\u00f3n superior, distribuidos en las sedes ubicadas en Nuevo Laredo, Reynosa, R\u00edo Bravo, Valle Hermoso, Matamoros, Ciudad Victoria, Ciudad Mante y Tampico.<\/p>\n<p>De manera especial, este ciclo escolar ha tenido mayor demanda al abrirse m\u00e1s opciones de carreras, generando el inter\u00e9s y una gran expectaci\u00f3n por parte de los j\u00f3venes que aspiran a cursar su formaci\u00f3n profesional en la Universidad Aut\u00f3noma de Tamaulipas.<\/p>\n<p>La UAT busca crecer en su matr\u00edcula un diez por ciento este a\u00f1o, para lo cual se ha fortalecido la oferta acad\u00e9mica, creando las carreras de Contador P\u00fablico y Finanzas, en la Unidad Acad\u00e9mica Multidisciplinaria (UAM) Reynosa Rodhe; Ingeniero Agr\u00f3nomo, en la UAM R\u00edo Bravo; y las licenciaturas en Psicolog\u00eda y en Autotransporte de Carga, impartidas en la Facultad de Comercio, Administraci\u00f3n y Ciencias Sociales de Nuevo Laredo.<\/p>\n<p>La Facultad de Ingenier\u00eda Tampico sumar\u00e1 a su oferta dos carreras: Ingenier\u00eda en Desarrollo Sostenible e Ingenier\u00eda en Ciencia de Datos e Inteligencia Artificial; de igual modo, se cre\u00f3 la Ingenier\u00eda Biom\u00e9dica, y las licenciaturas de Atenci\u00f3n Profesional de la Salud y Ciencias Aplicadas al Deporte y Ejercicio, en la Facultad de Medicina de Tampico.<\/p>\n<p>En otros programas, se abri\u00f3 la carrera de Ingeniero en Ciencia de Datos, en modalidad a distancia, que impartir\u00e1 la Facultad de Ingenier\u00eda y Ciencias del Campus Victoria, cuyo plantel tambi\u00e9n ser\u00e1 sede, este a\u00f1o, de una extensi\u00f3n de la Licenciatura en Arquitectura, que imparte en Tampico la Facultad de Arquitectura, Dise\u00f1o y Urbanismo.<\/p>\n<p>RECONOCEN DIRIGENTES TRABAJO DE GATTAS EN MUNICIPIO DE VICTORIA\u2026 Dirigentes de sindicatos, organizaciones y asociaciones, que representan la fuerza laboral de Victoria, reconocieron el trabajo del presidente municipal Eduardo Gatt\u00e1s B\u00e1ez en acciones, obras y relaci\u00f3n institucional ante el Estado y Federaci\u00f3n para transformar la ciudad.<\/p>\n<p>En el acercamiento, coordinado por el secretario del Ayuntamiento Hugo Res\u00e9ndez Silva, se cont\u00f3 con la participaci\u00f3n de 30 secretarios generales, con quienes Gatt\u00e1s B\u00e1ez dialogo sobre su proyecto de gobierno, escucho propuestas, demandas y estableci\u00f3 el acuerdo de seguir trabajando juntos por la Capital del Estado.<\/p>\n<p>\u201cSe merece nuestro respeto y apoyo porque representa al pueblo que lo volvi\u00f3 a elegir como su autoridad y hoy cuenta con la fuerza trabajadora para seguir cambiando a Victoria\u201d, dijo Crist\u00f3bal Castillo R\u00edos, presidente de la Asociaci\u00f3n Estatal de Jubilados y Pensionados del ISSSTE.<\/p>\n<p>En la reuni\u00f3n, participaron dirigentes de sindicatos de Telmex, Stocca, m\u00fasicos, enfermeras, jubilados de IPSSET, SNTE, IMSS, COMAPA, Tiendas departamentales, farmacias, Terrestres, electricistas, maquiladoras, salud, carpinteros, ayudantes y similares, telegrafistas, independientes y asociaciones como la Red Tamaulipeca Ciudadana.<\/p>\n<p>Coloque en el buscador de facebok @CENADeNegros1 y le agradecer\u00e9 que me regale un Me Gusta, adem\u00e1s nos puede seguir en la cuenta de X @gatovaliente y, como siempre, le dejo el correo electr\u00f3nico a sus \u00f3rdenes para lo que guste y mande\u2026 marcovazquez20001@hotmail.com<\/p>\n","protected":false},"excerpt":{"rendered":"<p>&nbsp; Marco Antonio V\u00e1zquez Villanueva Para quienes dudaban que el Partido Revolucionario Institucional est\u00e1 pol\u00edticamente muerto bien vale la pena detallarles que el pasado 4 de marzo lleg\u00f3 a los 96 a\u00f1os sin que nadie aplauda tal proezza, es m\u00e1s, parece que ya muy pocos est\u00e1n dispuestos a presenciar su funeral. Al PRI le pesan [&hellip;]<\/p>\n","protected":false},"author":1,"featured_media":201434,"comment_status":"closed","ping_status":"closed","sticky":false,"template":"","format":"standard","meta":{"footnotes":""},"categories":[16],"tags":[],"class_list":["post-201433","post","type-post","status-publish","format-standard","has-post-thumbnail","hentry","category-opinion"],"_links":{"self":[{"href":"https:\/\/www.elsinodaldetamaulipas.com.mx\/index.php?rest_route=\/wp\/v2\/posts\/201433","targetHints":{"allow":["GET"]}}],"collection":[{"href":"https:\/\/www.elsinodaldetamaulipas.com.mx\/index.php?rest_route=\/wp\/v2\/posts"}],"about":[{"href":"https:\/\/www.elsinodaldetamaulipas.com.mx\/index.php?rest_route=\/wp\/v2\/types\/post"}],"author":[{"embeddable":true,"href":"https:\/\/www.elsinodaldetamaulipas.com.mx\/index.php?rest_route=\/wp\/v2\/users\/1"}],"replies":[{"embeddable":true,"href":"https:\/\/www.elsinodaldetamaulipas.com.mx\/index.php?rest_route=%2Fwp%2Fv2%2Fcomments&post=201433"}],"version-history":[{"count":1,"href":"https:\/\/www.elsinodaldetamaulipas.com.mx\/index.php?rest_route=\/wp\/v2\/posts\/201433\/revisions"}],"predecessor-version":[{"id":201435,"href":"https:\/\/www.elsinodaldetamaulipas.com.mx\/index.php?rest_route=\/wp\/v2\/posts\/201433\/revisions\/201435"}],"wp:featuredmedia":[{"embeddable":true,"href":"https:\/\/www.elsinodaldetamaulipas.com.mx\/index.php?rest_route=\/wp\/v2\/media\/201434"}],"wp:attachment":[{"href":"https:\/\/www.elsinodaldetamaulipas.com.mx\/index.php?rest_route=%2Fwp%2Fv2%2Fmedia&parent=201433"}],"wp:term":[{"taxonomy":"category","embeddable":true,"href":"https:\/\/www.elsinodaldetamaulipas.com.mx\/index.php?rest_route=%2Fwp%2Fv2%2Fcategories&post=201433"},{"taxonomy":"post_tag","embeddable":true,"href":"https:\/\/www.elsinodaldetamaulipas.com.mx\/index.php?rest_route=%2Fwp%2Fv2%2Ftags&post=201433"}],"curies":[{"name":"wp","href":"https:\/\/api.w.org\/{rel}","templated":true}]}}