{"id":201456,"date":"2025-03-06T20:06:31","date_gmt":"2025-03-07T00:06:31","guid":{"rendered":"https:\/\/www.elsinodaldetamaulipas.com.mx\/?p=201456"},"modified":"2025-03-06T20:06:31","modified_gmt":"2025-03-07T00:06:31","slug":"tamaulipeco-yeray-becerra-sigue-brillando-en-el-atletismo-nacional-e-internacional","status":"publish","type":"post","link":"https:\/\/www.elsinodaldetamaulipas.com.mx\/?p=201456","title":{"rendered":"TAMAULIPECO YERAY BECERRA SIGUE BRILLANDO EN EL ATLETISMO NACIONAL E INTERNACIONAL"},"content":{"rendered":"<p>Ciudad Victoria, Tamaulipas.- Tamaulipas contin\u00faa destacando en el mundo del atletismo gracias a la sobresaliente actuaci\u00f3n del victorense Yeray Becerra, atleta Sub-18, quien el pasado fin de semana, tuvo una importante participaci\u00f3n en la categor\u00eda \u00e9lite de la Copa Monterrey.<br \/>\nEl director general del Instituto del Deporte, Manuel Viru\u00e9s Lozano, inform\u00f3 que Yeray Becerra cuenta con el respaldo del INDE que ha impulsado su desarrollo y proyecci\u00f3n, incluso en el \u00e1mbito internacional, ya que recientemente se dio a conocer que figura en el ranking de World Athletics.<br \/>\nActualmente ocupa el primer lugar en 300, 600 y 800 metros, el cuarto en 400 metros, dentro de la categor\u00eda Sub-16 y se encuentra dentro del top 10 mundial en la categor\u00eda Sub-18 en la distancia de 600 metros.<br \/>\nAdem\u00e1s, Becerra ostenta el r\u00e9cord nacional de los Juegos CONADE en la prueba de 600 metros, el cual rompi\u00f3 en 2024 con un tiempo de 1 minuto, 21 segundos y 86 cent\u00e9simas, consolid\u00e1ndose como una de las grandes promesas del atletismo juvenil en M\u00e9xico.<br \/>\nManuel Viru\u00e9s Lozano, destac\u00f3 la importancia de estos logros y el esfuerzo del joven atleta, asegurando que su desempe\u00f1o es una muestra del talento deportivo que hay en el estado y del compromiso con el desarrollo del alto rendimiento.<\/p>\n","protected":false},"excerpt":{"rendered":"<p>Ciudad Victoria, Tamaulipas.- Tamaulipas contin\u00faa destacando en el mundo del atletismo gracias a la sobresaliente actuaci\u00f3n del victorense Yeray Becerra, atleta Sub-18, quien el pasado fin de semana, tuvo una importante participaci\u00f3n en la categor\u00eda \u00e9lite de la Copa Monterrey. El director general del Instituto del Deporte, Manuel Viru\u00e9s Lozano, inform\u00f3 que Yeray Becerra cuenta [&hellip;]<\/p>\n","protected":false},"author":1,"featured_media":201461,"comment_status":"closed","ping_status":"closed","sticky":false,"template":"","format":"standard","meta":{"footnotes":""},"categories":[5],"tags":[],"class_list":["post-201456","post","type-post","status-publish","format-standard","has-post-thumbnail","hentry","category-deportes"],"_links":{"self":[{"href":"https:\/\/www.elsinodaldetamaulipas.com.mx\/index.php?rest_route=\/wp\/v2\/posts\/201456","targetHints":{"allow":["GET"]}}],"collection":[{"href":"https:\/\/www.elsinodaldetamaulipas.com.mx\/index.php?rest_route=\/wp\/v2\/posts"}],"about":[{"href":"https:\/\/www.elsinodaldetamaulipas.com.mx\/index.php?rest_route=\/wp\/v2\/types\/post"}],"author":[{"embeddable":true,"href":"https:\/\/www.elsinodaldetamaulipas.com.mx\/index.php?rest_route=\/wp\/v2\/users\/1"}],"replies":[{"embeddable":true,"href":"https:\/\/www.elsinodaldetamaulipas.com.mx\/index.php?rest_route=%2Fwp%2Fv2%2Fcomments&post=201456"}],"version-history":[{"count":1,"href":"https:\/\/www.elsinodaldetamaulipas.com.mx\/index.php?rest_route=\/wp\/v2\/posts\/201456\/revisions"}],"predecessor-version":[{"id":201465,"href":"https:\/\/www.elsinodaldetamaulipas.com.mx\/index.php?rest_route=\/wp\/v2\/posts\/201456\/revisions\/201465"}],"wp:featuredmedia":[{"embeddable":true,"href":"https:\/\/www.elsinodaldetamaulipas.com.mx\/index.php?rest_route=\/wp\/v2\/media\/201461"}],"wp:attachment":[{"href":"https:\/\/www.elsinodaldetamaulipas.com.mx\/index.php?rest_route=%2Fwp%2Fv2%2Fmedia&parent=201456"}],"wp:term":[{"taxonomy":"category","embeddable":true,"href":"https:\/\/www.elsinodaldetamaulipas.com.mx\/index.php?rest_route=%2Fwp%2Fv2%2Fcategories&post=201456"},{"taxonomy":"post_tag","embeddable":true,"href":"https:\/\/www.elsinodaldetamaulipas.com.mx\/index.php?rest_route=%2Fwp%2Fv2%2Ftags&post=201456"}],"curies":[{"name":"wp","href":"https:\/\/api.w.org\/{rel}","templated":true}]}}