{"id":201466,"date":"2025-03-06T22:02:23","date_gmt":"2025-03-07T02:02:23","guid":{"rendered":"https:\/\/www.elsinodaldetamaulipas.com.mx\/?p=201466"},"modified":"2025-03-06T22:02:23","modified_gmt":"2025-03-07T02:02:23","slug":"secretaria-de-economia-y-asociaciones-de-laredo-fortalecen-trabajo-conjunto","status":"publish","type":"post","link":"https:\/\/www.elsinodaldetamaulipas.com.mx\/?p=201466","title":{"rendered":"SECRETARIA DE ECONOMIA Y ASOCIACIONES DE LAREDO FORTALECEN TRABAJO CONJUNTO"},"content":{"rendered":"<p>Nuevo Laredo, Tamaulipas.- Como parte de las acciones en marcha para fortalecer la actividad econ\u00f3mica de Tamaulipas ante la coyuntura comercial en Norteam\u00e9rica, la secretaria de Econom\u00eda, Ninfa Cant\u00fa De\u00e1ndar y asociaciones empresariales de Nuevo Laredo acordaron fortalecer el trabajo conjunto.<br \/>\nLa titular de la dependencia estatal llev\u00f3 a cabo reuniones de trabajo con empresarios neolaredenses integrantes de la Asociaci\u00f3n de Agentes Aduanales encabezada por su presidente Jos\u00e9 Ignacio Zaragoza; la Asociaci\u00f3n de Maquiladoras de Exportaci\u00f3n que encabeza Enrique Mor\u00e1n y Coparmex, presidida por Erika Talam\u00e1s.<br \/>\nCant\u00fa De\u00e1ndar dijo que el di\u00e1logo y la coordinaci\u00f3n con las asociaciones empresariales forma parte de la estrategia para proteger la competitividad de los sectores estrat\u00e9gicos y fortalecer las actividades productivas de la industria establecida.<br \/>\n\u00abEl gobernador Am\u00e9rico Villarreal nos instruy\u00f3 a mantener el di\u00e1logo con los sectores productivos de Tamaulipas ante la situaci\u00f3n comercial entre M\u00e9xico, Estados Unidos y Canad\u00e1 y es por ello que estamos hoy en Nuevo Laredo y despu\u00e9s nos reuniremos con las asociaciones empresariales del resto del estado. La coyuntura nos exige mantener la unidad y la coordinaci\u00f3n para proteger el desarrollo econ\u00f3mico y el bienestar\u00bb.<br \/>\nDurante los encuentros, Cant\u00fa De\u00e1ndar escuch\u00f3 planteamientos y requerimientos de las y los empresarios de diferentes sectores y junto con su equipo de trabajo puso a disposici\u00f3n, los diferentes instrumentos del gobierno de Tamaulipas para impulsar el desarrollo de las MiPYMEs como los programas \u00abHecho en Tamaulipas\u00bb Cr\u00e9ditos del Fondo Tamaulipas, \u00abTamaulipas Exporta\u00bb y \u00abTamaulipas, tu mejor inversi\u00f3n\u00bb.<br \/>\nLa secretaria de Econom\u00eda reconoci\u00f3 la voluntad y disposici\u00f3n de las y los presidentes de las asociaciones del sector privado en Nuevo Laredo para sumar esfuerzos, hacer equipo por Tamaulipas, y seguir impulsando la actividad industrial, la promoci\u00f3n de inversiones y el fortalecimiento de la econom\u00eda regional.<\/p>\n","protected":false},"excerpt":{"rendered":"<p>Nuevo Laredo, Tamaulipas.- Como parte de las acciones en marcha para fortalecer la actividad econ\u00f3mica de Tamaulipas ante la coyuntura comercial en Norteam\u00e9rica, la secretaria de Econom\u00eda, Ninfa Cant\u00fa De\u00e1ndar y asociaciones empresariales de Nuevo Laredo acordaron fortalecer el trabajo conjunto. La titular de la dependencia estatal llev\u00f3 a cabo reuniones de trabajo con empresarios [&hellip;]<\/p>\n","protected":false},"author":1,"featured_media":201467,"comment_status":"closed","ping_status":"closed","sticky":false,"template":"","format":"standard","meta":{"footnotes":""},"categories":[3],"tags":[],"class_list":["post-201466","post","type-post","status-publish","format-standard","has-post-thumbnail","hentry","category-tamaulipas"],"_links":{"self":[{"href":"https:\/\/www.elsinodaldetamaulipas.com.mx\/index.php?rest_route=\/wp\/v2\/posts\/201466","targetHints":{"allow":["GET"]}}],"collection":[{"href":"https:\/\/www.elsinodaldetamaulipas.com.mx\/index.php?rest_route=\/wp\/v2\/posts"}],"about":[{"href":"https:\/\/www.elsinodaldetamaulipas.com.mx\/index.php?rest_route=\/wp\/v2\/types\/post"}],"author":[{"embeddable":true,"href":"https:\/\/www.elsinodaldetamaulipas.com.mx\/index.php?rest_route=\/wp\/v2\/users\/1"}],"replies":[{"embeddable":true,"href":"https:\/\/www.elsinodaldetamaulipas.com.mx\/index.php?rest_route=%2Fwp%2Fv2%2Fcomments&post=201466"}],"version-history":[{"count":1,"href":"https:\/\/www.elsinodaldetamaulipas.com.mx\/index.php?rest_route=\/wp\/v2\/posts\/201466\/revisions"}],"predecessor-version":[{"id":201477,"href":"https:\/\/www.elsinodaldetamaulipas.com.mx\/index.php?rest_route=\/wp\/v2\/posts\/201466\/revisions\/201477"}],"wp:featuredmedia":[{"embeddable":true,"href":"https:\/\/www.elsinodaldetamaulipas.com.mx\/index.php?rest_route=\/wp\/v2\/media\/201467"}],"wp:attachment":[{"href":"https:\/\/www.elsinodaldetamaulipas.com.mx\/index.php?rest_route=%2Fwp%2Fv2%2Fmedia&parent=201466"}],"wp:term":[{"taxonomy":"category","embeddable":true,"href":"https:\/\/www.elsinodaldetamaulipas.com.mx\/index.php?rest_route=%2Fwp%2Fv2%2Fcategories&post=201466"},{"taxonomy":"post_tag","embeddable":true,"href":"https:\/\/www.elsinodaldetamaulipas.com.mx\/index.php?rest_route=%2Fwp%2Fv2%2Ftags&post=201466"}],"curies":[{"name":"wp","href":"https:\/\/api.w.org\/{rel}","templated":true}]}}