{"id":201722,"date":"2025-03-11T22:08:43","date_gmt":"2025-03-12T02:08:43","guid":{"rendered":"https:\/\/www.elsinodaldetamaulipas.com.mx\/?p=201722"},"modified":"2025-03-11T22:08:43","modified_gmt":"2025-03-12T02:08:43","slug":"conferencia-sobre-solucion-alternativa-de-conflictos","status":"publish","type":"post","link":"https:\/\/www.elsinodaldetamaulipas.com.mx\/?p=201722","title":{"rendered":"CONFERENCIA SOBRE SOLUCION ALTERNATIVA DE CONFLICTOS"},"content":{"rendered":"<p>EL SINODAL DE TAMAULIPAS<br \/>\nCiudad Victoria, Tamaulipas.- La Fiscal\u00eda General de Justicia del Estado de Tamaulipas informa que, personal de la Direcci\u00f3n General de Atenci\u00f3n Temprana y Mecanismos Alternativos, imparti\u00f3 la conferencia \u00abDifusi\u00f3n de los Mecanismos Alternativos de Soluci\u00f3n de Controversias\u00bb en la Facultad de Derecho y Ciencias Sociales, Campus Victoria, de la Universidad Aut\u00f3noma de Tamaulipas.<br \/>\nLo anterior, como resultado de la invitaci\u00f3n de la M\u00e1xima Casa de Estudios del estado para participar en las actividades que realiza, con la finalidad de lograr un espacio de aprendizaje y reflexi\u00f3n sobre la importancia del dialogo y la mediaci\u00f3n en el \u00e1mbito jur\u00eddico y promover el acceso a la justicia a trav\u00e9s de los MASC.<br \/>\nCon este tipo de actividades, la Fiscal\u00eda General de Justicia del Estado de Tamaulipas refrenda su compromiso de coadyuvar con las instituciones del nivel superior para impulsar los conocimientos de sus estudiantes y preparar j\u00f3venes profesionistas capacitados para ejercer en el \u00e1mbito de la procuraci\u00f3n de justicia.<\/p>\n<p><img loading=\"lazy\" decoding=\"async\" class=\"aligncenter size-medium wp-image-201723\" src=\"https:\/\/www.elsinodaldetamaulipas.com.mx\/wp-content\/uploads\/2025\/03\/IMG-20250311-WA0248-225x300.jpg\" alt=\"\" width=\"225\" height=\"300\" srcset=\"https:\/\/www.elsinodaldetamaulipas.com.mx\/wp-content\/uploads\/2025\/03\/IMG-20250311-WA0248-225x300.jpg 225w, https:\/\/www.elsinodaldetamaulipas.com.mx\/wp-content\/uploads\/2025\/03\/IMG-20250311-WA0248-768x1024.jpg 768w, https:\/\/www.elsinodaldetamaulipas.com.mx\/wp-content\/uploads\/2025\/03\/IMG-20250311-WA0248-1152x1536.jpg 1152w, https:\/\/www.elsinodaldetamaulipas.com.mx\/wp-content\/uploads\/2025\/03\/IMG-20250311-WA0248.jpg 1200w\" sizes=\"auto, (max-width: 225px) 100vw, 225px\" \/><\/p>\n","protected":false},"excerpt":{"rendered":"<p>EL SINODAL DE TAMAULIPAS Ciudad Victoria, Tamaulipas.- La Fiscal\u00eda General de Justicia del Estado de Tamaulipas informa que, personal de la Direcci\u00f3n General de Atenci\u00f3n Temprana y Mecanismos Alternativos, imparti\u00f3 la conferencia \u00abDifusi\u00f3n de los Mecanismos Alternativos de Soluci\u00f3n de Controversias\u00bb en la Facultad de Derecho y Ciencias Sociales, Campus Victoria, de la Universidad Aut\u00f3noma [&hellip;]<\/p>\n","protected":false},"author":1,"featured_media":201724,"comment_status":"closed","ping_status":"closed","sticky":false,"template":"","format":"standard","meta":{"footnotes":""},"categories":[25],"tags":[],"class_list":["post-201722","post","type-post","status-publish","format-standard","has-post-thumbnail","hentry","category-leyyorden"],"_links":{"self":[{"href":"https:\/\/www.elsinodaldetamaulipas.com.mx\/index.php?rest_route=\/wp\/v2\/posts\/201722","targetHints":{"allow":["GET"]}}],"collection":[{"href":"https:\/\/www.elsinodaldetamaulipas.com.mx\/index.php?rest_route=\/wp\/v2\/posts"}],"about":[{"href":"https:\/\/www.elsinodaldetamaulipas.com.mx\/index.php?rest_route=\/wp\/v2\/types\/post"}],"author":[{"embeddable":true,"href":"https:\/\/www.elsinodaldetamaulipas.com.mx\/index.php?rest_route=\/wp\/v2\/users\/1"}],"replies":[{"embeddable":true,"href":"https:\/\/www.elsinodaldetamaulipas.com.mx\/index.php?rest_route=%2Fwp%2Fv2%2Fcomments&post=201722"}],"version-history":[{"count":1,"href":"https:\/\/www.elsinodaldetamaulipas.com.mx\/index.php?rest_route=\/wp\/v2\/posts\/201722\/revisions"}],"predecessor-version":[{"id":201725,"href":"https:\/\/www.elsinodaldetamaulipas.com.mx\/index.php?rest_route=\/wp\/v2\/posts\/201722\/revisions\/201725"}],"wp:featuredmedia":[{"embeddable":true,"href":"https:\/\/www.elsinodaldetamaulipas.com.mx\/index.php?rest_route=\/wp\/v2\/media\/201724"}],"wp:attachment":[{"href":"https:\/\/www.elsinodaldetamaulipas.com.mx\/index.php?rest_route=%2Fwp%2Fv2%2Fmedia&parent=201722"}],"wp:term":[{"taxonomy":"category","embeddable":true,"href":"https:\/\/www.elsinodaldetamaulipas.com.mx\/index.php?rest_route=%2Fwp%2Fv2%2Fcategories&post=201722"},{"taxonomy":"post_tag","embeddable":true,"href":"https:\/\/www.elsinodaldetamaulipas.com.mx\/index.php?rest_route=%2Fwp%2Fv2%2Ftags&post=201722"}],"curies":[{"name":"wp","href":"https:\/\/api.w.org\/{rel}","templated":true}]}}