{"id":201867,"date":"2025-03-13T22:03:52","date_gmt":"2025-03-14T02:03:52","guid":{"rendered":"https:\/\/www.elsinodaldetamaulipas.com.mx\/?p=201867"},"modified":"2025-03-13T22:03:52","modified_gmt":"2025-03-14T02:03:52","slug":"mas-de-35-anos-de-carcel-dictan-a-degenerado","status":"publish","type":"post","link":"https:\/\/www.elsinodaldetamaulipas.com.mx\/?p=201867","title":{"rendered":"MAS DE 35 A\u00d1OS DE C\u00c1RCEL DICTAN A DEGENERADO"},"content":{"rendered":"<p>EL SINODAL DE TAMAULIPAS<br \/>\nMatamoros, Tamaulipas.- El Representante Social de la Fiscal\u00eda General de Justicia del Estado de Tamaulipas obtuvo sentencia de 35 a\u00f1os y siete meses de prisi\u00f3n en contra de Antonio \u201cS\u201d por el delito de Violaci\u00f3n Agravada.<br \/>\nDerivado de la solidez de los elementos de prueba presentados por el Agente del Ministerio P\u00fablico ante la autoridad judicial, el imputado y su defensa aceptaron un Procedimiento Abreviado por su responsabilidad en el citado delito registrado el 25 de febrero del 2024 en el Fraccionamiento Hacienda los Portales de esta ciudad.<br \/>\nEl Juzgador tambi\u00e9n estableci\u00f3 que Antonio \u201cS\u201d deber\u00e1 pagar por concepto de Reparaci\u00f3n del da\u00f1o, la cantidad de 19 mil 200 pesos, y tendr\u00e1 suspendidos sus derechos civiles y pol\u00edticos durante su internamiento.<br \/>\nLa Fiscal\u00eda General de Justicia del Estado de Tamaulipas, refrenda su compromiso de perseguir y castigar a todos aquellos que atenten contra la libertad sexual y correcto desarrollo psicosexual de las y los adolescentes.<\/p>\n","protected":false},"excerpt":{"rendered":"<p>EL SINODAL DE TAMAULIPAS Matamoros, Tamaulipas.- El Representante Social de la Fiscal\u00eda General de Justicia del Estado de Tamaulipas obtuvo sentencia de 35 a\u00f1os y siete meses de prisi\u00f3n en contra de Antonio \u201cS\u201d por el delito de Violaci\u00f3n Agravada. Derivado de la solidez de los elementos de prueba presentados por el Agente del Ministerio [&hellip;]<\/p>\n","protected":false},"author":1,"featured_media":201868,"comment_status":"closed","ping_status":"closed","sticky":false,"template":"","format":"standard","meta":{"footnotes":""},"categories":[25],"tags":[],"class_list":["post-201867","post","type-post","status-publish","format-standard","has-post-thumbnail","hentry","category-leyyorden"],"_links":{"self":[{"href":"https:\/\/www.elsinodaldetamaulipas.com.mx\/index.php?rest_route=\/wp\/v2\/posts\/201867","targetHints":{"allow":["GET"]}}],"collection":[{"href":"https:\/\/www.elsinodaldetamaulipas.com.mx\/index.php?rest_route=\/wp\/v2\/posts"}],"about":[{"href":"https:\/\/www.elsinodaldetamaulipas.com.mx\/index.php?rest_route=\/wp\/v2\/types\/post"}],"author":[{"embeddable":true,"href":"https:\/\/www.elsinodaldetamaulipas.com.mx\/index.php?rest_route=\/wp\/v2\/users\/1"}],"replies":[{"embeddable":true,"href":"https:\/\/www.elsinodaldetamaulipas.com.mx\/index.php?rest_route=%2Fwp%2Fv2%2Fcomments&post=201867"}],"version-history":[{"count":1,"href":"https:\/\/www.elsinodaldetamaulipas.com.mx\/index.php?rest_route=\/wp\/v2\/posts\/201867\/revisions"}],"predecessor-version":[{"id":201869,"href":"https:\/\/www.elsinodaldetamaulipas.com.mx\/index.php?rest_route=\/wp\/v2\/posts\/201867\/revisions\/201869"}],"wp:featuredmedia":[{"embeddable":true,"href":"https:\/\/www.elsinodaldetamaulipas.com.mx\/index.php?rest_route=\/wp\/v2\/media\/201868"}],"wp:attachment":[{"href":"https:\/\/www.elsinodaldetamaulipas.com.mx\/index.php?rest_route=%2Fwp%2Fv2%2Fmedia&parent=201867"}],"wp:term":[{"taxonomy":"category","embeddable":true,"href":"https:\/\/www.elsinodaldetamaulipas.com.mx\/index.php?rest_route=%2Fwp%2Fv2%2Fcategories&post=201867"},{"taxonomy":"post_tag","embeddable":true,"href":"https:\/\/www.elsinodaldetamaulipas.com.mx\/index.php?rest_route=%2Fwp%2Fv2%2Ftags&post=201867"}],"curies":[{"name":"wp","href":"https:\/\/api.w.org\/{rel}","templated":true}]}}