{"id":202498,"date":"2025-03-25T21:15:37","date_gmt":"2025-03-26T01:15:37","guid":{"rendered":"https:\/\/www.elsinodaldetamaulipas.com.mx\/?p=202498"},"modified":"2025-03-25T21:15:37","modified_gmt":"2025-03-26T01:15:37","slug":"reconocen-a-ministerios-publicos-mas-productivos","status":"publish","type":"post","link":"https:\/\/www.elsinodaldetamaulipas.com.mx\/?p=202498","title":{"rendered":"RECONOCEN A MINISTERIOS P\u00daBLICOS MAS PRODUCTIVOS"},"content":{"rendered":"<p>EL SINODAL DE TAMAULIPAS<br \/>\nCiudad Victoria, Tamaulipas.- La Fiscal\u00eda General de Justicia del Estado de Tamaulipas informa que, se llev\u00f3 a cabo la entrega de reconocimientos a los Agentes del Ministerio P\u00fablico que destacaron en el \u00faltimo trimestre en virtud de su desempe\u00f1o y productividad.<br \/>\nDurante la ceremonia, el Fiscal General de Justicia, Doctor Irving Barrios Mojica destac\u00f3 la importancia del trabajo realizado por los Agentes del Ministerio P\u00fablico en la investigaci\u00f3n y procuraci\u00f3n de justicia, resaltando que la productividad no solo se mide en n\u00fameros, sino en la calidad del trabajo y el impacto positivo en la sociedad. En este sentido, se enfatiz\u00f3 que el esfuerzo, compromiso y dedicaci\u00f3n de los agentes han permitido que muchas personas encuentren la justicia que demandan.<br \/>\nAsimismo, se record\u00f3 que en la pasada celebraci\u00f3n del D\u00eda del Ministerio P\u00fablico se estableci\u00f3 el compromiso de desarrollar un Manual para la Evaluaci\u00f3n del Desempe\u00f1o, con el objetivo de medir la productividad y reconocer a quienes cumplen con los m\u00e1s altos est\u00e1ndares mediante incentivos econ\u00f3micos, esfuerzo y compromiso.<br \/>\nEl Fiscal General subray\u00f3 que la labor de los Agentes del Ministerio P\u00fablico es fundamental en el sistema penal, al ser garantes del respeto a los derechos humanos y la legalidad en los procesos penales, civiles y familiares. Su trabajo contribuye a la materializaci\u00f3n de la Misi\u00f3n, Visi\u00f3n y Valores institucionales, asegurando que las v\u00edctimas obtengan justicia mediante principios de legalidad y \u00e9tica profesional.<br \/>\nLa Fiscal\u00eda General de Justicia del Estado de Tamaulipas reafirma su compromiso de continuar fortaleciendo el desempe\u00f1o y profesionalismo de sus integrantes, reconociendo el esfuerzo de quienes d\u00eda a d\u00eda trabajan por la procuraci\u00f3n de justicia con vocaci\u00f3n de servicio y apego a los valores institucionales.<\/p>\n<p><img loading=\"lazy\" decoding=\"async\" class=\"aligncenter wp-image-202500 size-large\" src=\"https:\/\/www.elsinodaldetamaulipas.com.mx\/wp-content\/uploads\/2025\/03\/IMG-20250325-WA0162-1024x682.jpg\" alt=\"\" width=\"640\" height=\"426\" \/><\/p>\n","protected":false},"excerpt":{"rendered":"<p>EL SINODAL DE TAMAULIPAS Ciudad Victoria, Tamaulipas.- La Fiscal\u00eda General de Justicia del Estado de Tamaulipas informa que, se llev\u00f3 a cabo la entrega de reconocimientos a los Agentes del Ministerio P\u00fablico que destacaron en el \u00faltimo trimestre en virtud de su desempe\u00f1o y productividad. Durante la ceremonia, el Fiscal General de Justicia, Doctor Irving [&hellip;]<\/p>\n","protected":false},"author":1,"featured_media":202499,"comment_status":"closed","ping_status":"closed","sticky":false,"template":"","format":"standard","meta":{"footnotes":""},"categories":[25],"tags":[],"class_list":["post-202498","post","type-post","status-publish","format-standard","has-post-thumbnail","hentry","category-leyyorden"],"_links":{"self":[{"href":"https:\/\/www.elsinodaldetamaulipas.com.mx\/index.php?rest_route=\/wp\/v2\/posts\/202498","targetHints":{"allow":["GET"]}}],"collection":[{"href":"https:\/\/www.elsinodaldetamaulipas.com.mx\/index.php?rest_route=\/wp\/v2\/posts"}],"about":[{"href":"https:\/\/www.elsinodaldetamaulipas.com.mx\/index.php?rest_route=\/wp\/v2\/types\/post"}],"author":[{"embeddable":true,"href":"https:\/\/www.elsinodaldetamaulipas.com.mx\/index.php?rest_route=\/wp\/v2\/users\/1"}],"replies":[{"embeddable":true,"href":"https:\/\/www.elsinodaldetamaulipas.com.mx\/index.php?rest_route=%2Fwp%2Fv2%2Fcomments&post=202498"}],"version-history":[{"count":1,"href":"https:\/\/www.elsinodaldetamaulipas.com.mx\/index.php?rest_route=\/wp\/v2\/posts\/202498\/revisions"}],"predecessor-version":[{"id":202504,"href":"https:\/\/www.elsinodaldetamaulipas.com.mx\/index.php?rest_route=\/wp\/v2\/posts\/202498\/revisions\/202504"}],"wp:featuredmedia":[{"embeddable":true,"href":"https:\/\/www.elsinodaldetamaulipas.com.mx\/index.php?rest_route=\/wp\/v2\/media\/202499"}],"wp:attachment":[{"href":"https:\/\/www.elsinodaldetamaulipas.com.mx\/index.php?rest_route=%2Fwp%2Fv2%2Fmedia&parent=202498"}],"wp:term":[{"taxonomy":"category","embeddable":true,"href":"https:\/\/www.elsinodaldetamaulipas.com.mx\/index.php?rest_route=%2Fwp%2Fv2%2Fcategories&post=202498"},{"taxonomy":"post_tag","embeddable":true,"href":"https:\/\/www.elsinodaldetamaulipas.com.mx\/index.php?rest_route=%2Fwp%2Fv2%2Ftags&post=202498"}],"curies":[{"name":"wp","href":"https:\/\/api.w.org\/{rel}","templated":true}]}}