{"id":202646,"date":"2025-03-27T15:15:34","date_gmt":"2025-03-27T19:15:34","guid":{"rendered":"https:\/\/www.elsinodaldetamaulipas.com.mx\/?p=202646"},"modified":"2025-03-27T15:15:34","modified_gmt":"2025-03-27T19:15:34","slug":"derbez-comparte-fotografias-de-encuentro-con-shakira","status":"publish","type":"post","link":"https:\/\/www.elsinodaldetamaulipas.com.mx\/?p=202646","title":{"rendered":"DERBEZ COMPARTE FOTOGRAFIAS DE ENCUENTRO CON SHAKIRA"},"content":{"rendered":"<p class=\"\" data-start=\"168\" data-end=\"525\">El comediante mexicano Eugenio Derbez comparti\u00f3 fotograf\u00edas de su encuentro con la cantante Shakira.<\/p>\n<p class=\"\" data-start=\"168\" data-end=\"525\">La famosa no solo hizo vibrar a sus fans con su gira \u201c<em data-start=\"223\" data-end=\"249\">Las mujeres ya no lloran\u201d<\/em>\u00a0en M\u00e9xico, tambi\u00e9n ha sido el centro de atenci\u00f3n en redes sociales por los rostros famosos que la han acompa\u00f1ado.<\/p>\n<p class=\"\" data-start=\"168\" data-end=\"525\">Uno de esos momentos se dio cuando Eugenio Derbez, su esposa Alessandra Rosaldo y su hija Aitana compartieron una visita muy especial con la cantante colombiana.<\/p>\n<p class=\"\" data-start=\"527\" data-end=\"895\">Fue el propio Eugenio quien public\u00f3 en redes sociales algunas im\u00e1genes del encuentro, mostrando lo felices que estuvieron al conocer a una de las artistas m\u00e1s influyentes del pop latino.<\/p>\n<p class=\"\" data-start=\"527\" data-end=\"895\">En las fotos se les ve sonrientes junto a la int\u00e9rprete de \u201c<em data-start=\"773\" data-end=\"789\">Pies descalzos\u201d<\/em>, y como era de esperarse, muchos seguidores comenzaron a preguntarse cu\u00e1nto cost\u00f3 ese acceso tan cercano.<\/p>\n","protected":false},"excerpt":{"rendered":"<p>El comediante mexicano Eugenio Derbez comparti\u00f3 fotograf\u00edas de su encuentro con la cantante Shakira. La famosa no solo hizo vibrar a sus fans con su gira \u201cLas mujeres ya no lloran\u201d\u00a0en M\u00e9xico, tambi\u00e9n ha sido el centro de atenci\u00f3n en redes sociales por los rostros famosos que la han acompa\u00f1ado. Uno de esos momentos se [&hellip;]<\/p>\n","protected":false},"author":1,"featured_media":202647,"comment_status":"closed","ping_status":"closed","sticky":false,"template":"","format":"standard","meta":{"footnotes":""},"categories":[15],"tags":[],"class_list":["post-202646","post","type-post","status-publish","format-standard","has-post-thumbnail","hentry","category-espectaculos"],"_links":{"self":[{"href":"https:\/\/www.elsinodaldetamaulipas.com.mx\/index.php?rest_route=\/wp\/v2\/posts\/202646","targetHints":{"allow":["GET"]}}],"collection":[{"href":"https:\/\/www.elsinodaldetamaulipas.com.mx\/index.php?rest_route=\/wp\/v2\/posts"}],"about":[{"href":"https:\/\/www.elsinodaldetamaulipas.com.mx\/index.php?rest_route=\/wp\/v2\/types\/post"}],"author":[{"embeddable":true,"href":"https:\/\/www.elsinodaldetamaulipas.com.mx\/index.php?rest_route=\/wp\/v2\/users\/1"}],"replies":[{"embeddable":true,"href":"https:\/\/www.elsinodaldetamaulipas.com.mx\/index.php?rest_route=%2Fwp%2Fv2%2Fcomments&post=202646"}],"version-history":[{"count":1,"href":"https:\/\/www.elsinodaldetamaulipas.com.mx\/index.php?rest_route=\/wp\/v2\/posts\/202646\/revisions"}],"predecessor-version":[{"id":202648,"href":"https:\/\/www.elsinodaldetamaulipas.com.mx\/index.php?rest_route=\/wp\/v2\/posts\/202646\/revisions\/202648"}],"wp:featuredmedia":[{"embeddable":true,"href":"https:\/\/www.elsinodaldetamaulipas.com.mx\/index.php?rest_route=\/wp\/v2\/media\/202647"}],"wp:attachment":[{"href":"https:\/\/www.elsinodaldetamaulipas.com.mx\/index.php?rest_route=%2Fwp%2Fv2%2Fmedia&parent=202646"}],"wp:term":[{"taxonomy":"category","embeddable":true,"href":"https:\/\/www.elsinodaldetamaulipas.com.mx\/index.php?rest_route=%2Fwp%2Fv2%2Fcategories&post=202646"},{"taxonomy":"post_tag","embeddable":true,"href":"https:\/\/www.elsinodaldetamaulipas.com.mx\/index.php?rest_route=%2Fwp%2Fv2%2Ftags&post=202646"}],"curies":[{"name":"wp","href":"https:\/\/api.w.org\/{rel}","templated":true}]}}