{"id":202657,"date":"2025-03-27T15:21:59","date_gmt":"2025-03-27T19:21:59","guid":{"rendered":"https:\/\/www.elsinodaldetamaulipas.com.mx\/?p=202657"},"modified":"2025-03-27T15:21:59","modified_gmt":"2025-03-27T19:21:59","slug":"mujeres-y-menores-en-cedes-matamoros-reciben-clase-de-educacion-inicial","status":"publish","type":"post","link":"https:\/\/www.elsinodaldetamaulipas.com.mx\/?p=202657","title":{"rendered":"MUJERES Y MENORES EN CEDES MATAMOROS RECIBEN CLASE DE EDUCACION INICIAL"},"content":{"rendered":"<p>Matamoros, Tamaulipas.- Con la finalidad de fortalecer la relaci\u00f3n materno-infantil y contribuir al desarrollo \u00f3ptimo de las y los ni\u00f1os que habitan con sus madres al interior del Centro de Ejecuci\u00f3n de Sanciones (CEDES) en el municipio de Matamoros se llev\u00f3 a cabo una clase de educaci\u00f3n inicial.<br \/>\nLa actividad fue guiada por Blanca Estela Vel\u00e1zquez Morales y estuvo dirigida a mujeres privadas de la libertad que ejercen su maternidad dentro del CEDES.<br \/>\nLa Secretar\u00eda de Seguridad P\u00fablica de Tamaulipas (SSPT) a trav\u00e9s de la Subsecretar\u00eda de Ejecuci\u00f3n de Sanciones y Reinserci\u00f3n Social reafirma su compromiso con la dignificaci\u00f3n de las mujeres en proceso de reinserci\u00f3n social, brind\u00e1ndoles herramientas que les permitan mejorar su calidad de vida y la de sus familias.<br \/>\nAsimismo, en los cuatro CEDES de la entidad que cuentan con poblaci\u00f3n femenil se llevan a cabo diferentes acciones educativas, laborales y sanitarias con la finalidad de priorizar su bienestar integral y salvaguardar sus Derechos Humanos.<\/p>\n","protected":false},"excerpt":{"rendered":"<p>Matamoros, Tamaulipas.- Con la finalidad de fortalecer la relaci\u00f3n materno-infantil y contribuir al desarrollo \u00f3ptimo de las y los ni\u00f1os que habitan con sus madres al interior del Centro de Ejecuci\u00f3n de Sanciones (CEDES) en el municipio de Matamoros se llev\u00f3 a cabo una clase de educaci\u00f3n inicial. La actividad fue guiada por Blanca Estela [&hellip;]<\/p>\n","protected":false},"author":1,"featured_media":202658,"comment_status":"closed","ping_status":"closed","sticky":false,"template":"","format":"standard","meta":{"footnotes":""},"categories":[25],"tags":[],"class_list":["post-202657","post","type-post","status-publish","format-standard","has-post-thumbnail","hentry","category-leyyorden"],"_links":{"self":[{"href":"https:\/\/www.elsinodaldetamaulipas.com.mx\/index.php?rest_route=\/wp\/v2\/posts\/202657","targetHints":{"allow":["GET"]}}],"collection":[{"href":"https:\/\/www.elsinodaldetamaulipas.com.mx\/index.php?rest_route=\/wp\/v2\/posts"}],"about":[{"href":"https:\/\/www.elsinodaldetamaulipas.com.mx\/index.php?rest_route=\/wp\/v2\/types\/post"}],"author":[{"embeddable":true,"href":"https:\/\/www.elsinodaldetamaulipas.com.mx\/index.php?rest_route=\/wp\/v2\/users\/1"}],"replies":[{"embeddable":true,"href":"https:\/\/www.elsinodaldetamaulipas.com.mx\/index.php?rest_route=%2Fwp%2Fv2%2Fcomments&post=202657"}],"version-history":[{"count":1,"href":"https:\/\/www.elsinodaldetamaulipas.com.mx\/index.php?rest_route=\/wp\/v2\/posts\/202657\/revisions"}],"predecessor-version":[{"id":202659,"href":"https:\/\/www.elsinodaldetamaulipas.com.mx\/index.php?rest_route=\/wp\/v2\/posts\/202657\/revisions\/202659"}],"wp:featuredmedia":[{"embeddable":true,"href":"https:\/\/www.elsinodaldetamaulipas.com.mx\/index.php?rest_route=\/wp\/v2\/media\/202658"}],"wp:attachment":[{"href":"https:\/\/www.elsinodaldetamaulipas.com.mx\/index.php?rest_route=%2Fwp%2Fv2%2Fmedia&parent=202657"}],"wp:term":[{"taxonomy":"category","embeddable":true,"href":"https:\/\/www.elsinodaldetamaulipas.com.mx\/index.php?rest_route=%2Fwp%2Fv2%2Fcategories&post=202657"},{"taxonomy":"post_tag","embeddable":true,"href":"https:\/\/www.elsinodaldetamaulipas.com.mx\/index.php?rest_route=%2Fwp%2Fv2%2Ftags&post=202657"}],"curies":[{"name":"wp","href":"https:\/\/api.w.org\/{rel}","templated":true}]}}