{"id":203317,"date":"2025-04-08T22:15:31","date_gmt":"2025-04-09T02:15:31","guid":{"rendered":"https:\/\/www.elsinodaldetamaulipas.com.mx\/?p=203317"},"modified":"2025-04-08T22:15:31","modified_gmt":"2025-04-09T02:15:31","slug":"c-r-o-n-i-c-a-s-p-o-l-i-t-i-c-a-s-83","status":"publish","type":"post","link":"https:\/\/www.elsinodaldetamaulipas.com.mx\/?p=203317","title":{"rendered":"C R O N I C A S.\u00a0 P O L I T I C A S"},"content":{"rendered":"<p>Por Alberto Guerra Salazar<br \/>\n\u00abTAMAULIPAS ESTRENA TITULAR DE EDUCACI\u00d3N\u00bb<br \/>\nCIUDAD VICTORIA, (ASI).\u2014 Estrena titular la Secretar\u00eda estatal de Educaci\u00f3n en la persona de Miguel Angel Valdez Garc\u00eda, que ascendi\u00f3 desde la Sub-secretar\u00eda de Planeaci\u00f3n, lo que supone un proceso terso, ordenado y no presagia turbulencias.<\/p>\n<p>Luc\u00eda Aim\u00e9 Castillo Pastor hizo una gesti\u00f3n ordinaria, tradicional, institucional, de tal manera que no hay sobresaltos ni visos de sorpresas. El dirigente sindical Arnulfo Rodr\u00edguez Trevi\u00f1o ni pesta\u00f1e\u00f3 aunque es inocultable que espera tiempos mejores.<\/p>\n<p>Educaci\u00f3n es la dependencia m\u00e1s compleja del gobierno estatal, tanto por el alto n\u00famero de sus integrantes, el gasto quincenal en salarios como por la carga pol\u00edtica que implica el trato con el sindicato.<\/p>\n<p>Cada Gobernador maneja con pinzas las relaciones con el sindicato, manteniendo una comunicaci\u00f3n constante con el mando nacional, para impedir que se le suban a las barbas, por decirlo de alg\u00fan modo.<\/p>\n<p>Cada mes de mayo se produce la revisi\u00f3n contractual con negociaciones simult\u00e1neas en Tamaulipas y en la Ciudad de M\u00e9xico, para que el SNTE convalide el acuerdo que se pacte con la Secci\u00f3n 30.<\/p>\n<p>Am\u00e9rico Villarreal Anaya es un mandatario que mantiene buenas relaciones con los otros actores de la vida p\u00fablica pues le gusta llevar la fiesta en paz, y le ha dado buenos resultados. Hasta ahora.<\/p>\n<p>El nuevo titular de Educaci\u00f3n, Miguel Angel Valdez Garc\u00eda, no tendr\u00e1 problemas para hacer una buena gesti\u00f3n, pues conoce al dedillo el manejo de la dependencia y mantiene una buena relaci\u00f3n con el sindicato.<\/p>\n<p>Por cierto, el Rector de la UAT D\u00e1maso Anaya Alvarado no lleg\u00f3 con las manos vac\u00edas a la ceremonia de la presentaci\u00f3n de su primer informe de gesti\u00f3n, pues entre otras cosas, entreg\u00f3 simb\u00f3licamente 25 veh\u00edculos de transporte escolar.<\/p>\n<p>La doctora Olga Hern\u00e1ndez Lim\u00f3n, ex secretaria general de la UAT y actual directora ejecutiva de la Red Iberoamericana para el Aseguramiento de la Calidad de la Educaci\u00f3n Superior, asisti\u00f3 a la ceremonia en representaci\u00f3n del secretario general ejecutivo de la Asociaci\u00f3n Nacional de Universidades e Instituciones de Educaci\u00f3n Superior, ANUIES, Luis Armando Gonz\u00e1lez Placencia.<\/p>\n<p>En su comparecencia, el Rector asegur\u00f3 que la UAT es una instituci\u00f3n que educa, inspira y transforma, luego de reafirmar su compromiso de continuar con la consolidaci\u00f3n de una Universidad humanista, equitativa y sustentable, que brinda oportunidades para todos sin distinci\u00f3n.<\/p>\n<p>Dio cuenta Anaya Alvarado de la ampliaci\u00f3n de la cobertura con nuevos programas educativos y la creaci\u00f3n de la preparatoria de Nuevo Laredo, adem\u00e1s de incrementar las becas y dotar de equipos de c\u00f3mputo a m\u00e1s de cinco mil docentes y estudiantes.<\/p>\n<p>\u201cGracias al respaldo sin precedentes del Gobernador de Tamaulipas, hemos puesto en marcha el proyecto de modernizaci\u00f3n de infraestructura m\u00e1s ambicioso en la historia reciente de la UAT con una inversi\u00f3n de m\u00e1s de 444 millones de pesos, permiti\u00e9ndonos transformar nuestros espacios acad\u00e9micos y de investigaci\u00f3n\u201c, subray\u00f3 el Rector.<\/p>\n<p>Carmen Lilia Cant\u00farosas Villarreal asisti\u00f3 a la ceremonia del I informe y dijo que constatan todos los logros de que ha tenido el Rector, con un crecimiento tan grande y tantos beneficios por los j\u00f3venes de Tamaulipas.<\/p>\n<p>\u201cNuevo Laredo ha sido testigo de esta gran labor, aqu\u00ed hemos hecho un trabajo muy coordinado entre la Universidad y su Rector, siempre en beneficio de los j\u00f3venes\u201d, enfatiz\u00f3 la joven edil.<\/p>\n<p>Agreg\u00f3 que el Gobernador Villarreal Anaya ha impulsado como nunca antes a la Universidad Aut\u00f3noma de Tamaulipas con el objetivo de convertirla en una de las mejores instituciones de educaci\u00f3n superior del pa\u00eds.<\/p>\n<p>La alcaldesa Canturosas Villarreal subray\u00f3 que comparte con el Rector la visi\u00f3n de impulsar a las juventudes a trav\u00e9s de la educaci\u00f3n. En este sentido, destac\u00f3 el convenio de colaboraci\u00f3n hist\u00f3rico mediante el cual el gobierno municipal de Nuevo Laredo cedi\u00f3 a la UAT, el edificio de la primera preparatoria autosostenible de Tamaulipas, que hoy es una Prepa UAT.<\/p>\n<p>Correo electr\u00f3nico: albertoguerra65@hotmail.com<\/p>\n","protected":false},"excerpt":{"rendered":"<p>Por Alberto Guerra Salazar \u00abTAMAULIPAS ESTRENA TITULAR DE EDUCACI\u00d3N\u00bb CIUDAD VICTORIA, (ASI).\u2014 Estrena titular la Secretar\u00eda estatal de Educaci\u00f3n en la persona de Miguel Angel Valdez Garc\u00eda, que ascendi\u00f3 desde la Sub-secretar\u00eda de Planeaci\u00f3n, lo que supone un proceso terso, ordenado y no presagia turbulencias. Luc\u00eda Aim\u00e9 Castillo Pastor hizo una gesti\u00f3n ordinaria, tradicional, institucional, [&hellip;]<\/p>\n","protected":false},"author":1,"featured_media":203146,"comment_status":"closed","ping_status":"closed","sticky":false,"template":"","format":"standard","meta":{"footnotes":""},"categories":[16],"tags":[],"class_list":["post-203317","post","type-post","status-publish","format-standard","has-post-thumbnail","hentry","category-opinion"],"_links":{"self":[{"href":"https:\/\/www.elsinodaldetamaulipas.com.mx\/index.php?rest_route=\/wp\/v2\/posts\/203317","targetHints":{"allow":["GET"]}}],"collection":[{"href":"https:\/\/www.elsinodaldetamaulipas.com.mx\/index.php?rest_route=\/wp\/v2\/posts"}],"about":[{"href":"https:\/\/www.elsinodaldetamaulipas.com.mx\/index.php?rest_route=\/wp\/v2\/types\/post"}],"author":[{"embeddable":true,"href":"https:\/\/www.elsinodaldetamaulipas.com.mx\/index.php?rest_route=\/wp\/v2\/users\/1"}],"replies":[{"embeddable":true,"href":"https:\/\/www.elsinodaldetamaulipas.com.mx\/index.php?rest_route=%2Fwp%2Fv2%2Fcomments&post=203317"}],"version-history":[{"count":1,"href":"https:\/\/www.elsinodaldetamaulipas.com.mx\/index.php?rest_route=\/wp\/v2\/posts\/203317\/revisions"}],"predecessor-version":[{"id":203318,"href":"https:\/\/www.elsinodaldetamaulipas.com.mx\/index.php?rest_route=\/wp\/v2\/posts\/203317\/revisions\/203318"}],"wp:featuredmedia":[{"embeddable":true,"href":"https:\/\/www.elsinodaldetamaulipas.com.mx\/index.php?rest_route=\/wp\/v2\/media\/203146"}],"wp:attachment":[{"href":"https:\/\/www.elsinodaldetamaulipas.com.mx\/index.php?rest_route=%2Fwp%2Fv2%2Fmedia&parent=203317"}],"wp:term":[{"taxonomy":"category","embeddable":true,"href":"https:\/\/www.elsinodaldetamaulipas.com.mx\/index.php?rest_route=%2Fwp%2Fv2%2Fcategories&post=203317"},{"taxonomy":"post_tag","embeddable":true,"href":"https:\/\/www.elsinodaldetamaulipas.com.mx\/index.php?rest_route=%2Fwp%2Fv2%2Ftags&post=203317"}],"curies":[{"name":"wp","href":"https:\/\/api.w.org\/{rel}","templated":true}]}}