{"id":203333,"date":"2025-04-08T22:22:07","date_gmt":"2025-04-09T02:22:07","guid":{"rendered":"https:\/\/www.elsinodaldetamaulipas.com.mx\/?p=203333"},"modified":"2025-04-08T22:22:27","modified_gmt":"2025-04-09T02:22:27","slug":"tamaulipas-blindara-programas-especiales-2025","status":"publish","type":"post","link":"https:\/\/www.elsinodaldetamaulipas.com.mx\/?p=203333","title":{"rendered":"TAMAULIPAS BLINDAR\u00c1 PROGRAMAS ESPECIALES 2025"},"content":{"rendered":"<p>&nbsp;<\/p>\n<p>Por Julio Manuel Loya Guzm\u00e1n\/EL SINODAL TAMAULIPAS<br \/>\nCd. Victoria, Tamaulipas.\u2013 Pese al incierto panorama econ\u00f3mico global, el Gobierno de Tamaulipas mantiene garantizada la continuidad de programas sociales y obras estrat\u00e9gicas para 2025, asegur\u00f3 el secretario de Finanzas estatal, Jes\u00fas Lav\u00edn Ver\u00e1stegui.<\/p>\n<p>Durante una rueda de prensa ofrecida al t\u00e9rmino de su comparecencia ante el Congreso local, el funcionario afirm\u00f3 que se est\u00e1n implementando estrategias administrativas enfocadas en la eficiencia operativa, con el fin de asegurar servicios de calidad a la ciudadan\u00eda.<\/p>\n<p>\u201cEl objetivo es claro: buscar el mayor beneficio para los tamaulipecos, optimizando los procesos internos para reflejar resultados tangibles en la vida cotidiana de los ciudadanos\u201d, subray\u00f3 Lav\u00edn.<\/p>\n<p>Uno de los primeros retos al inicio de su gesti\u00f3n, record\u00f3, fue el desabasto de placas vehiculares, un problema que calific\u00f3 como \u201cun verdadero dolor de cabeza\u201d, aunque ajeno a su administraci\u00f3n. No obstante, asegur\u00f3 que el servicio se regulariz\u00f3 r\u00e1pidamente.<\/p>\n<p>\u201cA partir de la tercera semana ya se hab\u00edan normalizado los tr\u00e1mites y comenzamos a ver mejores resultados\u201d, puntualiz\u00f3.<\/p>\n<p>Lav\u00edn consider\u00f3 que este tipo de situaciones evidencian la urgencia de modernizar y agilizar los servicios p\u00fablicos, sobre todo en \u00e1reas de alta demanda.<\/p>\n<p>\u201cTamaulipas ya no est\u00e1 para servicios lentos o ineficientes. Si el gobernador est\u00e1 comprometido con el bienestar ciudadano, nosotros debemos respaldarlo con una administraci\u00f3n eficaz\u201d, se\u00f1al\u00f3.<\/p>\n<p>Sobre la continuidad de proyectos clave como la segunda l\u00ednea del acueducto y los apoyos sociales dirigidos a los sectores vulnerables, el titular de Finanzas fue cauto, pero confiado:<\/p>\n<p>\u201cNo puedo ofrecer una garant\u00eda absoluta, nadie puede ante la incertidumbre global. Pero tenemos pr\u00e1cticamente todo preparado para que estos proyectos contin\u00faen sin contratiempos\u201d, dijo.<\/p>\n<p>Lav\u00edn destac\u00f3 adem\u00e1s que Tamaulipas ha sorteado con relativa estabilidad los efectos de la inflaci\u00f3n y los movimientos macroecon\u00f3micos internacionales, lo que atribuy\u00f3 a la relaci\u00f3n estrat\u00e9gica con Estados Unidos y Canad\u00e1.<\/p>\n<p>\u201cNo hemos salido totalmente beneficiados, pero tampoco tan afectados como otras regiones\u201d, consider\u00f3.<\/p>\n<p>El funcionario tambi\u00e9n resalt\u00f3 la buena relaci\u00f3n con el Gobierno federal y valor\u00f3 el reconocimiento del presidente de Estados Unidos hacia la presidenta electa de M\u00e9xico, lo que, dijo, podr\u00eda traducirse en estabilidad bilateral favorable para la entidad.<\/p>\n<p>Finalmente, al ser cuestionado sobre la posibilidad de una recesi\u00f3n, Lav\u00edn Ver\u00e1stegui respondi\u00f3:<\/p>\n<p>\u201cLa recesi\u00f3n la veo a\u00fan lejana para Tamaulipas. No estamos exentos de riesgos, pero ya tenemos identificadas varias estrategias para enfrentar cualquier escenario\u201d.<\/p>\n<p><img loading=\"lazy\" decoding=\"async\" class=\"aligncenter wp-image-203324 size-large\" src=\"https:\/\/www.elsinodaldetamaulipas.com.mx\/wp-content\/uploads\/2025\/04\/IMG-20250408-WA0259-1024x682.jpg\" alt=\"\" width=\"640\" height=\"426\" srcset=\"https:\/\/www.elsinodaldetamaulipas.com.mx\/wp-content\/uploads\/2025\/04\/IMG-20250408-WA0259-1024x682.jpg 1024w, https:\/\/www.elsinodaldetamaulipas.com.mx\/wp-content\/uploads\/2025\/04\/IMG-20250408-WA0259-300x200.jpg 300w, https:\/\/www.elsinodaldetamaulipas.com.mx\/wp-content\/uploads\/2025\/04\/IMG-20250408-WA0259-768x512.jpg 768w, https:\/\/www.elsinodaldetamaulipas.com.mx\/wp-content\/uploads\/2025\/04\/IMG-20250408-WA0259.jpg 1280w\" sizes=\"auto, (max-width: 640px) 100vw, 640px\" \/><\/p>\n<p><img loading=\"lazy\" decoding=\"async\" class=\"aligncenter wp-image-203325 size-large\" src=\"https:\/\/www.elsinodaldetamaulipas.com.mx\/wp-content\/uploads\/2025\/04\/IMG-20250408-WA0260-1024x682.jpg\" alt=\"\" width=\"640\" height=\"426\" srcset=\"https:\/\/www.elsinodaldetamaulipas.com.mx\/wp-content\/uploads\/2025\/04\/IMG-20250408-WA0260-1024x682.jpg 1024w, https:\/\/www.elsinodaldetamaulipas.com.mx\/wp-content\/uploads\/2025\/04\/IMG-20250408-WA0260-300x200.jpg 300w, https:\/\/www.elsinodaldetamaulipas.com.mx\/wp-content\/uploads\/2025\/04\/IMG-20250408-WA0260-768x512.jpg 768w, https:\/\/www.elsinodaldetamaulipas.com.mx\/wp-content\/uploads\/2025\/04\/IMG-20250408-WA0260.jpg 1280w\" sizes=\"auto, (max-width: 640px) 100vw, 640px\" \/><\/p>\n","protected":false},"excerpt":{"rendered":"<p>&nbsp; Por Julio Manuel Loya Guzm\u00e1n\/EL SINODAL TAMAULIPAS Cd. Victoria, Tamaulipas.\u2013 Pese al incierto panorama econ\u00f3mico global, el Gobierno de Tamaulipas mantiene garantizada la continuidad de programas sociales y obras estrat\u00e9gicas para 2025, asegur\u00f3 el secretario de Finanzas estatal, Jes\u00fas Lav\u00edn Ver\u00e1stegui. Durante una rueda de prensa ofrecida al t\u00e9rmino de su comparecencia ante el [&hellip;]<\/p>\n","protected":false},"author":1,"featured_media":203334,"comment_status":"closed","ping_status":"closed","sticky":false,"template":"","format":"standard","meta":{"footnotes":""},"categories":[1,3],"tags":[],"class_list":["post-203333","post","type-post","status-publish","format-standard","has-post-thumbnail","hentry","category-portada","category-tamaulipas"],"_links":{"self":[{"href":"https:\/\/www.elsinodaldetamaulipas.com.mx\/index.php?rest_route=\/wp\/v2\/posts\/203333","targetHints":{"allow":["GET"]}}],"collection":[{"href":"https:\/\/www.elsinodaldetamaulipas.com.mx\/index.php?rest_route=\/wp\/v2\/posts"}],"about":[{"href":"https:\/\/www.elsinodaldetamaulipas.com.mx\/index.php?rest_route=\/wp\/v2\/types\/post"}],"author":[{"embeddable":true,"href":"https:\/\/www.elsinodaldetamaulipas.com.mx\/index.php?rest_route=\/wp\/v2\/users\/1"}],"replies":[{"embeddable":true,"href":"https:\/\/www.elsinodaldetamaulipas.com.mx\/index.php?rest_route=%2Fwp%2Fv2%2Fcomments&post=203333"}],"version-history":[{"count":1,"href":"https:\/\/www.elsinodaldetamaulipas.com.mx\/index.php?rest_route=\/wp\/v2\/posts\/203333\/revisions"}],"predecessor-version":[{"id":203335,"href":"https:\/\/www.elsinodaldetamaulipas.com.mx\/index.php?rest_route=\/wp\/v2\/posts\/203333\/revisions\/203335"}],"wp:featuredmedia":[{"embeddable":true,"href":"https:\/\/www.elsinodaldetamaulipas.com.mx\/index.php?rest_route=\/wp\/v2\/media\/203334"}],"wp:attachment":[{"href":"https:\/\/www.elsinodaldetamaulipas.com.mx\/index.php?rest_route=%2Fwp%2Fv2%2Fmedia&parent=203333"}],"wp:term":[{"taxonomy":"category","embeddable":true,"href":"https:\/\/www.elsinodaldetamaulipas.com.mx\/index.php?rest_route=%2Fwp%2Fv2%2Fcategories&post=203333"},{"taxonomy":"post_tag","embeddable":true,"href":"https:\/\/www.elsinodaldetamaulipas.com.mx\/index.php?rest_route=%2Fwp%2Fv2%2Ftags&post=203333"}],"curies":[{"name":"wp","href":"https:\/\/api.w.org\/{rel}","templated":true}]}}