{"id":203484,"date":"2025-04-14T13:12:54","date_gmt":"2025-04-14T17:12:54","guid":{"rendered":"https:\/\/www.elsinodaldetamaulipas.com.mx\/?p=203484"},"modified":"2025-04-14T13:12:54","modified_gmt":"2025-04-14T17:12:54","slug":"dan-merecido-reconocimiento-a-jose-abel-soberon","status":"publish","type":"post","link":"https:\/\/www.elsinodaldetamaulipas.com.mx\/?p=203484","title":{"rendered":"DAN MERECIDO RECONOCIMIENTO A JOS\u00c9 ABEL SOBER\u00d3N"},"content":{"rendered":"<p>Por Juan Carlos Rodr\u00edguez Terrazas\/EL SINODAL DE TAMAULIPAS<br \/>\nReynosa, Tam.- Con dos sonoras y prolongadas ovaciones de pie, centenares de selectos asistentes reconocieron la brillante trayectoria de casi 70 a\u00f1os de ejercicio profesional como abogado en el servicio p\u00fablico y particular, del notario p\u00fablico Jos\u00e9 Abel Sober\u00f3n P\u00e9rez, durante emotivo acto llevado a cabo el s\u00e1bado 12 de abril en el auditorio del Hotel Royal Garden.<br \/>\nA lo largo de su vida profesional el gran personaje nacido en Reynosa hace 93 a\u00f1os, ya hab\u00eda recibido m\u00faltiples reconocimientos y homenajes de institutos jur\u00eddicos, de asociaciones de profesionistas, e inclusive de varias legislaturas del Congreso del Estado, pero nunca como hoy, como la de la \u201cAsociaci\u00f3n 12 de Julio de Abogados en Acci\u00f3n y Reacci\u00f3n de Reynosa\u201d y la Federaci\u00f3n de Asociaciones de Abogados de Tamaulipas (FAATAM), que logr\u00f3 elevar su convocatoria a abogados de diversas generaciones, empresarios, jueces, agentes del ministerio p\u00fablico, servidores p\u00fablicos, l\u00edderes y medios de comunicaci\u00f3n.<\/p>\n<p style=\"text-align: center;\">\n<strong>EL PRESIDIUM<\/strong><\/p>\n<p>En el pres\u00eddium del evento estuvieron el Presidente de la Asociaci\u00f3n 12 de Julio, maestro Francisco Javier Galv\u00e1n Arcos; el Presidente Honorario de la misma agrupaci\u00f3n abogado Marcelo Ol\u00e1n Mendoza; la presidenta de la \u201cFundaci\u00f3n Marcelo Ol\u00e1n\u201d, maestra Hilda Ortiz Casta\u00f1eda y por supuesto el homenajeado que es egresado de la Universidad Nacional Aut\u00f3noma de M\u00e9xico.<br \/>\nLuego de escuchar la exposici\u00f3n de motivos a cargo del maestro Galv\u00e1n Arcos y una amplia semblanza de la vida profesional del ex Procurador de Justicia del Estado de Tamaulipas y ex Presidente de Supremo Tribunal de Justicia del Estado, hizo uso de la palabra el abogado Ol\u00e1n Mendoza.<\/p>\n<p style=\"text-align: center;\">\n<strong>UNA LARGA AMISTAD<\/strong><\/p>\n<p><img loading=\"lazy\" decoding=\"async\" class=\"aligncenter wp-image-203486 size-large\" src=\"https:\/\/www.elsinodaldetamaulipas.com.mx\/wp-content\/uploads\/2025\/04\/Screenshot_20250414_120724_M365-Copilot-1024x557.jpg\" alt=\"\" width=\"640\" height=\"348\" srcset=\"https:\/\/www.elsinodaldetamaulipas.com.mx\/wp-content\/uploads\/2025\/04\/Screenshot_20250414_120724_M365-Copilot-1024x557.jpg 1024w, https:\/\/www.elsinodaldetamaulipas.com.mx\/wp-content\/uploads\/2025\/04\/Screenshot_20250414_120724_M365-Copilot-300x163.jpg 300w, https:\/\/www.elsinodaldetamaulipas.com.mx\/wp-content\/uploads\/2025\/04\/Screenshot_20250414_120724_M365-Copilot-768x418.jpg 768w, https:\/\/www.elsinodaldetamaulipas.com.mx\/wp-content\/uploads\/2025\/04\/Screenshot_20250414_120724_M365-Copilot-1536x835.jpg 1536w, https:\/\/www.elsinodaldetamaulipas.com.mx\/wp-content\/uploads\/2025\/04\/Screenshot_20250414_120724_M365-Copilot.jpg 1986w\" sizes=\"auto, (max-width: 640px) 100vw, 640px\" \/><br \/>\nEl destacado jurista, sin ocultar su admiraci\u00f3n, record\u00f3 c\u00f3mo conoci\u00f3 al hoy Presidente del Instituto de Investigaciones Jur\u00eddicas \u201cRicardo Coutho\u201d, gracias a su entonces compa\u00f1ero de aula universitaria, Jorge Humberto Lopez, quien como \u00e9l graduaron en leyes, e hicieron juntos un posgrado en la misma instituci\u00f3n.<br \/>\nA\u00f1os despu\u00e9s, relat\u00f3 Marcelo, formaron la Asociaci\u00f3n 12 de Julio de Abogados en Acci\u00f3n y Reacci\u00f3n y el afamado jurisconsulto, acept\u00f3 gustoso ser su padrino en la integraci\u00f3n de la organizaci\u00f3n, inclusive en m\u00e1s de una ocasi\u00f3n con una amabilidad sorprendente y con solo dos horas de anticipaci\u00f3n a un evento les respondi\u00f3 afirmativamente, acudiendo a la colonia La Joya, donde instalaron su primer despacho de asesor\u00eda jur\u00eddica gratuita.<\/p>\n<p style=\"text-align: center;\">\n<strong>ILUMINA A LOS DEM\u00c1S<\/strong><\/p>\n<p><img loading=\"lazy\" decoding=\"async\" class=\"aligncenter wp-image-203487 size-large\" src=\"https:\/\/www.elsinodaldetamaulipas.com.mx\/wp-content\/uploads\/2025\/04\/Screenshot_20250414_120736_M365-Copilot-1024x552.jpg\" alt=\"\" width=\"640\" height=\"345\" srcset=\"https:\/\/www.elsinodaldetamaulipas.com.mx\/wp-content\/uploads\/2025\/04\/Screenshot_20250414_120736_M365-Copilot-1024x552.jpg 1024w, https:\/\/www.elsinodaldetamaulipas.com.mx\/wp-content\/uploads\/2025\/04\/Screenshot_20250414_120736_M365-Copilot-300x162.jpg 300w, https:\/\/www.elsinodaldetamaulipas.com.mx\/wp-content\/uploads\/2025\/04\/Screenshot_20250414_120736_M365-Copilot-768x414.jpg 768w, https:\/\/www.elsinodaldetamaulipas.com.mx\/wp-content\/uploads\/2025\/04\/Screenshot_20250414_120736_M365-Copilot-1536x828.jpg 1536w, https:\/\/www.elsinodaldetamaulipas.com.mx\/wp-content\/uploads\/2025\/04\/Screenshot_20250414_120736_M365-Copilot.jpg 2003w\" sizes=\"auto, (max-width: 640px) 100vw, 640px\" \/><br \/>\n\u201cEl licenciado Jos\u00e9 Abel Sober\u00f3n, ha sido un hombre en\u00e9rgico y responsable con todos sus encargos p\u00fablicos, un hombre que ha llevado a cuestas su prestigio, mostrando siempre la excelencia jur\u00eddica, un hombre que no solo se ocup\u00f3 de brillar, sino de iluminar a los dem\u00e1s.,,\u201d, cit\u00f3 el jefe de la Oficina Fiscal del Estado<br \/>\nPor su parte, el homenajeado, abri\u00f3 con la frase rompehielos \u201cEntre abogados te veas\u201d, arrancando las risas y el generoso aplauso de los m\u00faltiples asistentes de todos los rincones de Tamaulipas, y en base a esa frase hilo un pausado discurso en el que habl\u00f3 del desprestigio que entre una parte la sociedad existe cuando se generaliza en el ambiente la apasionante profesi\u00f3n del abogado y la representaci\u00f3n de la justicia.<\/p>\n<p style=\"text-align: center;\">\n<strong>LA JUSTICIA EN TODO<\/strong><\/p>\n<p><img loading=\"lazy\" decoding=\"async\" class=\"aligncenter wp-image-203488 size-large\" src=\"https:\/\/www.elsinodaldetamaulipas.com.mx\/wp-content\/uploads\/2025\/04\/Screenshot_20250414_120750_M365-Copilot-1024x554.jpg\" alt=\"\" width=\"640\" height=\"346\" srcset=\"https:\/\/www.elsinodaldetamaulipas.com.mx\/wp-content\/uploads\/2025\/04\/Screenshot_20250414_120750_M365-Copilot-1024x554.jpg 1024w, https:\/\/www.elsinodaldetamaulipas.com.mx\/wp-content\/uploads\/2025\/04\/Screenshot_20250414_120750_M365-Copilot-300x162.jpg 300w, https:\/\/www.elsinodaldetamaulipas.com.mx\/wp-content\/uploads\/2025\/04\/Screenshot_20250414_120750_M365-Copilot-768x415.jpg 768w, https:\/\/www.elsinodaldetamaulipas.com.mx\/wp-content\/uploads\/2025\/04\/Screenshot_20250414_120750_M365-Copilot-1536x830.jpg 1536w, https:\/\/www.elsinodaldetamaulipas.com.mx\/wp-content\/uploads\/2025\/04\/Screenshot_20250414_120750_M365-Copilot.jpg 1998w\" sizes=\"auto, (max-width: 640px) 100vw, 640px\" \/><br \/>\n\u201cLa vida rutinaria muestra todos los d\u00edas las facetas de la justicia, las leyes de transito podr\u00edan ser una de las primeras, el cumplimiento del reglamento vial nos habla de su principio, despu\u00e9s el comportamiento que rige todos nuestros actos nos hace ser \u201cbuenos\u201d para no enfrentar las leyes que castigan tanto las infracciones como los actos constitutivos de delito\u201d<br \/>\n\u201cTener una sociedad de gente humana, honesta, bien portada, nos hace ser felices; entonces no son tan malos los abogados\u201d, -volvi\u00f3- a arrancar otro sonoro aplauso-<\/p>\n<p style=\"text-align: center;\">\n<strong>EMOTIVO AGRADECIMIENTO<\/strong><\/p>\n<p><img loading=\"lazy\" decoding=\"async\" class=\"aligncenter wp-image-203489 size-large\" src=\"https:\/\/www.elsinodaldetamaulipas.com.mx\/wp-content\/uploads\/2025\/04\/Screenshot_20250414_120802_M365-Copilot-1024x555.jpg\" alt=\"\" width=\"640\" height=\"347\" srcset=\"https:\/\/www.elsinodaldetamaulipas.com.mx\/wp-content\/uploads\/2025\/04\/Screenshot_20250414_120802_M365-Copilot-1024x555.jpg 1024w, https:\/\/www.elsinodaldetamaulipas.com.mx\/wp-content\/uploads\/2025\/04\/Screenshot_20250414_120802_M365-Copilot-300x163.jpg 300w, https:\/\/www.elsinodaldetamaulipas.com.mx\/wp-content\/uploads\/2025\/04\/Screenshot_20250414_120802_M365-Copilot-768x416.jpg 768w, https:\/\/www.elsinodaldetamaulipas.com.mx\/wp-content\/uploads\/2025\/04\/Screenshot_20250414_120802_M365-Copilot-1536x833.jpg 1536w, https:\/\/www.elsinodaldetamaulipas.com.mx\/wp-content\/uploads\/2025\/04\/Screenshot_20250414_120802_M365-Copilot.jpg 1992w\" sizes=\"auto, (max-width: 640px) 100vw, 640px\" \/><br \/>\nPara no cometer el error de hacer una omisi\u00f3n, el abogado Sober\u00f3n P\u00e9rez, omiti\u00f3 hacer la menci\u00f3n de todos y cada uno de los asistentes al acto, se limit\u00f3 a agradecer con el alma a los organizadores, entre ellos por supuesto al licenciado Marcelo Ol\u00e1n Mendoza y culmin\u00f3 con una emotiva frase que puso de pie a los asistentes \u201cLos quiero a todos\u201d, con voz firme, pero entrecortada por la emoci\u00f3n.<br \/>\nEn una mesa central del evento estuvieron presentes cercanos familiares de don Jos\u00e9 Abel, como su esposa la se\u00f1ora Mar\u00eda Guadalupe Palacios de Sober\u00f3n, sus hijos Gema Mayt\u00e9 y Gabriel Sober\u00f3n Palacios; su yerno Juan Jos\u00e9 Guajardo, su nieta Kenia Mayt\u00e9 Guajardo Sober\u00f3n; el empresario Jos\u00e9 Ram\u00f3n G\u00f3mez Res\u00e9ndez; el abogado Gilberto Garc\u00eda Garza y el senador Jos\u00e9 Ram\u00f3n G\u00f3mez Leal, que se incorpor\u00f3 despu\u00e9s.<\/p>\n","protected":false},"excerpt":{"rendered":"<p>Por Juan Carlos Rodr\u00edguez Terrazas\/EL SINODAL DE TAMAULIPAS Reynosa, Tam.- Con dos sonoras y prolongadas ovaciones de pie, centenares de selectos asistentes reconocieron la brillante trayectoria de casi 70 a\u00f1os de ejercicio profesional como abogado en el servicio p\u00fablico y particular, del notario p\u00fablico Jos\u00e9 Abel Sober\u00f3n P\u00e9rez, durante emotivo acto llevado a cabo el [&hellip;]<\/p>\n","protected":false},"author":1,"featured_media":203485,"comment_status":"closed","ping_status":"closed","sticky":false,"template":"","format":"standard","meta":{"footnotes":""},"categories":[1,2],"tags":[],"class_list":["post-203484","post","type-post","status-publish","format-standard","has-post-thumbnail","hentry","category-portada","category-reynosa"],"_links":{"self":[{"href":"https:\/\/www.elsinodaldetamaulipas.com.mx\/index.php?rest_route=\/wp\/v2\/posts\/203484","targetHints":{"allow":["GET"]}}],"collection":[{"href":"https:\/\/www.elsinodaldetamaulipas.com.mx\/index.php?rest_route=\/wp\/v2\/posts"}],"about":[{"href":"https:\/\/www.elsinodaldetamaulipas.com.mx\/index.php?rest_route=\/wp\/v2\/types\/post"}],"author":[{"embeddable":true,"href":"https:\/\/www.elsinodaldetamaulipas.com.mx\/index.php?rest_route=\/wp\/v2\/users\/1"}],"replies":[{"embeddable":true,"href":"https:\/\/www.elsinodaldetamaulipas.com.mx\/index.php?rest_route=%2Fwp%2Fv2%2Fcomments&post=203484"}],"version-history":[{"count":1,"href":"https:\/\/www.elsinodaldetamaulipas.com.mx\/index.php?rest_route=\/wp\/v2\/posts\/203484\/revisions"}],"predecessor-version":[{"id":203490,"href":"https:\/\/www.elsinodaldetamaulipas.com.mx\/index.php?rest_route=\/wp\/v2\/posts\/203484\/revisions\/203490"}],"wp:featuredmedia":[{"embeddable":true,"href":"https:\/\/www.elsinodaldetamaulipas.com.mx\/index.php?rest_route=\/wp\/v2\/media\/203485"}],"wp:attachment":[{"href":"https:\/\/www.elsinodaldetamaulipas.com.mx\/index.php?rest_route=%2Fwp%2Fv2%2Fmedia&parent=203484"}],"wp:term":[{"taxonomy":"category","embeddable":true,"href":"https:\/\/www.elsinodaldetamaulipas.com.mx\/index.php?rest_route=%2Fwp%2Fv2%2Fcategories&post=203484"},{"taxonomy":"post_tag","embeddable":true,"href":"https:\/\/www.elsinodaldetamaulipas.com.mx\/index.php?rest_route=%2Fwp%2Fv2%2Ftags&post=203484"}],"curies":[{"name":"wp","href":"https:\/\/api.w.org\/{rel}","templated":true}]}}