{"id":203644,"date":"2025-04-17T21:17:36","date_gmt":"2025-04-18T01:17:36","guid":{"rendered":"https:\/\/www.elsinodaldetamaulipas.com.mx\/?p=203644"},"modified":"2025-04-17T21:17:36","modified_gmt":"2025-04-18T01:17:36","slug":"impulsa-regidora-ambicioso-plan-hidraulico-para-reynosa-con-apoyo-internacional","status":"publish","type":"post","link":"https:\/\/www.elsinodaldetamaulipas.com.mx\/?p=203644","title":{"rendered":"Impulsa Regidora ambicioso plan hidr\u00e1ulico para Reynosa con apoyo internacional"},"content":{"rendered":"<p>&nbsp;<\/p>\n<p>* El proyecto es para mejorar la red hidr\u00e1ulica, de drenaje sanitario, y se evite que la ciudad vuelva a colapsar por lluvias<\/p>\n<p>Por Julio Manuel Loya Guzm\u00e1n.<br \/>\nReynosa, Tamaulipas.- Para evitar que Reynosa vuelva a colapsar por lluvias, La Regidora, Mary Zapata, confirm\u00f3 que inici\u00f3 la gesti\u00f3n ante el Gobierno Federal y la embajada de B\u00e9lgica en M\u00e9xico, para aterrizar recursos que permitan mejorar la red hidr\u00e1ulica y de drenaje sanitario.<\/p>\n<p>En entrevista la presidenta de la Comisi\u00f3n de Asuntos Especiales, del Cabildo de Reynosa, explic\u00f3 que entreg\u00f3 una ficha informativa a la presidenta Claudia Sheinbaum, sobre uno de los proyectos m\u00e1s ambiciosos que actualmente est\u00e1n en proceso: una iniciativa valuada en casi 24 mil millones de pesos, que busca mejorar la red de agua potable y drenaje en zonas vulnerables del municipio.<\/p>\n<p>\u201cSabemos que tenemos un rezago tremendo en Comapa, por eso este proyecto es prioritario\u201d, detall\u00f3.<\/p>\n<p>Indic\u00f3 que los recursos no ser\u00e1n depositados directamente al municipio, sino que ser\u00e1n aplicados por la fundaci\u00f3n que promueve este programa internacional, y que su funci\u00f3n como regidora ser\u00e1 la de servir como gestora, supervisora y facilitadora para que el proyecto se concrete.<\/p>\n<p>La regidora adelant\u00f3 que en las pr\u00f3ximas semanas sostendr\u00e1n mesas de trabajo en la Ciudad de M\u00e9xico con representantes diplom\u00e1ticos, incluyendo al embajador de B\u00e9lgica, para avanzar en las gestiones.<\/p>\n<p>Adem\u00e1s, ante la contingencia por las recientes inundaciones, subray\u00f3 que se contin\u00faa con el registro de personas afectadas, pese a las dificultades iniciales para realizar el censo.<\/p>\n<p>\u201cMucha gente no estaba en sus casas cuando llovi\u00f3, muchos estaban trabajando, por eso estamos recopilando los datos ahora\u201d, mencion\u00f3.<\/p>\n<p>Sobre el trabajo de otras instancias, Zapata fue clara: \u201cYo no te podr\u00eda decir c\u00f3mo est\u00e1n trabajando ellos, porque no me corresponde. Lo que s\u00ed puedo asegurar es que en Sedesol estamos tratando de cubrir todos los sectores, porque tenemos conocimiento de que hay m\u00e1s de 70 colonias afectadas, aunque a nivel federal y estatal se habla de menos de 20\u201d.<\/p>\n<p>Finalmente, subray\u00f3 la importancia de coordinar la informaci\u00f3n entre los distintos niveles de gobierno para evitar duplicidades.<\/p>\n<p>\u201cTenemos que empatar los censos, ver qu\u00e9 datos tiene la Federaci\u00f3n y qu\u00e9 datos tenemos nosotros, para as\u00ed poder cubrir con mayor eficiencia a los damnificados\u201d, concluy\u00f3.<\/p>\n<p><img loading=\"lazy\" decoding=\"async\" class=\"aligncenter wp-image-203646 size-large\" src=\"https:\/\/www.elsinodaldetamaulipas.com.mx\/wp-content\/uploads\/2025\/04\/IMG-20250417-WA0218-642x1024.jpg\" alt=\"\" width=\"640\" height=\"1021\" srcset=\"https:\/\/www.elsinodaldetamaulipas.com.mx\/wp-content\/uploads\/2025\/04\/IMG-20250417-WA0218-642x1024.jpg 642w, https:\/\/www.elsinodaldetamaulipas.com.mx\/wp-content\/uploads\/2025\/04\/IMG-20250417-WA0218-188x300.jpg 188w, https:\/\/www.elsinodaldetamaulipas.com.mx\/wp-content\/uploads\/2025\/04\/IMG-20250417-WA0218-768x1224.jpg 768w, https:\/\/www.elsinodaldetamaulipas.com.mx\/wp-content\/uploads\/2025\/04\/IMG-20250417-WA0218-964x1536.jpg 964w, https:\/\/www.elsinodaldetamaulipas.com.mx\/wp-content\/uploads\/2025\/04\/IMG-20250417-WA0218.jpg 983w\" sizes=\"auto, (max-width: 640px) 100vw, 640px\" \/><\/p>\n<p><img loading=\"lazy\" decoding=\"async\" class=\"aligncenter wp-image-203647 size-large\" src=\"https:\/\/www.elsinodaldetamaulipas.com.mx\/wp-content\/uploads\/2025\/04\/IMG-20250417-WA0217-615x1024.jpg\" alt=\"\" width=\"615\" height=\"1024\" srcset=\"https:\/\/www.elsinodaldetamaulipas.com.mx\/wp-content\/uploads\/2025\/04\/IMG-20250417-WA0217-615x1024.jpg 615w, https:\/\/www.elsinodaldetamaulipas.com.mx\/wp-content\/uploads\/2025\/04\/IMG-20250417-WA0217-180x300.jpg 180w, https:\/\/www.elsinodaldetamaulipas.com.mx\/wp-content\/uploads\/2025\/04\/IMG-20250417-WA0217-768x1280.jpg 768w, https:\/\/www.elsinodaldetamaulipas.com.mx\/wp-content\/uploads\/2025\/04\/IMG-20250417-WA0217-922x1536.jpg 922w, https:\/\/www.elsinodaldetamaulipas.com.mx\/wp-content\/uploads\/2025\/04\/IMG-20250417-WA0217.jpg 965w\" sizes=\"auto, (max-width: 615px) 100vw, 615px\" \/><\/p>\n","protected":false},"excerpt":{"rendered":"<p>&nbsp; * El proyecto es para mejorar la red hidr\u00e1ulica, de drenaje sanitario, y se evite que la ciudad vuelva a colapsar por lluvias Por Julio Manuel Loya Guzm\u00e1n. Reynosa, Tamaulipas.- Para evitar que Reynosa vuelva a colapsar por lluvias, La Regidora, Mary Zapata, confirm\u00f3 que inici\u00f3 la gesti\u00f3n ante el Gobierno Federal y la [&hellip;]<\/p>\n","protected":false},"author":1,"featured_media":203645,"comment_status":"closed","ping_status":"closed","sticky":false,"template":"","format":"standard","meta":{"footnotes":""},"categories":[2],"tags":[],"class_list":["post-203644","post","type-post","status-publish","format-standard","has-post-thumbnail","hentry","category-reynosa"],"_links":{"self":[{"href":"https:\/\/www.elsinodaldetamaulipas.com.mx\/index.php?rest_route=\/wp\/v2\/posts\/203644","targetHints":{"allow":["GET"]}}],"collection":[{"href":"https:\/\/www.elsinodaldetamaulipas.com.mx\/index.php?rest_route=\/wp\/v2\/posts"}],"about":[{"href":"https:\/\/www.elsinodaldetamaulipas.com.mx\/index.php?rest_route=\/wp\/v2\/types\/post"}],"author":[{"embeddable":true,"href":"https:\/\/www.elsinodaldetamaulipas.com.mx\/index.php?rest_route=\/wp\/v2\/users\/1"}],"replies":[{"embeddable":true,"href":"https:\/\/www.elsinodaldetamaulipas.com.mx\/index.php?rest_route=%2Fwp%2Fv2%2Fcomments&post=203644"}],"version-history":[{"count":1,"href":"https:\/\/www.elsinodaldetamaulipas.com.mx\/index.php?rest_route=\/wp\/v2\/posts\/203644\/revisions"}],"predecessor-version":[{"id":203648,"href":"https:\/\/www.elsinodaldetamaulipas.com.mx\/index.php?rest_route=\/wp\/v2\/posts\/203644\/revisions\/203648"}],"wp:featuredmedia":[{"embeddable":true,"href":"https:\/\/www.elsinodaldetamaulipas.com.mx\/index.php?rest_route=\/wp\/v2\/media\/203645"}],"wp:attachment":[{"href":"https:\/\/www.elsinodaldetamaulipas.com.mx\/index.php?rest_route=%2Fwp%2Fv2%2Fmedia&parent=203644"}],"wp:term":[{"taxonomy":"category","embeddable":true,"href":"https:\/\/www.elsinodaldetamaulipas.com.mx\/index.php?rest_route=%2Fwp%2Fv2%2Fcategories&post=203644"},{"taxonomy":"post_tag","embeddable":true,"href":"https:\/\/www.elsinodaldetamaulipas.com.mx\/index.php?rest_route=%2Fwp%2Fv2%2Ftags&post=203644"}],"curies":[{"name":"wp","href":"https:\/\/api.w.org\/{rel}","templated":true}]}}