{"id":203649,"date":"2025-04-18T11:22:44","date_gmt":"2025-04-18T15:22:44","guid":{"rendered":"https:\/\/www.elsinodaldetamaulipas.com.mx\/?p=203649"},"modified":"2025-04-18T11:22:44","modified_gmt":"2025-04-18T15:22:44","slug":"reforzaran-campana-para-revocacion-del-makito-instalaran-modulos-en-colonias-populares","status":"publish","type":"post","link":"https:\/\/www.elsinodaldetamaulipas.com.mx\/?p=203649","title":{"rendered":"Reforzar\u00e1n campa\u00f1a para revocaci\u00f3n del Makito; instalar\u00e1n m\u00f3dulos en colonias populares"},"content":{"rendered":"<p>Por Julio Manuel Loya Guzm\u00e1n.<br \/>\nReynosa, Tamaulipas.- El movimiento ciudadano que impulsa la revocaci\u00f3n de mandato del alcalde de Reynosa, Carlos Pe\u00f1a Ortiz, anunci\u00f3 que instalar\u00e1 m\u00f3dulos itinerantes en colonias de la periferia, para facilitar a la poblaci\u00f3n el acceso al proceso de recolecci\u00f3n de firmas y juntos cambiar la historia de Reynosa.<\/p>\n<p>Leticia Larios, dirigente del movimiento social, explic\u00f3 que la medida responde a la creciente demanda ciudadana por participar en el proceso, ya que muchas personas interesadas enfrentan obst\u00e1culos econ\u00f3micos y de movilidad para trasladarse hasta el centro de la ciudad, donde actualmente se ubican los puntos de recolecci\u00f3n.<\/p>\n<p>\u201cEstamos afinando estrategias para llevar los m\u00f3dulos de recolecci\u00f3n a colonias vulnerables y de dif\u00edcil acceso. Queremos que nadie quede fuera, especialmente quienes m\u00e1s padecen el abandono de las autoridades municipales\u201d, declar\u00f3 Larios.<\/p>\n<p>De acuerdo con la l\u00edder social, la campa\u00f1a de firmas har\u00e1 una breve pausa durante el periodo vacacional de Semana Santa, por respeto a las tradiciones religiosas. Sin embargo, asegur\u00f3 que en estos d\u00edas se aprovechar\u00e1 para fortalecer la log\u00edstica del proyecto.<\/p>\n<p>\u201cVamos a reiniciar el pr\u00f3ximo lunes. Estos d\u00edas son sagrados, de reflexi\u00f3n, por eso los usaremos para planear mejor, definir d\u00f3nde colocaremos las urnas y organizar reuniones clave con los equipos de trabajo\u201d, detall\u00f3.<\/p>\n<p>Hasta el momento, el movimiento ha recolectado cerca de 18 mil firmas, lo que marca el inicio de una segunda etapa del proceso. Larios subray\u00f3 que el respaldo ciudadano no ha menguado y que la causa ha logrado permear en diversos sectores sociales que demandan un cambio en la administraci\u00f3n municipal.<\/p>\n<p>\u201cLos ciudadanos est\u00e1n firmes. Saben que esta es la \u00fanica v\u00eda pac\u00edfica y legal que tenemos para cambiar la historia de Reynosa. No buscamos confrontaciones, sino ejercer nuestros derechos\u201d, sostuvo.<\/p>\n<p>\u201cEl poder est\u00e1 en manos del pueblo. La ley debe servir al ciudadano, no al poder. Si algo no funciona, hay que corregirlo, y este movimiento busca justamente eso: dar una salida democr\u00e1tica a una inconformidad social creciente\u201d, dijo.<\/p>\n<p>Finalmente, inform\u00f3 que ya cuentan con un n\u00famero de folio y un oficio recibido por parte de la autoridad federal en Palacio Nacional, lo que formaliza el seguimiento del proceso desde instancias de gobierno en la capital del pa\u00eds.<\/p>\n<p>\u201cEsto ya es del conocimiento nacional. Sabemos que la presidenta est\u00e1 enterada, lo vimos durante su reciente visita a Reynosa. Confiamos en que su gobierno no ser\u00e1 indiferente al sufrimiento que viven miles de familias en esta ciudad\u201d, concluy\u00f3.<\/p>\n","protected":false},"excerpt":{"rendered":"<p>Por Julio Manuel Loya Guzm\u00e1n. Reynosa, Tamaulipas.- El movimiento ciudadano que impulsa la revocaci\u00f3n de mandato del alcalde de Reynosa, Carlos Pe\u00f1a Ortiz, anunci\u00f3 que instalar\u00e1 m\u00f3dulos itinerantes en colonias de la periferia, para facilitar a la poblaci\u00f3n el acceso al proceso de recolecci\u00f3n de firmas y juntos cambiar la historia de Reynosa. Leticia Larios, [&hellip;]<\/p>\n","protected":false},"author":1,"featured_media":203650,"comment_status":"closed","ping_status":"closed","sticky":false,"template":"","format":"standard","meta":{"footnotes":""},"categories":[2],"tags":[],"class_list":["post-203649","post","type-post","status-publish","format-standard","has-post-thumbnail","hentry","category-reynosa"],"_links":{"self":[{"href":"https:\/\/www.elsinodaldetamaulipas.com.mx\/index.php?rest_route=\/wp\/v2\/posts\/203649","targetHints":{"allow":["GET"]}}],"collection":[{"href":"https:\/\/www.elsinodaldetamaulipas.com.mx\/index.php?rest_route=\/wp\/v2\/posts"}],"about":[{"href":"https:\/\/www.elsinodaldetamaulipas.com.mx\/index.php?rest_route=\/wp\/v2\/types\/post"}],"author":[{"embeddable":true,"href":"https:\/\/www.elsinodaldetamaulipas.com.mx\/index.php?rest_route=\/wp\/v2\/users\/1"}],"replies":[{"embeddable":true,"href":"https:\/\/www.elsinodaldetamaulipas.com.mx\/index.php?rest_route=%2Fwp%2Fv2%2Fcomments&post=203649"}],"version-history":[{"count":1,"href":"https:\/\/www.elsinodaldetamaulipas.com.mx\/index.php?rest_route=\/wp\/v2\/posts\/203649\/revisions"}],"predecessor-version":[{"id":203651,"href":"https:\/\/www.elsinodaldetamaulipas.com.mx\/index.php?rest_route=\/wp\/v2\/posts\/203649\/revisions\/203651"}],"wp:featuredmedia":[{"embeddable":true,"href":"https:\/\/www.elsinodaldetamaulipas.com.mx\/index.php?rest_route=\/wp\/v2\/media\/203650"}],"wp:attachment":[{"href":"https:\/\/www.elsinodaldetamaulipas.com.mx\/index.php?rest_route=%2Fwp%2Fv2%2Fmedia&parent=203649"}],"wp:term":[{"taxonomy":"category","embeddable":true,"href":"https:\/\/www.elsinodaldetamaulipas.com.mx\/index.php?rest_route=%2Fwp%2Fv2%2Fcategories&post=203649"},{"taxonomy":"post_tag","embeddable":true,"href":"https:\/\/www.elsinodaldetamaulipas.com.mx\/index.php?rest_route=%2Fwp%2Fv2%2Ftags&post=203649"}],"curies":[{"name":"wp","href":"https:\/\/api.w.org\/{rel}","templated":true}]}}