{"id":203652,"date":"2025-04-18T11:23:44","date_gmt":"2025-04-18T15:23:44","guid":{"rendered":"https:\/\/www.elsinodaldetamaulipas.com.mx\/?p=203652"},"modified":"2025-04-18T11:23:44","modified_gmt":"2025-04-18T15:23:44","slug":"imprudencia-provoca-volcadura-y-cierre-total-en-carretera-a-nuevo-laredo","status":"publish","type":"post","link":"https:\/\/www.elsinodaldetamaulipas.com.mx\/?p=203652","title":{"rendered":"Imprudencia provoca volcadura y cierre total en carretera a Nuevo Laredo"},"content":{"rendered":"<p>&nbsp;<\/p>\n<p>Agencia ANTAM.<\/p>\n<p>Nvo. Laredo, Tamaulipas.- La imprudencia al volante de dos tractocamiones que circulaban a exceso de velocidad provoc\u00f3 la volcadura de un tr\u00e1iler de la empresa TUM en la carretera libre Monterrey-Nuevo Laredo, sin que se registraran personas lesionadas, aunque s\u00ed cuantiosos da\u00f1os materiales y el cierre total de la v\u00eda.<\/p>\n<p>El accidente ocurri\u00f3 alrededor de las 16:30 horas, a la altura del kil\u00f3metro 152+500, cuando el operador del tr\u00e1iler siniestrado, identificado como Rodrigo Gerardo Ram\u00edrez Cisneros, se vio obligado a realizar una maniobra brusca para evitar un impacto frontal con dos unidades que rebasaban de manera temeraria en sentido contrario.<\/p>\n<p>Como resultado, la unidad de carga termin\u00f3 volcada, obstruyendo ambos carriles de circulaci\u00f3n.<\/p>\n<p>El tr\u00e1iler, con placas 13-AN-5J del Servicio P\u00fablico Federal, transportaba piezas met\u00e1licas que quedaron esparcidas sobre la cinta asf\u00e1ltica, lo que complic\u00f3 a\u00fan m\u00e1s las labores de remoci\u00f3n y limpieza. Una segunda unidad involucrada, perteneciente a la compa\u00f1\u00eda CSX Intermodal, logr\u00f3 salir de la carretera sin volcarse.<\/p>\n<p>Al lugar acudieron elementos de auxilio vial de la concesionaria de la v\u00eda, as\u00ed como param\u00e9dicos y unidades de atenci\u00f3n prehospitalaria, quienes confirmaron que no hubo personas heridas ni fallecidas. Tambi\u00e9n se presentaron agentes de la Guardia Nacional, Divisi\u00f3n Carreteras, quienes acordonaron la zona y comenzaron con las investigaciones para deslindar responsabilidades.<\/p>\n<p>Durante varias horas, el tr\u00e1nsito vehicular se vio afectado en ambos sentidos, provocando largas filas de autom\u00f3viles y unidades de carga, mientras se realizaban las maniobras necesarias para retirar el tr\u00e1iler y los restos del material regado.<\/p>\n<p>Autoridades exhortaron a los conductores de transporte pesado a extremar precauciones y respetar los l\u00edmites de velocidad para evitar este tipo de percances, especialmente en tramos donde los rebases imprudentes pueden terminar en tragedia.<\/p>\n","protected":false},"excerpt":{"rendered":"<p>&nbsp; Agencia ANTAM. Nvo. Laredo, Tamaulipas.- La imprudencia al volante de dos tractocamiones que circulaban a exceso de velocidad provoc\u00f3 la volcadura de un tr\u00e1iler de la empresa TUM en la carretera libre Monterrey-Nuevo Laredo, sin que se registraran personas lesionadas, aunque s\u00ed cuantiosos da\u00f1os materiales y el cierre total de la v\u00eda. El accidente [&hellip;]<\/p>\n","protected":false},"author":1,"featured_media":203653,"comment_status":"closed","ping_status":"closed","sticky":false,"template":"","format":"standard","meta":{"footnotes":""},"categories":[25],"tags":[],"class_list":["post-203652","post","type-post","status-publish","format-standard","has-post-thumbnail","hentry","category-leyyorden"],"_links":{"self":[{"href":"https:\/\/www.elsinodaldetamaulipas.com.mx\/index.php?rest_route=\/wp\/v2\/posts\/203652","targetHints":{"allow":["GET"]}}],"collection":[{"href":"https:\/\/www.elsinodaldetamaulipas.com.mx\/index.php?rest_route=\/wp\/v2\/posts"}],"about":[{"href":"https:\/\/www.elsinodaldetamaulipas.com.mx\/index.php?rest_route=\/wp\/v2\/types\/post"}],"author":[{"embeddable":true,"href":"https:\/\/www.elsinodaldetamaulipas.com.mx\/index.php?rest_route=\/wp\/v2\/users\/1"}],"replies":[{"embeddable":true,"href":"https:\/\/www.elsinodaldetamaulipas.com.mx\/index.php?rest_route=%2Fwp%2Fv2%2Fcomments&post=203652"}],"version-history":[{"count":1,"href":"https:\/\/www.elsinodaldetamaulipas.com.mx\/index.php?rest_route=\/wp\/v2\/posts\/203652\/revisions"}],"predecessor-version":[{"id":203654,"href":"https:\/\/www.elsinodaldetamaulipas.com.mx\/index.php?rest_route=\/wp\/v2\/posts\/203652\/revisions\/203654"}],"wp:featuredmedia":[{"embeddable":true,"href":"https:\/\/www.elsinodaldetamaulipas.com.mx\/index.php?rest_route=\/wp\/v2\/media\/203653"}],"wp:attachment":[{"href":"https:\/\/www.elsinodaldetamaulipas.com.mx\/index.php?rest_route=%2Fwp%2Fv2%2Fmedia&parent=203652"}],"wp:term":[{"taxonomy":"category","embeddable":true,"href":"https:\/\/www.elsinodaldetamaulipas.com.mx\/index.php?rest_route=%2Fwp%2Fv2%2Fcategories&post=203652"},{"taxonomy":"post_tag","embeddable":true,"href":"https:\/\/www.elsinodaldetamaulipas.com.mx\/index.php?rest_route=%2Fwp%2Fv2%2Ftags&post=203652"}],"curies":[{"name":"wp","href":"https:\/\/api.w.org\/{rel}","templated":true}]}}