{"id":203655,"date":"2025-04-19T20:16:35","date_gmt":"2025-04-20T00:16:35","guid":{"rendered":"https:\/\/www.elsinodaldetamaulipas.com.mx\/?p=203655"},"modified":"2025-04-19T20:16:35","modified_gmt":"2025-04-20T00:16:35","slug":"incesantes-bombardeos-en-franja-de-gaza","status":"publish","type":"post","link":"https:\/\/www.elsinodaldetamaulipas.com.mx\/?p=203655","title":{"rendered":"INCESANTES BOMBARDEOS EN FRANJA DE GAZA"},"content":{"rendered":"<p>Ataques israel\u00edes dejan m\u00e1s de 90 muertos en las \u00faltimas 48 horas<br \/>\nEL SINODAL DE TAMAULIPAS<br \/>\nDeir Al Balah, Franja de Gaza. Ataques israel\u00edes en Gaza mataron a m\u00e1s de 90 personas en las \u00faltimas 48 horas, inform\u00f3 el s\u00e1bado el Ministerio de Salud del enclave palestino, mientras las tropas israel\u00edes intensifican sus ataques para presionar a Ham\u00e1s para que libere a los rehenes restantes y se desarme.<\/p>\n<p>Entre los 15 muertos durante la noche hab\u00eda mujeres y menores, algunos de los cuales estaban refugiados en una zona humanitaria designada, seg\u00fan personal hospitalario.<\/p>\n<p>Al menos 11 personas perdieron la vida en la ciudad sure\u00f1a de Jan Yunis, varias de ellas en una tienda de campa\u00f1a en la zona de Mwasi, donde viven cientos de miles de desplazados, seg\u00fan un trabajador hospitalario. Israel ha designado el lugar como zona humanitaria.<\/p>\n<p>Los dolientes acunaron y besaron los rostros de los muertos. Un hombre acarici\u00f3 la frente de un ni\u00f1o con su dedo antes de que se cerraran las bolsas para cad\u00e1veres.<\/p>\n<p>\u00abOmar se ha ido&#8230; Ojal\u00e1 hubiera sido yo\u00bb, grit\u00f3 el hermano de una de las v\u00edctimas.<\/p>\n<p>Otras cuatro personas murieron en ataques en la ciudad de Rafah, incluyendo una madre y su hija, seg\u00fan el Hospital Europeo, a donde fueron llevados los cuerpos.<\/p>\n<p>No hubo comentarios inmediatos del ej\u00e9rcito israel\u00ed. Israel ha prometido intensificar los ataques en toda Gaza y ocupar indefinidamente grandes \u00abzonas de seguridad\u00bb dentro del peque\u00f1o enclave costero de m\u00e1s de 2 millones de personas.<\/p>\n<p>Se ten\u00eda previsto que el primer ministro israel\u00ed Benjamin Netanyahu emitiera una declaraci\u00f3n el s\u00e1bado por la noche, seg\u00fan su oficina. De momento no hab\u00eda m\u00e1s detalles.<\/p>\n<p>Desde hace seis semanas, Israel bloquea la entrada de alimentos y otros bienes en la Franja.<\/p>\n<p>Esta semana, grupos humanitarios han hecho sonar la alarma al afirmar que miles de ni\u00f1os est\u00e1n desnutridos y que la mayor\u00eda de la poblaci\u00f3n toma solo una comida al d\u00eda a medida que disminuyen las reservas, de acuerdo con Naciones Unidas.<\/p>\n<p>El viernes, la doctora Hanan Balkhy, jefa de la oficina de la Organizaci\u00f3n Mundial de la Salud para el Mediterr\u00e1neo oriental, inst\u00f3 al nuevo embajador de Estados Unidos en Israel, Mike Huckabee, a presionar al pa\u00eds para que levante el bloqueo al enclave y permita la entrada de medicamentos y otras ayudas.<\/p>\n<p>\u00abQuisiera que pudiera entrar y ver la situaci\u00f3n de primera mano\u00bb, se\u00f1al\u00f3.<\/p>\n<p>En su primera aparici\u00f3n como embajador el viernes, Huckabee visit\u00f3 el Muro de los Lamentos, el sitio de oraci\u00f3n jud\u00edo m\u00e1s sagrado en la Ciudad Vieja de Jerusal\u00e9n. Insert\u00f3 una oraci\u00f3n en el muro, que seg\u00fan dijo fue escrita a mano por el presidente Donald Trump. Seg\u00fan Huckabee, se est\u00e1n haciendo todos los esfuerzos para llevar de regreso a los rehenes capturados por Ham\u00e1s.<\/p>\n<p>La guerra comenz\u00f3 cuando insurgentes encabezados por Ham\u00e1s atacaron el sur de Israel el 7 de octubre de 2023 y mataron a unas 1.200 personas, en su mayor\u00eda civiles, y tomaron a 251 m\u00e1s como rehenes. La mayor\u00eda de los rehenes han sido liberados desde entonces en acuerdos de alto al fuego u otros tratos. Ham\u00e1s actualmente retiene a 59 rehenes, 24 de ellos se cree que est\u00e1n vivos.<\/p>\n<p>Israel respondi\u00f3 con una ofensiva que se ha cobrado la vida de m\u00e1s de 51.000 palestinos, en su mayor\u00eda mujeres y ni\u00f1os, seg\u00fan el Ministerio de Salud de Gaza, que no distingue entre civiles y combatientes.<\/p>\n<p>La guerra ha destruido amplias zonas del territorio y la mayor\u00eda de su capacidad de producci\u00f3n de alimentos, adem\u00e1s de desplazar alrededor del 90% de la poblaci\u00f3n. Cientos de miles de personas viven en carpas en campamentos y en edificios bombardeados.<\/p>\n<p>La frustraci\u00f3n ha ido en aumento en ambos lados despu\u00e9s de que Israel rompiera un cese del fuego el mes pasado, con raras protestas p\u00fablicas contra Ham\u00e1s en Gaza y continuas manifestaciones semanales en Israel presionando al gobierno para llegar a un acuerdo que traiga a todos los rehenes a casa.<\/p>\n<p>Una creciente campa\u00f1a de soldados israel\u00edes retirados y reservistas ha pedido el fin de la guerra.<\/p>\n","protected":false},"excerpt":{"rendered":"<p>Ataques israel\u00edes dejan m\u00e1s de 90 muertos en las \u00faltimas 48 horas EL SINODAL DE TAMAULIPAS Deir Al Balah, Franja de Gaza. Ataques israel\u00edes en Gaza mataron a m\u00e1s de 90 personas en las \u00faltimas 48 horas, inform\u00f3 el s\u00e1bado el Ministerio de Salud del enclave palestino, mientras las tropas israel\u00edes intensifican sus ataques para [&hellip;]<\/p>\n","protected":false},"author":1,"featured_media":203656,"comment_status":"closed","ping_status":"closed","sticky":false,"template":"","format":"standard","meta":{"footnotes":""},"categories":[14],"tags":[],"class_list":["post-203655","post","type-post","status-publish","format-standard","has-post-thumbnail","hentry","category-internacional"],"_links":{"self":[{"href":"https:\/\/www.elsinodaldetamaulipas.com.mx\/index.php?rest_route=\/wp\/v2\/posts\/203655","targetHints":{"allow":["GET"]}}],"collection":[{"href":"https:\/\/www.elsinodaldetamaulipas.com.mx\/index.php?rest_route=\/wp\/v2\/posts"}],"about":[{"href":"https:\/\/www.elsinodaldetamaulipas.com.mx\/index.php?rest_route=\/wp\/v2\/types\/post"}],"author":[{"embeddable":true,"href":"https:\/\/www.elsinodaldetamaulipas.com.mx\/index.php?rest_route=\/wp\/v2\/users\/1"}],"replies":[{"embeddable":true,"href":"https:\/\/www.elsinodaldetamaulipas.com.mx\/index.php?rest_route=%2Fwp%2Fv2%2Fcomments&post=203655"}],"version-history":[{"count":1,"href":"https:\/\/www.elsinodaldetamaulipas.com.mx\/index.php?rest_route=\/wp\/v2\/posts\/203655\/revisions"}],"predecessor-version":[{"id":203657,"href":"https:\/\/www.elsinodaldetamaulipas.com.mx\/index.php?rest_route=\/wp\/v2\/posts\/203655\/revisions\/203657"}],"wp:featuredmedia":[{"embeddable":true,"href":"https:\/\/www.elsinodaldetamaulipas.com.mx\/index.php?rest_route=\/wp\/v2\/media\/203656"}],"wp:attachment":[{"href":"https:\/\/www.elsinodaldetamaulipas.com.mx\/index.php?rest_route=%2Fwp%2Fv2%2Fmedia&parent=203655"}],"wp:term":[{"taxonomy":"category","embeddable":true,"href":"https:\/\/www.elsinodaldetamaulipas.com.mx\/index.php?rest_route=%2Fwp%2Fv2%2Fcategories&post=203655"},{"taxonomy":"post_tag","embeddable":true,"href":"https:\/\/www.elsinodaldetamaulipas.com.mx\/index.php?rest_route=%2Fwp%2Fv2%2Ftags&post=203655"}],"curies":[{"name":"wp","href":"https:\/\/api.w.org\/{rel}","templated":true}]}}