{"id":204429,"date":"2025-05-12T15:25:56","date_gmt":"2025-05-12T19:25:56","guid":{"rendered":"https:\/\/www.elsinodaldetamaulipas.com.mx\/?p=204429"},"modified":"2025-05-12T15:25:56","modified_gmt":"2025-05-12T19:25:56","slug":"sin-avance-investigacion-de-asesinato-de-candidata","status":"publish","type":"post","link":"https:\/\/www.elsinodaldetamaulipas.com.mx\/?p=204429","title":{"rendered":"SIN AVANCE INVESTIGACI\u00d3N DE ASESINATO DE CANDIDATA"},"content":{"rendered":"<p>En el atentado a la morenista Yesenia<\/p>\n<p>Lara fallecieron otros tres seguidores<\/p>\n<p>&nbsp;<\/p>\n<p><em><strong>EL SINODAL DE TAMAULIPAS<\/strong><\/em><\/p>\n<p>Texistepec, Veracruz.- La noche del domingo 11 de mayo, Yesenia Lara Guti\u00e9rrez, candidata de Morena a la presidencia municipal de Texistepec, fue asesinada durante una caravana pol\u00edtica mientras recorr\u00eda el municipio acompa\u00f1ada por simpatizantes. El ataque se registr\u00f3 en el barrio Camino a J\u00e1ltipan, al sur del estado, en el contexto de las campa\u00f1as previas a las elecciones del pr\u00f3ximo 1 de junio.<\/p>\n<p>&nbsp;<\/p>\n<p>La v\u00edctima encabezaba una caravana de motociclistas y taxis tras concluir un mitin, cuando fue interceptada por un grupo armado que abri\u00f3 fuego contra ella y su equipo.<\/p>\n<p>&nbsp;<\/p>\n<p>De acuerdo con informaci\u00f3n emitida por la gobernadora de Veracruz, Roc\u00edo Nahle, el ataque dej\u00f3 cuatro personas fallecidas y tres m\u00e1s heridas.<\/p>\n<p>&nbsp;<\/p>\n<p>\u201cNing\u00fan cargo o puesto vale la vida de una persona. Vamos a dar con los responsables de este cobarde asesinato a la candidata y simpatizantes de morena en Texistepec; 4 personas fallecidas y 3 heridos. He instruido a la @FGE_Veracruz y a seguridad no parar hasta encontrarlos\u201d, escribi\u00f3 Nahle en redes sociales.<\/p>\n<p>&nbsp;<\/p>\n<p>Seg\u00fan reportes del medio Milenio, al menos ocho sujetos habr\u00edan participado en la agresi\u00f3n. La candidata recibi\u00f3 varios disparos, incluyendo impactos en el rostro, y muri\u00f3 en el lugar.<\/p>\n<p>&nbsp;<\/p>\n<p>FGE Veracruz investiga ataque contra candidata de Morena en Texistepec; confirma cuatro muertos y tres heridos<\/p>\n<p>&nbsp;<\/p>\n<p>Momentos antes del atentado, Lara Guti\u00e9rrez transmiti\u00f3 en vivo a trav\u00e9s de su cuenta de Facebook parte de su mitin, en el que decenas de simpatizantes salieron a respaldar su proyecto pol\u00edtico. Al concluir la transmisi\u00f3n, se escuchan detonaciones de arma de fuego, coincidentes con el momento del ataque.<\/p>\n<p>&nbsp;<\/p>\n<p>&nbsp;<\/p>\n<p>Im\u00e1genes difundidas en redes sociales muestran el cuerpo de la candidata tendido en el asfalto, cubierto por una bandera de Morena, mientras elementos de seguridad acordonaban la zona a la espera del arribo de peritos de la Fiscal\u00eda General del Estado (FGE). M\u00e1s tarde, efectivos de la Secretar\u00eda de la Defensa Nacional (Sedena) fueron desplegados en la regi\u00f3n para reforzar la seguridad.<\/p>\n<p>&nbsp;<\/p>\n<p>Su esposo fue asesinado en 2022<\/p>\n<p>Yesenia Lara Guti\u00e9rrez era una figura con arraigo comunitario. Hab\u00eda sido agente municipal de la comunidad de Las Camelias y posteriormente s\u00edndica del Ayuntamiento de Texistepec, su municipio natal.<\/p>\n<p>&nbsp;<\/p>\n<p>En el actual proceso electoral, fue designada Promotora de la Cuarta Transformaci\u00f3n, lo que la posicionaba como candidata virtual de Morena a la alcald\u00eda.<\/p>\n<p>&nbsp;<\/p>\n<p>La candidata era viuda de Enrique Arg\u00fcelles Montero, quien tambi\u00e9n ocup\u00f3 cargos comunitarios y se desempe\u00f1\u00f3 como regidor primero del cabildo local. El 29 de noviembre de 2022, Arg\u00fcelles fue asesinado en el centro del municipio de Acayucan, durante el primer a\u00f1o de su gesti\u00f3n como funcionario municipal.<\/p>\n<p>&nbsp;<\/p>\n<p>El pasado 10 de mayo, un d\u00eda antes del ataque, Yesenia Lara public\u00f3 en su perfil de Facebook un mensaje dirigido a las comunidades de L\u00e1zaro C\u00e1rdenas e Ixtepec, donde reafirm\u00f3 su compromiso con campesinos y amas de casa.<\/p>\n<p>&nbsp;<\/p>\n<p>Segundo crimen contra aspirantes de Morena en Veracruz<\/p>\n<p>El asesinato de Lara Guti\u00e9rrez ocurre a menos de dos semanas del homicidio de Germ\u00e1n Anuar Valencia, candidato de la coalici\u00f3n Sigamos Haciendo Historia (Morena-PVEM) a la presidencia municipal de Coxquihui, al norte del estado. El 29 de abril, Valencia fue atacado a balazos en la comunidad del Arenal, mientras viajaba en un taxi con simpatizantes. En ese atentado resultaron heridas cinco personas, entre ellas un menor.<\/p>\n<p>&nbsp;<\/p>\n<p>Hasta el momento, las autoridades estatales no han emitido una versi\u00f3n oficial consolidada sobre los hechos en Texistepec ni han informado sobre detenciones. La FGE abri\u00f3 una carpeta de investigaci\u00f3n y contin\u00faa con las diligencias para esclarecer el crimen.<\/p>\n","protected":false},"excerpt":{"rendered":"<p>En el atentado a la morenista Yesenia Lara fallecieron otros tres seguidores &nbsp; EL SINODAL DE TAMAULIPAS Texistepec, Veracruz.- La noche del domingo 11 de mayo, Yesenia Lara Guti\u00e9rrez, candidata de Morena a la presidencia municipal de Texistepec, fue asesinada durante una caravana pol\u00edtica mientras recorr\u00eda el municipio acompa\u00f1ada por simpatizantes. El ataque se registr\u00f3 [&hellip;]<\/p>\n","protected":false},"author":1,"featured_media":204430,"comment_status":"closed","ping_status":"closed","sticky":false,"template":"","format":"standard","meta":{"footnotes":""},"categories":[25,1],"tags":[],"class_list":["post-204429","post","type-post","status-publish","format-standard","has-post-thumbnail","hentry","category-leyyorden","category-portada"],"_links":{"self":[{"href":"https:\/\/www.elsinodaldetamaulipas.com.mx\/index.php?rest_route=\/wp\/v2\/posts\/204429","targetHints":{"allow":["GET"]}}],"collection":[{"href":"https:\/\/www.elsinodaldetamaulipas.com.mx\/index.php?rest_route=\/wp\/v2\/posts"}],"about":[{"href":"https:\/\/www.elsinodaldetamaulipas.com.mx\/index.php?rest_route=\/wp\/v2\/types\/post"}],"author":[{"embeddable":true,"href":"https:\/\/www.elsinodaldetamaulipas.com.mx\/index.php?rest_route=\/wp\/v2\/users\/1"}],"replies":[{"embeddable":true,"href":"https:\/\/www.elsinodaldetamaulipas.com.mx\/index.php?rest_route=%2Fwp%2Fv2%2Fcomments&post=204429"}],"version-history":[{"count":1,"href":"https:\/\/www.elsinodaldetamaulipas.com.mx\/index.php?rest_route=\/wp\/v2\/posts\/204429\/revisions"}],"predecessor-version":[{"id":204431,"href":"https:\/\/www.elsinodaldetamaulipas.com.mx\/index.php?rest_route=\/wp\/v2\/posts\/204429\/revisions\/204431"}],"wp:featuredmedia":[{"embeddable":true,"href":"https:\/\/www.elsinodaldetamaulipas.com.mx\/index.php?rest_route=\/wp\/v2\/media\/204430"}],"wp:attachment":[{"href":"https:\/\/www.elsinodaldetamaulipas.com.mx\/index.php?rest_route=%2Fwp%2Fv2%2Fmedia&parent=204429"}],"wp:term":[{"taxonomy":"category","embeddable":true,"href":"https:\/\/www.elsinodaldetamaulipas.com.mx\/index.php?rest_route=%2Fwp%2Fv2%2Fcategories&post=204429"},{"taxonomy":"post_tag","embeddable":true,"href":"https:\/\/www.elsinodaldetamaulipas.com.mx\/index.php?rest_route=%2Fwp%2Fv2%2Ftags&post=204429"}],"curies":[{"name":"wp","href":"https:\/\/api.w.org\/{rel}","templated":true}]}}