{"id":205052,"date":"2025-05-20T22:46:52","date_gmt":"2025-05-21T02:46:52","guid":{"rendered":"https:\/\/www.elsinodaldetamaulipas.com.mx\/?p=205052"},"modified":"2025-05-20T22:46:52","modified_gmt":"2025-05-21T02:46:52","slug":"a-cerrar-campana","status":"publish","type":"post","link":"https:\/\/www.elsinodaldetamaulipas.com.mx\/?p=205052","title":{"rendered":"A CERRAR CAMPA\u00d1A"},"content":{"rendered":"<h3 class=\"post-gallery\" style=\"text-align: left;\">TINTA NEGRA<\/h3>\n<div class=\"post-content\">\n<h3 style=\"text-align: left;\">Alfredo Guevara<\/p>\n<p>1.- Desde luego que conforme se acerque el domingo uno de junio, la guerra intestinal contra el desarrollo del proceso para elegir juezas, jueces, magistrados y ministros del Poder Judicial de la Federaci\u00f3n como del Estado, se intensificar\u00e1 por partidos pol\u00edticos.<br \/>\nDe hecho, es evidente la campa\u00f1a de denostaci\u00f3n, mucho muy enfocada y en contra de la candidata a magistrada TANIA GISELA CONTRERAS L\u00d3PEZ, quien debe enfocarse a su promoci\u00f3n personalizada lo que resta del periodo de proselitismo, es decir, hasta el 28 de mayo y esperar lo que decida el electorado.<br \/>\nA estas alturas, TANIA se encuentra muy bien posicionada ante el electorado, sectores y organizaciones que le han dado su respaldo y que, sin duda, se reflejar\u00e1 en el voto depositado en las urnas, el domingo uno de junio.<br \/>\nResponder a los ataques, es innecesario, porque ser\u00eda entrar en un terreno que no le abona a su candidatura a magistrada del Poder Judicial del Estado.<br \/>\n2.- Ahora bien, nadie duda que detr\u00e1s de esos ataques pudiera estar gente ligada al Partido Acci\u00f3n Nacional, quienes por \u00f3rdenes del ex gobernador FRANCISCO GARC\u00cdA CABEZA DE VACA, buscan restar fuerza a la candidatura de quien ocup\u00f3 la Consejer\u00eda Jur\u00eddica del Gobierno.<br \/>\nY suena l\u00f3gico, si se toma en cuenta que, como titular de la Consejer\u00eda, TANIA promovi\u00f3 las denuncias en contra del ex gobernador y de quienes estuvieron al frente de dependencias de la anterior administraci\u00f3n estatal, por cometer presuntos actos de corrupci\u00f3n en el ejercicio de sus funciones.<br \/>\nSe observa cierto temor de la gente del PAN, el hecho de que TANIA llegue al Poder Judicial del Estado, toda vez que, desde esa instancia, se podr\u00eda dar continuidad a las denuncias que existen contra quienes colaboraron con el exgobernador en la anterior administraci\u00f3n estatal.<br \/>\nPor eso insistimos que, conforme se acerque el d\u00eda de la elecci\u00f3n, arreciar\u00e1 la campa\u00f1a de denostaci\u00f3n contra la candidata a magistrada y desde luego, buscando manchar el proceso eleccionario, desalentando la participaci\u00f3n.<br \/>\n3.- Al periodo de campa\u00f1a le queda una semana y por lo mismo, quienes buscan el cargo de jueza, juez y magistrado del PJE, se deben enfocar a la promoci\u00f3n de su candidatura.<br \/>\nParte fundamental del cierre del proselitismo, lo deben enfocar no solo en promover la participaci\u00f3n de la gente, sino tambi\u00e9n en ense\u00f1arles la forma como deben votar.<br \/>\nIncluso, decirles que con anticipaci\u00f3n anoten nombre del candidato y n\u00famero que deben colocar en el recuadro por quienes consideren la mejor opci\u00f3n, para que, de esa forma, el voto sea m\u00e1s r\u00e1pido. En fin.<br \/>\nalfredoguevara0@gmail.com<\/h3>\n<\/div>\n","protected":false},"excerpt":{"rendered":"<p>TINTA NEGRA Alfredo Guevara 1.- Desde luego que conforme se acerque el domingo uno de junio, la guerra intestinal contra el desarrollo del proceso para elegir juezas, jueces, magistrados y ministros del Poder Judicial de la Federaci\u00f3n como del Estado, se intensificar\u00e1 por partidos pol\u00edticos. De hecho, es evidente la campa\u00f1a de denostaci\u00f3n, mucho muy [&hellip;]<\/p>\n","protected":false},"author":1,"featured_media":203447,"comment_status":"closed","ping_status":"closed","sticky":false,"template":"","format":"standard","meta":{"footnotes":""},"categories":[16],"tags":[],"class_list":["post-205052","post","type-post","status-publish","format-standard","has-post-thumbnail","hentry","category-opinion"],"_links":{"self":[{"href":"https:\/\/www.elsinodaldetamaulipas.com.mx\/index.php?rest_route=\/wp\/v2\/posts\/205052","targetHints":{"allow":["GET"]}}],"collection":[{"href":"https:\/\/www.elsinodaldetamaulipas.com.mx\/index.php?rest_route=\/wp\/v2\/posts"}],"about":[{"href":"https:\/\/www.elsinodaldetamaulipas.com.mx\/index.php?rest_route=\/wp\/v2\/types\/post"}],"author":[{"embeddable":true,"href":"https:\/\/www.elsinodaldetamaulipas.com.mx\/index.php?rest_route=\/wp\/v2\/users\/1"}],"replies":[{"embeddable":true,"href":"https:\/\/www.elsinodaldetamaulipas.com.mx\/index.php?rest_route=%2Fwp%2Fv2%2Fcomments&post=205052"}],"version-history":[{"count":1,"href":"https:\/\/www.elsinodaldetamaulipas.com.mx\/index.php?rest_route=\/wp\/v2\/posts\/205052\/revisions"}],"predecessor-version":[{"id":205054,"href":"https:\/\/www.elsinodaldetamaulipas.com.mx\/index.php?rest_route=\/wp\/v2\/posts\/205052\/revisions\/205054"}],"wp:featuredmedia":[{"embeddable":true,"href":"https:\/\/www.elsinodaldetamaulipas.com.mx\/index.php?rest_route=\/wp\/v2\/media\/203447"}],"wp:attachment":[{"href":"https:\/\/www.elsinodaldetamaulipas.com.mx\/index.php?rest_route=%2Fwp%2Fv2%2Fmedia&parent=205052"}],"wp:term":[{"taxonomy":"category","embeddable":true,"href":"https:\/\/www.elsinodaldetamaulipas.com.mx\/index.php?rest_route=%2Fwp%2Fv2%2Fcategories&post=205052"},{"taxonomy":"post_tag","embeddable":true,"href":"https:\/\/www.elsinodaldetamaulipas.com.mx\/index.php?rest_route=%2Fwp%2Fv2%2Ftags&post=205052"}],"curies":[{"name":"wp","href":"https:\/\/api.w.org\/{rel}","templated":true}]}}