{"id":205062,"date":"2025-05-21T00:17:22","date_gmt":"2025-05-21T04:17:22","guid":{"rendered":"https:\/\/www.elsinodaldetamaulipas.com.mx\/?p=205062"},"modified":"2025-05-21T00:17:22","modified_gmt":"2025-05-21T04:17:22","slug":"conmemoran-dia-internacional-de-la-convivencia","status":"publish","type":"post","link":"https:\/\/www.elsinodaldetamaulipas.com.mx\/?p=205062","title":{"rendered":"CONMEMORAN D\u00cdA INTERNACIONAL DE LA CONVIVENCIA"},"content":{"rendered":"<p><em><strong>EL SINODAL DE TAMAULIPAS<\/strong><\/em><\/p>\n<p>Ciudad Victoria, Tamaulipas.- La Fiscal\u00eda General de Justicia del Estado de Tamaulipas, informa que, a trav\u00e9s de la Direcci\u00f3n General de Atenci\u00f3n Temprana y Mecanismos Alternativos de Soluci\u00f3n de Controversias, se realiz\u00f3 una actividad alusiva en conmemoraci\u00f3n del \u00abD\u00eda Internacional de la Convivencia en Paz\u00bb.<\/p>\n<p>&nbsp;<\/p>\n<p>En la cual participaron alumnos del nivel medio superior, quienes realizaron carteles alusivos a la promoci\u00f3n de la paz, la tolerancia, la inclusi\u00f3n, la comprensi\u00f3n y la solidaridad; las cuales, fueron establecidas por la Asamblea General de las Naciones Unidas en su resoluci\u00f3n 72\/130, la cual tiene como finalidad aceptar las diferencias entre las personas, tener la capacidad de escuchar, reconocer, respetar y apreciar a los dem\u00e1s, as\u00ed como vivir de forma pac\u00edfica y unida.<\/p>\n<p>&nbsp;<\/p>\n<p>Con estas acciones se refrenda la participaci\u00f3n de esta Fiscal\u00eda en apoyo a las actividades en beneficio de los ni\u00f1os y j\u00f3venes y la intenci\u00f3n de impulsarlos a promover la cultura de paz.<\/p>\n","protected":false},"excerpt":{"rendered":"<p>EL SINODAL DE TAMAULIPAS Ciudad Victoria, Tamaulipas.- La Fiscal\u00eda General de Justicia del Estado de Tamaulipas, informa que, a trav\u00e9s de la Direcci\u00f3n General de Atenci\u00f3n Temprana y Mecanismos Alternativos de Soluci\u00f3n de Controversias, se realiz\u00f3 una actividad alusiva en conmemoraci\u00f3n del \u00abD\u00eda Internacional de la Convivencia en Paz\u00bb. &nbsp; En la cual participaron alumnos [&hellip;]<\/p>\n","protected":false},"author":1,"featured_media":205063,"comment_status":"closed","ping_status":"closed","sticky":false,"template":"","format":"standard","meta":{"footnotes":""},"categories":[25],"tags":[],"class_list":["post-205062","post","type-post","status-publish","format-standard","has-post-thumbnail","hentry","category-leyyorden"],"_links":{"self":[{"href":"https:\/\/www.elsinodaldetamaulipas.com.mx\/index.php?rest_route=\/wp\/v2\/posts\/205062","targetHints":{"allow":["GET"]}}],"collection":[{"href":"https:\/\/www.elsinodaldetamaulipas.com.mx\/index.php?rest_route=\/wp\/v2\/posts"}],"about":[{"href":"https:\/\/www.elsinodaldetamaulipas.com.mx\/index.php?rest_route=\/wp\/v2\/types\/post"}],"author":[{"embeddable":true,"href":"https:\/\/www.elsinodaldetamaulipas.com.mx\/index.php?rest_route=\/wp\/v2\/users\/1"}],"replies":[{"embeddable":true,"href":"https:\/\/www.elsinodaldetamaulipas.com.mx\/index.php?rest_route=%2Fwp%2Fv2%2Fcomments&post=205062"}],"version-history":[{"count":1,"href":"https:\/\/www.elsinodaldetamaulipas.com.mx\/index.php?rest_route=\/wp\/v2\/posts\/205062\/revisions"}],"predecessor-version":[{"id":205067,"href":"https:\/\/www.elsinodaldetamaulipas.com.mx\/index.php?rest_route=\/wp\/v2\/posts\/205062\/revisions\/205067"}],"wp:featuredmedia":[{"embeddable":true,"href":"https:\/\/www.elsinodaldetamaulipas.com.mx\/index.php?rest_route=\/wp\/v2\/media\/205063"}],"wp:attachment":[{"href":"https:\/\/www.elsinodaldetamaulipas.com.mx\/index.php?rest_route=%2Fwp%2Fv2%2Fmedia&parent=205062"}],"wp:term":[{"taxonomy":"category","embeddable":true,"href":"https:\/\/www.elsinodaldetamaulipas.com.mx\/index.php?rest_route=%2Fwp%2Fv2%2Fcategories&post=205062"},{"taxonomy":"post_tag","embeddable":true,"href":"https:\/\/www.elsinodaldetamaulipas.com.mx\/index.php?rest_route=%2Fwp%2Fv2%2Ftags&post=205062"}],"curies":[{"name":"wp","href":"https:\/\/api.w.org\/{rel}","templated":true}]}}