{"id":205064,"date":"2025-05-20T23:31:28","date_gmt":"2025-05-21T03:31:28","guid":{"rendered":"https:\/\/www.elsinodaldetamaulipas.com.mx\/?p=205064"},"modified":"2025-05-21T17:12:50","modified_gmt":"2025-05-21T21:12:50","slug":"secuestrador-a-prision-preventiva-por-tres-meses","status":"publish","type":"post","link":"https:\/\/www.elsinodaldetamaulipas.com.mx\/?p=205064","title":{"rendered":"SECUESTRADOR A PRISI\u00d3N PREVENTIVA POR TRES MESES"},"content":{"rendered":"<p><em>EL SINODAL DE TAMAULIPAS<\/em><\/p>\n<p>Ciudad Victoria, Tamaulipas.- La Fiscal\u00eda General de Justicia del Estado de Tamaulipas informa que el Agente del Ministerio P\u00fablico, adscrito a la Unidad Especializada en Combate al Secuestro (UECS), realiz\u00f3 las acciones jur\u00eddicas necesarias para que fuera dictada la vinculaci\u00f3n a proceso en contra de Jorge Luis \u201cT\u201d, por el delito de Secuestro Agravado.<\/p>\n<p>&nbsp;<\/p>\n<p>Un Juez de Control emiti\u00f3 la resoluci\u00f3n despu\u00e9s de que el Representante Social presentara datos de prueba contundentes que acreditaron la probable participaci\u00f3n del acusado, por hechos suscitados el 16 de agosto de 2016, en el municipio de Victoria.<\/p>\n<p>Adem\u00e1s, se otorgaron tres meses de investigaci\u00f3n complementaria y medida cautelar de Prisi\u00f3n preventiva justificada por el tiempo que dure el proceso.<\/p>\n<p>&nbsp;<\/p>\n<p>Con este tipo de acciones, la Fiscal\u00eda General de Justicia del Estado de Tamaulipas refrenda su compromiso de utilizar los medios jur\u00eddicos a su alcance para llevar ante la justicia a todos aquellos que atenten contra el patrimonio, la libertad y la integridad de los tamaulipecos.<\/p>\n<p>&#8212;-<\/p>\n","protected":false},"excerpt":{"rendered":"<p>EL SINODAL DE TAMAULIPAS Ciudad Victoria, Tamaulipas.- La Fiscal\u00eda General de Justicia del Estado de Tamaulipas informa que el Agente del Ministerio P\u00fablico, adscrito a la Unidad Especializada en Combate al Secuestro (UECS), realiz\u00f3 las acciones jur\u00eddicas necesarias para que fuera dictada la vinculaci\u00f3n a proceso en contra de Jorge Luis \u201cT\u201d, por el delito [&hellip;]<\/p>\n","protected":false},"author":1,"featured_media":205065,"comment_status":"closed","ping_status":"closed","sticky":false,"template":"","format":"standard","meta":{"footnotes":""},"categories":[25],"tags":[],"class_list":["post-205064","post","type-post","status-publish","format-standard","has-post-thumbnail","hentry","category-leyyorden"],"_links":{"self":[{"href":"https:\/\/www.elsinodaldetamaulipas.com.mx\/index.php?rest_route=\/wp\/v2\/posts\/205064","targetHints":{"allow":["GET"]}}],"collection":[{"href":"https:\/\/www.elsinodaldetamaulipas.com.mx\/index.php?rest_route=\/wp\/v2\/posts"}],"about":[{"href":"https:\/\/www.elsinodaldetamaulipas.com.mx\/index.php?rest_route=\/wp\/v2\/types\/post"}],"author":[{"embeddable":true,"href":"https:\/\/www.elsinodaldetamaulipas.com.mx\/index.php?rest_route=\/wp\/v2\/users\/1"}],"replies":[{"embeddable":true,"href":"https:\/\/www.elsinodaldetamaulipas.com.mx\/index.php?rest_route=%2Fwp%2Fv2%2Fcomments&post=205064"}],"version-history":[{"count":1,"href":"https:\/\/www.elsinodaldetamaulipas.com.mx\/index.php?rest_route=\/wp\/v2\/posts\/205064\/revisions"}],"predecessor-version":[{"id":205066,"href":"https:\/\/www.elsinodaldetamaulipas.com.mx\/index.php?rest_route=\/wp\/v2\/posts\/205064\/revisions\/205066"}],"wp:featuredmedia":[{"embeddable":true,"href":"https:\/\/www.elsinodaldetamaulipas.com.mx\/index.php?rest_route=\/wp\/v2\/media\/205065"}],"wp:attachment":[{"href":"https:\/\/www.elsinodaldetamaulipas.com.mx\/index.php?rest_route=%2Fwp%2Fv2%2Fmedia&parent=205064"}],"wp:term":[{"taxonomy":"category","embeddable":true,"href":"https:\/\/www.elsinodaldetamaulipas.com.mx\/index.php?rest_route=%2Fwp%2Fv2%2Fcategories&post=205064"},{"taxonomy":"post_tag","embeddable":true,"href":"https:\/\/www.elsinodaldetamaulipas.com.mx\/index.php?rest_route=%2Fwp%2Fv2%2Ftags&post=205064"}],"curies":[{"name":"wp","href":"https:\/\/api.w.org\/{rel}","templated":true}]}}