{"id":205070,"date":"2025-05-21T00:19:24","date_gmt":"2025-05-21T04:19:24","guid":{"rendered":"https:\/\/www.elsinodaldetamaulipas.com.mx\/?p=205070"},"modified":"2025-05-21T00:19:24","modified_gmt":"2025-05-21T04:19:24","slug":"decomisan-moto-y-auto-en-relacion-a-doble-crimen","status":"publish","type":"post","link":"https:\/\/www.elsinodaldetamaulipas.com.mx\/?p=205070","title":{"rendered":"DECOMISAN MOTO Y AUTO EN RELACI\u00d3N A DOBLE CRIMEN"},"content":{"rendered":"<p><em><strong>EL SINODAL DE TAMAULIPAS<\/strong><\/em><\/p>\n<p>Ciudad de Mexico.-El gobierno de la Ciudad de M\u00e9xico (CDMX) sufri\u00f3 un duro golpe este martes tras los asesinatos de Ximena Guzm\u00e1n, secretaria particular de la jefa de gobierno Clara Brugada y su asesor, Jos\u00e9 Mu\u00f1oz, quienes fueron atacados a tiros en una agresi\u00f3n directa en la alcald\u00eda Benito Ju\u00e1rez.<\/p>\n<p>&nbsp;<\/p>\n<p>El crimen contra dos de los colaboradores m\u00e1s cercanos a Clara Brugada, y que ya es investigado por la Fiscal\u00eda capitalina en coordinaci\u00f3n con la Secretar\u00eda de Seguridad Ciudadana (SSC), se registr\u00f3 esta ma\u00f1ana entre la calzada de Tlalpan y la calle Napole\u00f3n, en la colonia Moderna.<\/p>\n<p>&nbsp;<\/p>\n<p>La noticia fue confirmada por la propia jefa de gobierno en sus redes sociales y caus\u00f3 conmoci\u00f3n en plena conferencia ma\u00f1anera de la presidenta Claudia Sheinbaum, donde el secretario de Seguridad y Protecci\u00f3n Ciudadana, Omar Garc\u00eda Harfuch, fue el encargado de dar aviso a la mandataria.<\/p>\n<p>&nbsp;<\/p>\n<p>Por ahora, las investigaciones del doble homicidio de Guzm\u00e1n y Mu\u00f1oz se centran en varias l\u00edneas y resultaron en el aseguramiento de dos veh\u00edculos involucrados en los hechos: una motocicleta abandonada a poca distancia del suceso y un autom\u00f3vil localizado en la alcald\u00eda Iztacalco.<\/p>\n<p>&nbsp;<\/p>\n<p>Al respecto, la jefa de gobierno Clara Brugada ofreci\u00f3 una conferencia de prensa en la que se dijo entristecida por la p\u00e9rdida de dos \u201ccompa\u00f1eros entra\u00f1ables\u201d y reiter\u00f3 que su gobierno seguir\u00e1 luchando contra la inseguridad en la ciudad.<\/p>\n<p>&nbsp;<\/p>\n<p>\u201cNo habr\u00e1 impunidad, los responsables ser\u00e1n detenidos y enfrentar\u00e1n la justicia. Desde el gobierno en la Ciudad de M\u00e9xico enviamos condolencias a sus familiares y seres queridos. Adem\u00e1s, se brindar\u00e1 todo el apoyo necesario\u201d, asegur\u00f3 en un comunicado.<\/p>\n<p style=\"text-align: center;\"><strong>CRONOLOG\u00cdA DEL CRIMEN<\/strong><\/p>\n<p>Minuto a minuto: As\u00ed fue el asesinato de Ximena Guzm\u00e1n y Jos\u00e9 Mu\u00f1oz<\/p>\n<p>7:10 a.m. &#8211; Minutos despu\u00e9s de la siete de la ma\u00f1ana, Ximena Guzm\u00e1n Cuevas, quien conduc\u00eda un Audi color negro sobre Calzada de Tlalpan, se estaciona a la altura del Metro Xola para recoger a Jos\u00e9 Mu\u00f1oz en carriles laterales.<\/p>\n<p>7:13 a.m. &#8211; Una c\u00e1mara de seguridad capta el momento en que un hombre armado, vestido con sudadera blanca y un casco de motociclista, ataca de varios tiros a la secretaria particular de Clara Brugada. Acto seguido, el agresor dispara contra Jos\u00e9 Mu\u00f1oz Vega, quien estaba por abordar el auto. El asesor de Brugada qued\u00f3 tendido en la calle, mientras que Ximena Guzm\u00e1n solo pudo avanzar unos metros antes de golpear su auto contra un poste.<\/p>\n<p>C\u00e1maras de vigilancia captaron el momento exacto del ataque contra Ximena Guzm\u00e1n Cuevas y Jos\u00e9 Mu\u00f1oz Vega.<\/p>\n<p>&nbsp;<\/p>\n<p>7:45 a.m. &#8211; Durante la conferencia matutina de la presidenta Claudia Sheinbaum, se observa al secretario de Seguridad y Protecci\u00f3n Ciudadana, Omar Garc\u00eda Harfuch, acercarse con discreci\u00f3n a la mandataria para informarle del asesinato de los dos colaboradores de Brugada.<\/p>\n<p>&nbsp;<\/p>\n<p>8:25 a.m. &#8211; Menos de una hora despu\u00e9s de los hechos, la jefa de gobierno de la CDMX confirma el crimen contra sus colaboradores a trav\u00e9s de un comunicado en su cuenta de X: \u201cCon profunda tristeza me permito informar lo siguiente. Lamentablemente perdieron la vida durante una agresi\u00f3n directa la Secretaria Particular de la Jefa de Gobierno, Ximena Guzm\u00e1n y Jos\u00e9 Mu\u00f1oz, asesor&#8230;\u201c, indica en su mensaje.<\/p>\n<p>&nbsp;<\/p>\n<p>9:45 a.m. &#8211; Garc\u00eda Harfuch lamenta los asesinatos de Ximena Guzm\u00e1n y \u2018Pepe\u2019 Mu\u00f1oz y anuncia que mantiene comunicaci\u00f3n el secretario de Seguridad capitalino, Pablo V\u00e1zquez Camacho, y la fiscal de la CDMX, Bertha Alcalde Luj\u00e1n, para detener a los responsables. \u201cNo dejaremos que este cobarde hecho quede impune\u201d, escribi\u00f3.<\/p>\n<p>&nbsp;<\/p>\n<p>10:00 a.m. &#8211; Horas despu\u00e9s del ataque, agentes de la Polic\u00eda de Investigaci\u00f3n inspeccionan una motocicleta que fue abandonada sobre la calle Rub\u00e9n Dar\u00edo, a un par de calles donde ocurri\u00f3 la agresi\u00f3n.<\/p>\n<p>&nbsp;<\/p>\n<p>11:38 a.m. &#8211; Minutos antes del mediod\u00eda, la jefa de gobierno encabeza una conferencia a los medios en la que condena los hechos y afirma que se realizar\u00e1 una investigaci\u00f3n rigurosa para esclarecer el ataque: \u201cMe siento muy triste por la p\u00e9rdida de Ximena y Jos\u00e9 por quienes por muchos a\u00f1os compartimos anhelos y luchas\u201d, dice Brugada.<\/p>\n<p>06:53 p.m. &#8211; La Fiscal\u00eda de la CDMX informa que se iniciaron las investigaciones correspondientes y que se lleva el an\u00e1lisis de varias l\u00edneas de investigaci\u00f3n. Agrega que, como resultado del seguimiento de c\u00e1maras de videovigilancia, se asegur\u00f3 una motocicleta, as\u00ed como un auto en la alcald\u00eda Iztacalco, posiblemente vinculados al ataque.<\/p>\n","protected":false},"excerpt":{"rendered":"<p>EL SINODAL DE TAMAULIPAS Ciudad de Mexico.-El gobierno de la Ciudad de M\u00e9xico (CDMX) sufri\u00f3 un duro golpe este martes tras los asesinatos de Ximena Guzm\u00e1n, secretaria particular de la jefa de gobierno Clara Brugada y su asesor, Jos\u00e9 Mu\u00f1oz, quienes fueron atacados a tiros en una agresi\u00f3n directa en la alcald\u00eda Benito Ju\u00e1rez. &nbsp; [&hellip;]<\/p>\n","protected":false},"author":1,"featured_media":205071,"comment_status":"closed","ping_status":"closed","sticky":false,"template":"","format":"standard","meta":{"footnotes":""},"categories":[25,1],"tags":[],"class_list":["post-205070","post","type-post","status-publish","format-standard","has-post-thumbnail","hentry","category-leyyorden","category-portada"],"_links":{"self":[{"href":"https:\/\/www.elsinodaldetamaulipas.com.mx\/index.php?rest_route=\/wp\/v2\/posts\/205070","targetHints":{"allow":["GET"]}}],"collection":[{"href":"https:\/\/www.elsinodaldetamaulipas.com.mx\/index.php?rest_route=\/wp\/v2\/posts"}],"about":[{"href":"https:\/\/www.elsinodaldetamaulipas.com.mx\/index.php?rest_route=\/wp\/v2\/types\/post"}],"author":[{"embeddable":true,"href":"https:\/\/www.elsinodaldetamaulipas.com.mx\/index.php?rest_route=\/wp\/v2\/users\/1"}],"replies":[{"embeddable":true,"href":"https:\/\/www.elsinodaldetamaulipas.com.mx\/index.php?rest_route=%2Fwp%2Fv2%2Fcomments&post=205070"}],"version-history":[{"count":1,"href":"https:\/\/www.elsinodaldetamaulipas.com.mx\/index.php?rest_route=\/wp\/v2\/posts\/205070\/revisions"}],"predecessor-version":[{"id":205072,"href":"https:\/\/www.elsinodaldetamaulipas.com.mx\/index.php?rest_route=\/wp\/v2\/posts\/205070\/revisions\/205072"}],"wp:featuredmedia":[{"embeddable":true,"href":"https:\/\/www.elsinodaldetamaulipas.com.mx\/index.php?rest_route=\/wp\/v2\/media\/205071"}],"wp:attachment":[{"href":"https:\/\/www.elsinodaldetamaulipas.com.mx\/index.php?rest_route=%2Fwp%2Fv2%2Fmedia&parent=205070"}],"wp:term":[{"taxonomy":"category","embeddable":true,"href":"https:\/\/www.elsinodaldetamaulipas.com.mx\/index.php?rest_route=%2Fwp%2Fv2%2Fcategories&post=205070"},{"taxonomy":"post_tag","embeddable":true,"href":"https:\/\/www.elsinodaldetamaulipas.com.mx\/index.php?rest_route=%2Fwp%2Fv2%2Ftags&post=205070"}],"curies":[{"name":"wp","href":"https:\/\/api.w.org\/{rel}","templated":true}]}}