{"id":205074,"date":"2025-05-21T12:59:13","date_gmt":"2025-05-21T16:59:13","guid":{"rendered":"https:\/\/www.elsinodaldetamaulipas.com.mx\/?p=205074"},"modified":"2025-05-21T17:26:55","modified_gmt":"2025-05-21T21:26:55","slug":"205074","status":"publish","type":"post","link":"https:\/\/www.elsinodaldetamaulipas.com.mx\/?p=205074","title":{"rendered":"SAMUEL VALDEZ DEL CARMEN, CONVOCA A VOTAR"},"content":{"rendered":"<p><strong><em>Por Juan Carlos Rodr\u00edguez Terrazas\/EL SINODAL DE TAMAULIPAS<\/em><\/strong><\/p>\n<p>Reynosa, Tam.- \u201cPorque administrar la justicia con eficiencia y responsabilidad son un compromiso moral que he honrado durante ocho a\u00f1os consecutivos en el que he ocupado el cargo de juez de Ejecuci\u00f3n Penal en la Regi\u00f3n Judicial que abarca de Nueva Ciudad Guerrero a Rio Bravo, es por lo que acepte postularme al mismo cargo\u201d, -se\u00f1al\u00f3- el abogado Samuel Valdez del Carmen.<\/p>\n<p>El candidato dentro del proceso de renovaci\u00f3n del poder judicial, es originario de Acapulco, Guerrero, pero radica en Tamaulipas desde hace m\u00e1s de 30 a\u00f1os.<\/p>\n<p>En la Universidad de Matamoros curs\u00f3 la carrera de derecho y a\u00f1os despu\u00e9s se doctor\u00f3 con menci\u00f3n honor\u00edfica en la Universidad Mexicoamericana del Norte.<\/p>\n<p style=\"text-align: center;\"><strong>DESTACA EN PRODUCTIVIDAD<\/strong><\/p>\n<p>Ha trabajado muchos a\u00f1os en la administraci\u00f3n de la justicia, pero fue desde que entr\u00f3 en vigor la Ley Nacional de Ejecuci\u00f3n Penal, que ha realizado sus funciones como juez, ocupando desde entonces el primer lugar en productividad y eficiencia en Tamaulipas, incluidas las cinco regiones judiciales de la entidad.<\/p>\n<p>El doctor Samuel Valdez Del Carmen, radica por cuestiones profesionales en Reynosa desde el a\u00f1o 2022.<\/p>\n<p>\u201cHoy estamos invitando a la poblaci\u00f3n a que revisen la p\u00e1gina \u201cCON\u00d3CELES\u201d del INE, para que corroboren la informaci\u00f3n y voten el primer domingo de junio por la mejor opci\u00f3n que considero representar dignamente\u2026\u201d<\/p>\n<p><img loading=\"lazy\" decoding=\"async\" class=\"aligncenter wp-image-205076 size-full\" src=\"https:\/\/www.elsinodaldetamaulipas.com.mx\/wp-content\/uploads\/2025\/05\/SAMUEL-VALDEZ-2-FOTO.jpg\" alt=\"\" width=\"894\" height=\"487\" srcset=\"https:\/\/www.elsinodaldetamaulipas.com.mx\/wp-content\/uploads\/2025\/05\/SAMUEL-VALDEZ-2-FOTO.jpg 894w, https:\/\/www.elsinodaldetamaulipas.com.mx\/wp-content\/uploads\/2025\/05\/SAMUEL-VALDEZ-2-FOTO-300x163.jpg 300w, https:\/\/www.elsinodaldetamaulipas.com.mx\/wp-content\/uploads\/2025\/05\/SAMUEL-VALDEZ-2-FOTO-768x418.jpg 768w\" sizes=\"auto, (max-width: 894px) 100vw, 894px\" \/><\/p>\n<p style=\"text-align: center;\"><strong>QUE VOTEN POR EL No. 35<\/strong><\/p>\n<p>El aspirante convoc\u00f3 a los ciudadanos que radican en las ciudades de Nueva Ciudad Guerrero, Mier, Miguel Alem\u00e1n, Camargo, D\u00edaz Ordaz, Reynosa y Rio Bravo, a que el d\u00eda del proceso busquen la planilla Naranja, Localicen el recuadro color azur acua y crucen el n\u00famero 35.<\/p>\n<p>\u201cAhi en ese espacio reservado para votar por el Juez de Ejecuci\u00f3n Penal de la Regi\u00f3n Judicial, encontrar\u00e1n otros dos nombres de dos dignos contendientes, pero a los que a diferencia m\u00eda no tienen la experiencia en el cargo, ni resultados que hemos logrado en el ejercicio profesional\u2026\u201d<\/p>\n<p>En la administraci\u00f3n de la justicia no estamos para improvisaciones, dijo.<\/p>\n<p><img loading=\"lazy\" decoding=\"async\" class=\"aligncenter wp-image-205108 size-large\" src=\"https:\/\/www.elsinodaldetamaulipas.com.mx\/wp-content\/uploads\/2025\/05\/SAMUEL-1024x662.jpg\" alt=\"\" width=\"640\" height=\"414\" srcset=\"https:\/\/www.elsinodaldetamaulipas.com.mx\/wp-content\/uploads\/2025\/05\/SAMUEL-1024x662.jpg 1024w, https:\/\/www.elsinodaldetamaulipas.com.mx\/wp-content\/uploads\/2025\/05\/SAMUEL-300x194.jpg 300w, https:\/\/www.elsinodaldetamaulipas.com.mx\/wp-content\/uploads\/2025\/05\/SAMUEL-768x497.jpg 768w, https:\/\/www.elsinodaldetamaulipas.com.mx\/wp-content\/uploads\/2025\/05\/SAMUEL-1536x994.jpg 1536w, https:\/\/www.elsinodaldetamaulipas.com.mx\/wp-content\/uploads\/2025\/05\/SAMUEL.jpg 1600w\" sizes=\"auto, (max-width: 640px) 100vw, 640px\" \/><\/p>\n<p style=\"text-align: center;\"><strong>CAMPA\u00d1AS LIMITADAS<\/strong><\/p>\n<p>M\u00e1s adelante el entrevistado aclar\u00f3 que su campa\u00f1a se ha limitado \u00fanicamente a realizarse los d\u00edas s\u00e1bados, domingos y d\u00edas inh\u00e1biles o en los horarios fuera de servicio.<\/p>\n<p>El juez Samuel, aclar\u00f3 la m\u00e1s importante raz\u00f3n por la que decidi\u00f3 no solicitar licencia es porque sabe de la fuerte carga de trabajo que existe en ese juzgado y habilitar personal desacelerar\u00eda el paso de la actividad que ah\u00ed se realiza y que como lo marcan los n\u00fameros alejar\u00eda de los resultados obtenidos consecutivamente desde el 2016.<\/p>\n<p>\u201cTraemos muy forzado el itinerario de campa\u00f1a para los \u00faltimos d\u00edas del tiempo permitido para hacer proselitismo y que concluye el d\u00eda 28 del mes en curso, donde somos muy supervisados por el INE, hemos visitado todos los municipios de la jurisdicci\u00f3n recorriendo calles, plazas y domicilios particulares donde nos hemos identificado con los ciudadanos y potenciales votantes\u2026\u201d<\/p>\n<p style=\"text-align: center;\"><strong>HA FALTADO INFORMACI\u00d3N<\/strong><\/p>\n<p>Ciertamente los jueces no somos gentes afiliadas a partidos, ni sujetos muy populares, pues el trabajo es de oficina revisando expedientes por ello tenemos la dificultad para penetrar entre las grandes masas, adem\u00e1s de que las propias reglas de elecci\u00f3n nos limitan, pero pese a ello donde hemos tenido la oportunidad de ir con las personas., les explicamos amplia y detalladamente de que se trata el proceso.<\/p>\n<p>Nuestro llamado principal es que el ciudadano revise la p\u00e1gina del INE, analice las propuestas en \u201cCONOCELES\u201d y realicen su lista de candidatos de su preferencia para llenar las 10 boletas, y por mi parte les reitero la petici\u00f3n para que me otorguen su confianza, dando el voto razonado y bien informado en la planilla Naranja, recuadro color acua y el n\u00famero 35; con la seguridad de que no les fallar\u00e9\u201d, puntualiz\u00f3.<\/p>\n","protected":false},"excerpt":{"rendered":"<p>Por Juan Carlos Rodr\u00edguez Terrazas\/EL SINODAL DE TAMAULIPAS Reynosa, Tam.- \u201cPorque administrar la justicia con eficiencia y responsabilidad son un compromiso moral que he honrado durante ocho a\u00f1os consecutivos en el que he ocupado el cargo de juez de Ejecuci\u00f3n Penal en la Regi\u00f3n Judicial que abarca de Nueva Ciudad Guerrero a Rio Bravo, es [&hellip;]<\/p>\n","protected":false},"author":1,"featured_media":205075,"comment_status":"closed","ping_status":"closed","sticky":false,"template":"","format":"standard","meta":{"footnotes":""},"categories":[1,2],"tags":[],"class_list":["post-205074","post","type-post","status-publish","format-standard","has-post-thumbnail","hentry","category-portada","category-reynosa"],"_links":{"self":[{"href":"https:\/\/www.elsinodaldetamaulipas.com.mx\/index.php?rest_route=\/wp\/v2\/posts\/205074","targetHints":{"allow":["GET"]}}],"collection":[{"href":"https:\/\/www.elsinodaldetamaulipas.com.mx\/index.php?rest_route=\/wp\/v2\/posts"}],"about":[{"href":"https:\/\/www.elsinodaldetamaulipas.com.mx\/index.php?rest_route=\/wp\/v2\/types\/post"}],"author":[{"embeddable":true,"href":"https:\/\/www.elsinodaldetamaulipas.com.mx\/index.php?rest_route=\/wp\/v2\/users\/1"}],"replies":[{"embeddable":true,"href":"https:\/\/www.elsinodaldetamaulipas.com.mx\/index.php?rest_route=%2Fwp%2Fv2%2Fcomments&post=205074"}],"version-history":[{"count":4,"href":"https:\/\/www.elsinodaldetamaulipas.com.mx\/index.php?rest_route=\/wp\/v2\/posts\/205074\/revisions"}],"predecessor-version":[{"id":205110,"href":"https:\/\/www.elsinodaldetamaulipas.com.mx\/index.php?rest_route=\/wp\/v2\/posts\/205074\/revisions\/205110"}],"wp:featuredmedia":[{"embeddable":true,"href":"https:\/\/www.elsinodaldetamaulipas.com.mx\/index.php?rest_route=\/wp\/v2\/media\/205075"}],"wp:attachment":[{"href":"https:\/\/www.elsinodaldetamaulipas.com.mx\/index.php?rest_route=%2Fwp%2Fv2%2Fmedia&parent=205074"}],"wp:term":[{"taxonomy":"category","embeddable":true,"href":"https:\/\/www.elsinodaldetamaulipas.com.mx\/index.php?rest_route=%2Fwp%2Fv2%2Fcategories&post=205074"},{"taxonomy":"post_tag","embeddable":true,"href":"https:\/\/www.elsinodaldetamaulipas.com.mx\/index.php?rest_route=%2Fwp%2Fv2%2Ftags&post=205074"}],"curies":[{"name":"wp","href":"https:\/\/api.w.org\/{rel}","templated":true}]}}