{"id":205083,"date":"2025-05-21T13:47:31","date_gmt":"2025-05-21T17:47:31","guid":{"rendered":"https:\/\/www.elsinodaldetamaulipas.com.mx\/?p=205083"},"modified":"2025-05-21T13:52:23","modified_gmt":"2025-05-21T17:52:23","slug":"coordinan-esfuerzos-para-aprehender-a-homicidas","status":"publish","type":"post","link":"https:\/\/www.elsinodaldetamaulipas.com.mx\/?p=205083","title":{"rendered":"COORDINAN ESFUERZOS PARA APREHENDER A HOMICIDAS"},"content":{"rendered":"<p><strong><em>EL SINODAL DE TAMAULIPAS<\/em><\/strong><\/p>\n<p>Ciudad de M\u00e9xico.- Ximena Guzm\u00e1n, secretaria personal de la jefa de gobierno capitalina Clara Brugada, y Jos\u00e9 Mu\u00f1oz, asesor, fueron asesinados esta ma\u00f1ana en plena calle y en hora pico, seg\u00fan inform\u00f3 la oficina de Brugada en un comunicado. Ambos fueron v\u00edctimas de una \u00abagresi\u00f3n directa\u00bb, denunci\u00f3 la jefa de gobierno capitalina.<\/p>\n<p>&nbsp;<\/p>\n<p>Las v\u00edctimas formaban parte del partido de izquierda Morena, al igual que la alcaldesa y la presidenta de la Rep\u00fablica, Claudia Sheinbaum. Se desconoce por el momento el paradero de los asesinos. La polic\u00eda de Ciudad de M\u00e9xico abri\u00f3 una investigaci\u00f3n con el apoyo de fuerzas federales.<\/p>\n<p>&nbsp;<\/p>\n<p>Las autoridades est\u00e1n investigando el m\u00f3vil del crimen y revisan c\u00e1maras de vigilancia para identificar a los responsables, que viajaban en una motocicleta.<\/p>\n<p>&nbsp;<\/p>\n<p>Seg\u00fan un video de esas c\u00e1maras, un hombre vestido de blanco dispara contra el parabrisas del veh\u00edculo que conduc\u00eda Guzm\u00e1n, quien esperaba al asesor estacionada a un costado de la avenida que conecta el centro con el sur de la ciudad.<\/p>\n<p>&nbsp;<\/p>\n<p>Luego el atacante dispara contra Mu\u00f1oz, quien estaba por subirse al veh\u00edculo y qued\u00f3 tendido en el suelo, y vuelve a abrir fuego contra la ventanilla de la conductora. Tras el ataque, el pistolero se aleja corriendo.<\/p>\n<p>&nbsp;<\/p>\n<p>En una breve rueda de prensa, Brugada lament\u00f3 el atentado y rindi\u00f3 homenaje al asesor y a su secretaria, a quien defini\u00f3 como \u00abuna mujer maravillosa, incansable\u00bb.<\/p>\n<p>&nbsp;<\/p>\n<p>Las pesquisas est\u00e1n a cargo de la Secretar\u00eda de Seguridad Ciudadana y de la Fiscal\u00eda local, que no precisaron la edad de los fallecidos.<\/p>\n<p>&nbsp;<\/p>\n<p>Ximena Guzm\u00e1n formaba parte del c\u00edrculo m\u00e1s cercano de la jefa de Gobierno, seg\u00fan inform\u00f3 nuestra corresponsal en Ciudad de M\u00e9xico, Gwendolina Duval.<\/p>\n<p>&nbsp;<\/p>\n<p>Aumento de la violencia ante la proximidad de las elecciones<\/p>\n<p>El impacto ha sido enorme en la capital mexicana, golpeada en el coraz\u00f3n de su gobierno, en una ciudad que suele considerarse m\u00e1s segura que otras regiones del pa\u00eds. A lo largo del d\u00eda, las reacciones se multiplicaron en la clase pol\u00edtica local y nacional.<\/p>\n<p>&nbsp;<\/p>\n<p>Aunque los dos colaboradores no eran ni funcionarios electos ni candidatos, su muerte evidencia el aumento sistem\u00e1tico de la violencia pol\u00edtica en v\u00edsperas de cualquier elecci\u00f3n. Con los comicios programados para el 2 de junio, entre ellos las elecciones judiciales, el mes de abril ya fue particularmente violento.<\/p>\n<p>&nbsp;<\/p>\n<p>La asociaci\u00f3n Data C\u00edvica registr\u00f3 35 ataques relacionados con el \u00e1mbito pol\u00edtico, entre ellos 23 asesinatos en todo el pa\u00eds. Desde comienzos de a\u00f1o, la organizaci\u00f3n contabiliza al menos 182 ataques contra pol\u00edticos, funcionarios y colaboradores.<\/p>\n<p>&nbsp;<\/p>\n<p>La presidenta Sheinbaum, quien tambi\u00e9n gobern\u00f3 la ciudad entre 2018 y 2023, expres\u00f3 sus condolencias y dijo que las v\u00edctimas trabajaban en su movimiento pol\u00edtico \u00abdesde hace mucho tiempo\u00bb.<\/p>\n<p>&nbsp;<\/p>\n<p>Brugada, por su parte, garantiz\u00f3 que su gobierno mantendr\u00e1 una \u00ablucha implacable contra la inseguridad\u00bb. La metr\u00f3poli es una de las sedes del Mundial de f\u00fatbol de 2026, que organizar\u00e1n M\u00e9xico, Estados Unidos y Canad\u00e1.<\/p>\n<p>&nbsp;<\/p>\n<p>Varios funcionarios del gobierno de Ciudad de M\u00e9xico condenaron el doble homicidio.<\/p>\n<p>&nbsp;<\/p>\n<p>\u00abNo habr\u00e1 impunidad\u00bb, advirti\u00f3 en la red social X Pablo V\u00e1zquez, secretario de Seguridad p\u00fablica de la alcald\u00eda.<\/p>\n<p>&nbsp;<\/p>\n<p>Los responsables de los 16 distritos en los que se divide la capital tambi\u00e9n expresaron sus condolencias.<\/p>\n<p>&nbsp;<\/p>\n<p>\u00abSumamos todos nuestros esfuerzos en coordinaci\u00f3n con todos los niveles de gobierno para que este hecho no quede impune\u00bb, se\u00f1alaron en un comunicado.<\/p>\n","protected":false},"excerpt":{"rendered":"<p>EL SINODAL DE TAMAULIPAS Ciudad de M\u00e9xico.- Ximena Guzm\u00e1n, secretaria personal de la jefa de gobierno capitalina Clara Brugada, y Jos\u00e9 Mu\u00f1oz, asesor, fueron asesinados esta ma\u00f1ana en plena calle y en hora pico, seg\u00fan inform\u00f3 la oficina de Brugada en un comunicado. Ambos fueron v\u00edctimas de una \u00abagresi\u00f3n directa\u00bb, denunci\u00f3 la jefa de gobierno [&hellip;]<\/p>\n","protected":false},"author":1,"featured_media":205089,"comment_status":"closed","ping_status":"closed","sticky":false,"template":"","format":"standard","meta":{"footnotes":""},"categories":[25,1],"tags":[],"class_list":["post-205083","post","type-post","status-publish","format-standard","has-post-thumbnail","hentry","category-leyyorden","category-portada"],"_links":{"self":[{"href":"https:\/\/www.elsinodaldetamaulipas.com.mx\/index.php?rest_route=\/wp\/v2\/posts\/205083","targetHints":{"allow":["GET"]}}],"collection":[{"href":"https:\/\/www.elsinodaldetamaulipas.com.mx\/index.php?rest_route=\/wp\/v2\/posts"}],"about":[{"href":"https:\/\/www.elsinodaldetamaulipas.com.mx\/index.php?rest_route=\/wp\/v2\/types\/post"}],"author":[{"embeddable":true,"href":"https:\/\/www.elsinodaldetamaulipas.com.mx\/index.php?rest_route=\/wp\/v2\/users\/1"}],"replies":[{"embeddable":true,"href":"https:\/\/www.elsinodaldetamaulipas.com.mx\/index.php?rest_route=%2Fwp%2Fv2%2Fcomments&post=205083"}],"version-history":[{"count":1,"href":"https:\/\/www.elsinodaldetamaulipas.com.mx\/index.php?rest_route=\/wp\/v2\/posts\/205083\/revisions"}],"predecessor-version":[{"id":205085,"href":"https:\/\/www.elsinodaldetamaulipas.com.mx\/index.php?rest_route=\/wp\/v2\/posts\/205083\/revisions\/205085"}],"wp:featuredmedia":[{"embeddable":true,"href":"https:\/\/www.elsinodaldetamaulipas.com.mx\/index.php?rest_route=\/wp\/v2\/media\/205089"}],"wp:attachment":[{"href":"https:\/\/www.elsinodaldetamaulipas.com.mx\/index.php?rest_route=%2Fwp%2Fv2%2Fmedia&parent=205083"}],"wp:term":[{"taxonomy":"category","embeddable":true,"href":"https:\/\/www.elsinodaldetamaulipas.com.mx\/index.php?rest_route=%2Fwp%2Fv2%2Fcategories&post=205083"},{"taxonomy":"post_tag","embeddable":true,"href":"https:\/\/www.elsinodaldetamaulipas.com.mx\/index.php?rest_route=%2Fwp%2Fv2%2Ftags&post=205083"}],"curies":[{"name":"wp","href":"https:\/\/api.w.org\/{rel}","templated":true}]}}