{"id":205095,"date":"2025-05-21T14:16:23","date_gmt":"2025-05-21T18:16:23","guid":{"rendered":"https:\/\/www.elsinodaldetamaulipas.com.mx\/?p=205095"},"modified":"2025-05-21T14:16:23","modified_gmt":"2025-05-21T18:16:23","slug":"empapelan-como-terroristas-a-par-de-delicuentes-2","status":"publish","type":"post","link":"https:\/\/www.elsinodaldetamaulipas.com.mx\/?p=205095","title":{"rendered":"\u00abEMPAPELAN\u201d COMO TERRORISTAS A PAR DE DELICUENTES"},"content":{"rendered":"<p>\u201cEl Ricky\u201d y \u201dEl Miguelon pertenecen al Cartel del Noreste<\/p>\n<p><strong><em>EL SINODAL DE TAMAULIPAS<\/em><\/strong><\/p>\n<p>Nueva York.- EEUU.- El Departamento de Tesoro de Estados Unidos (EEUU), a trav\u00e9s de la Oficina de Control de Activos Extranjeros (OFAC), sancion\u00f3 a dos altos mandos del C\u00e1rtel del Noreste, agrupaci\u00f3n criminal designada como organizaci\u00f3n terrorista extranjera.<\/p>\n<p>&nbsp;<\/p>\n<p>Se trata de Ricardo Gonz\u00e1lez Sauceda, alias El Ricky, y de Miguel \u00c1ngel de Anda Ledezma, alias Miguel\u00f3n. Ambos son considerados como miembros de alto rango de la organizaci\u00f3n criminal implicados en el tr\u00e1fico de drogas.<\/p>\n<p>&nbsp;<\/p>\n<p>La sanci\u00f3n contra los dos mexicanos fue anunciada este mi\u00e9rcoles por el secretario del Tesoro, Scott Bessent. Inform\u00f3 que esta designaci\u00f3n responde a la campa\u00f1a emprendida por el presidente Donald Trump para desmantelar a las organizaciones terroristas extranjeras.<\/p>\n<p>&nbsp;<\/p>\n<p>\u201cEl C\u00e1rtel del Noreste y sus l\u00edderes han llevado a cabo una violenta campa\u00f1a de intimidaci\u00f3n, secuestro y terrorismo que amenaza a las comunidades de ambos lados de nuestra frontera sur\u201d, declar\u00f3 al respecto el secretario Bessent.<\/p>\n<p>&nbsp;<\/p>\n<p>\u201cMiguel\u00f3n\u201d es originario de Nuevo Laredo, Tamaulipas. Naci\u00f3 el 16 de septiembre de 1984. A sus 40 a\u00f1os de edad es identificado como miembro destacado del C\u00e1rtel del Noreste.<\/p>\n<p>&nbsp;<\/p>\n<p>Seg\u00fan los reportes del Departamento del Tesoro, Miguel\u00f3n se dedica a la compra de armas y municiones para la organizaci\u00f3n criminal. Como parte de sus actividades il\u00edcitas, ha supervisado los pagos a facilitadores y testaferros en EEUU.<\/p>\n<p>&nbsp;<\/p>\n<p>Una de las armas adquiridas por Miguel\u00f3n fue recuperada luego de que se usara en un ataque armado contra el Ej\u00e9rcito Mexicano, registrado en marzo del a\u00f1o pasado.<\/p>\n<p>&nbsp;<\/p>\n<p>El Ricky tambi\u00e9n es oriundo de Nuevo Laredo, Tamaulipas, donde naci\u00f3 el 21 de enero de 1998. Antes de su detenci\u00f3n, este sujeto era identificado como \u201cel segundo al mando\u201d del C\u00e1rtel del Noreste, s\u00f3lo por detr\u00e1s de Juan Cisneros Trevi\u00f1o, alias Juanito Trevi\u00f1o, uno de los l\u00edderes de la organizaci\u00f3n.<\/p>\n<p><strong><img loading=\"lazy\" decoding=\"async\" class=\"aligncenter wp-image-205096 size-full\" src=\"https:\/\/www.elsinodaldetamaulipas.com.mx\/wp-content\/uploads\/2025\/05\/EL-RICKY-1.jpeg\" alt=\"\" width=\"992\" height=\"558\" srcset=\"https:\/\/www.elsinodaldetamaulipas.com.mx\/wp-content\/uploads\/2025\/05\/EL-RICKY-1.jpeg 992w, https:\/\/www.elsinodaldetamaulipas.com.mx\/wp-content\/uploads\/2025\/05\/EL-RICKY-1-300x169.jpeg 300w, https:\/\/www.elsinodaldetamaulipas.com.mx\/wp-content\/uploads\/2025\/05\/EL-RICKY-1-768x432.jpeg 768w\" sizes=\"auto, (max-width: 992px) 100vw, 992px\" \/>\u00a0<\/strong><\/p>\n<p><strong>La banda criminal del &#8216;Ricky&#8217;<\/strong><\/p>\n<p>La banda criminal del &#8216;Ricky&#8217; opera en Tamaulipas, Coahuila y Nuevo Le\u00f3n. (SSPC)<\/p>\n<p>Al igual que Miguel\u00f3n, El Ricky se involucr\u00f3 en el tr\u00e1fico de armas de fuego, las cuales eran usadas en agresiones hacia polic\u00edas locales y fuerzas federales. Aunado a ello, estaba implicado en el tr\u00e1fico de drogas.<\/p>\n<p>&nbsp;<\/p>\n<p>El 17 de agosto de 2024, El Ricky particip\u00f3 en un ataque contra el Ej\u00e9rcito Mexicano bajo una c\u00e9lula delictiva conocida como \u201cLos Chukys\u201d, vinculada al C\u00e1rtel del Noreste. En esa ocasi\u00f3n, dos militares fallecieron y otros cinco resultaron lesionados.<\/p>\n<p>&nbsp;<\/p>\n<p>El 3 de febrero del a\u00f1o en curso, El Ricky fue detenido por la Guardia Nacional en la colonia 150 Aniversario, ubicada en Nuevo Laredo. Aunque intent\u00f3 darse a la fuga, fue interceptado por las autoridades.<\/p>\n<p>&nbsp;<\/p>\n<p>Al momento de su detenci\u00f3n pose\u00eda un arma de fuego corta y una larga, 434 gramos de metanfetamina y 1,509 pastillas de fentanilo, el mortal opioide sint\u00e9tico que ha causado una crisis de salud p\u00fablica en EEUU.<\/p>\n<p>&nbsp;<\/p>\n<p>Una semana despu\u00e9s, El Ricky fue vinculado a proceso por delitos contra la salud y posesi\u00f3n de armas de uso exclusivo del Ej\u00e9rcito. Actualmente se encuentra recluido en el Centro de Readaptaci\u00f3n Social (Cefereso) N\u00famero 1, tambi\u00e9n conocido como El Altiplano, ubicado en el municipio de Almoloya de Ju\u00e1rez en el Estado de M\u00e9xico (Edomex).<\/p>\n","protected":false},"excerpt":{"rendered":"<p>\u201cEl Ricky\u201d y \u201dEl Miguelon pertenecen al Cartel del Noreste EL SINODAL DE TAMAULIPAS Nueva York.- EEUU.- El Departamento de Tesoro de Estados Unidos (EEUU), a trav\u00e9s de la Oficina de Control de Activos Extranjeros (OFAC), sancion\u00f3 a dos altos mandos del C\u00e1rtel del Noreste, agrupaci\u00f3n criminal designada como organizaci\u00f3n terrorista extranjera. &nbsp; Se trata [&hellip;]<\/p>\n","protected":false},"author":1,"featured_media":205091,"comment_status":"closed","ping_status":"closed","sticky":false,"template":"","format":"standard","meta":{"footnotes":""},"categories":[25],"tags":[],"class_list":["post-205095","post","type-post","status-publish","format-standard","has-post-thumbnail","hentry","category-leyyorden"],"_links":{"self":[{"href":"https:\/\/www.elsinodaldetamaulipas.com.mx\/index.php?rest_route=\/wp\/v2\/posts\/205095","targetHints":{"allow":["GET"]}}],"collection":[{"href":"https:\/\/www.elsinodaldetamaulipas.com.mx\/index.php?rest_route=\/wp\/v2\/posts"}],"about":[{"href":"https:\/\/www.elsinodaldetamaulipas.com.mx\/index.php?rest_route=\/wp\/v2\/types\/post"}],"author":[{"embeddable":true,"href":"https:\/\/www.elsinodaldetamaulipas.com.mx\/index.php?rest_route=\/wp\/v2\/users\/1"}],"replies":[{"embeddable":true,"href":"https:\/\/www.elsinodaldetamaulipas.com.mx\/index.php?rest_route=%2Fwp%2Fv2%2Fcomments&post=205095"}],"version-history":[{"count":1,"href":"https:\/\/www.elsinodaldetamaulipas.com.mx\/index.php?rest_route=\/wp\/v2\/posts\/205095\/revisions"}],"predecessor-version":[{"id":205097,"href":"https:\/\/www.elsinodaldetamaulipas.com.mx\/index.php?rest_route=\/wp\/v2\/posts\/205095\/revisions\/205097"}],"wp:featuredmedia":[{"embeddable":true,"href":"https:\/\/www.elsinodaldetamaulipas.com.mx\/index.php?rest_route=\/wp\/v2\/media\/205091"}],"wp:attachment":[{"href":"https:\/\/www.elsinodaldetamaulipas.com.mx\/index.php?rest_route=%2Fwp%2Fv2%2Fmedia&parent=205095"}],"wp:term":[{"taxonomy":"category","embeddable":true,"href":"https:\/\/www.elsinodaldetamaulipas.com.mx\/index.php?rest_route=%2Fwp%2Fv2%2Fcategories&post=205095"},{"taxonomy":"post_tag","embeddable":true,"href":"https:\/\/www.elsinodaldetamaulipas.com.mx\/index.php?rest_route=%2Fwp%2Fv2%2Ftags&post=205095"}],"curies":[{"name":"wp","href":"https:\/\/api.w.org\/{rel}","templated":true}]}}