{"id":205111,"date":"2025-05-21T17:50:02","date_gmt":"2025-05-21T21:50:02","guid":{"rendered":"https:\/\/www.elsinodaldetamaulipas.com.mx\/?p=205111"},"modified":"2025-05-21T21:08:29","modified_gmt":"2025-05-22T01:08:29","slug":"cmb-reconsidera-sacar-a-paquiao-de-clasificaciones","status":"publish","type":"post","link":"https:\/\/www.elsinodaldetamaulipas.com.mx\/?p=205111","title":{"rendered":"CMB RECONSIDERA SACAR A PAQUIAO DE CLASIFICACIONES"},"content":{"rendered":"<h3>De cualquier forma le permitir\u00e1 disputar el campeonato mundial<\/h3>\n<p>&nbsp;<\/p>\n<p><em>EL SINODAL DE TAMAULIPAS<\/em><\/p>\n<p>Ciudad de M\u00e9xico.- El reglamento del CMB contempla una excepci\u00f3n para que boxeadores considerados leyendas puedan disputar un t\u00edtulo mundial, a pesar de qu\u00e9 lleven tiempo retirados.<\/p>\n<p>El reglamento del CMB contempla una excepci\u00f3n para que boxeadores considerados leyendas puedan disputar un t\u00edtulo mundial, a pesar de qu\u00e9 lleven tiempo retirados.<\/p>\n<p>&nbsp;<\/p>\n<p>El regreso de Manny Pacquiao al boxeo profesional ha generado una ola de reacciones, elogios y tambi\u00e9n cuestionamientos.<\/p>\n<p>&nbsp;<\/p>\n<p>Esta semana \u2014durante la reuni\u00f3n del Consejo Mundial de Boxeo\u2014 el presidente del organismo, Mauricio Sulaim\u00e1n, admiti\u00f3 que fue un error incluir al Peleador, filipino en las clasificaciones mundiales, tras cuatro a\u00f1os de inactividad.<\/p>\n<p>&nbsp;<\/p>\n<p>Pacquiao, de 46 a\u00f1os, fue colocado en la quinta posici\u00f3n del ranking a la par de la confirmaci\u00f3n de su duelo frente al campe\u00f3n, Mario Barrios programada para el pr\u00f3ximo 19 de julio.<\/p>\n<p>Sin embargo, la decisi\u00f3n fue duramente criticada por diversos sectores al considerar que su inclusi\u00f3n result\u00f3 una maniobra irregular.<\/p>\n<p>\u201cNos equivocamos al clasificarlo n\u00famero cinco, porque gener\u00f3 confusi\u00f3n, y la gente lo tom\u00f3 como un acto de maniobra. Se le autoriz\u00f3 la pelea, porque el reglamento as\u00ed lo permite, pero creo que lo vamos a quitar de las clasificaciones\u201d, explic\u00f3 Sulaim\u00e1n en entrevista.<\/p>\n<p>Pacquiao es el \u00fanico peleador en la historia que ha logrado ganar campeonatos mundiales<\/p>\n<p>El reglamento del CMB contempla una excepci\u00f3n para que boxeadores considerados leyendas puedan disputar un t\u00edtulo mundial, a pesar de qu\u00e9 lleven tiempo retirados, siempre y cuando cumplan con ex\u00e1menes m\u00e9dicos y obtengan licencia de la comisi\u00f3n correspondiente.<\/p>\n<p>&nbsp;<\/p>\n<p>En el caso del tagalo, ambas condiciones fueron cumplidas, por lo que la junta de gobierno habl\u00f3 el combate.<\/p>\n<p>&nbsp;<\/p>\n<p>El timing no es casual, pues este reconocimiento llega por festejar una trayectoria inigualable, ya que es el \u00fanico peleador en la historia que ha logrado ganar campeonatos mundiales en ocho divisiones diferentes.<\/p>\n<p>La pelea profesional m\u00e1s reciente fue en agosto del 2021<\/p>\n<p>Su \u00faltima pelea profesional fue en agosto del 2021, cuando cay\u00f3 por decisi\u00f3n un\u00e1nime ante el cubano Yordenis Ugas. Entonces se hab\u00eda mantenido con un par de peleas de exhibici\u00f3n, y estuvo m\u00e1s centrado en su carrera pol\u00edtica o actividades sociales en Filipinas. El regreso de Pacquiao ha estado acompa\u00f1ado tambi\u00e9n por un tinte familiar, pues su hijo Jimuel, debutara como profesional en la misma cartelera, lo que convierte la velada en un evento especial para el apellido Pacquiao.<\/p>\n<p>&nbsp;<\/p>\n<p>El veterano o Peleador se traslad\u00f3 el fin de semana a California, en donde ya inici\u00f3 su preparaci\u00f3n formal en el Gimnasio Wildcard de Los Angeles, \u00a0bajo la direcci\u00f3n de su entrenador, Freddie Roach. Aunque el deseo de volver a coronar, se parece intacto el debate sobre su estado f\u00edsico y actitudes, sigue abierto y por ahora el CMB ha dejado claro que replantar\u00e1 su presencia en el listado, pero no le restar\u00e1 la oportunidad de hacer historia, como en su momento lo hicieron campeones como Ray Leonard o George Foreman.<\/p>\n<p>&nbsp;<\/p>\n<p>&nbsp;<\/p>\n","protected":false},"excerpt":{"rendered":"<p>De cualquier forma le permitir\u00e1 disputar el campeonato mundial &nbsp; EL SINODAL DE TAMAULIPAS Ciudad de M\u00e9xico.- El reglamento del CMB contempla una excepci\u00f3n para que boxeadores considerados leyendas puedan disputar un t\u00edtulo mundial, a pesar de qu\u00e9 lleven tiempo retirados. El reglamento del CMB contempla una excepci\u00f3n para que boxeadores considerados leyendas puedan disputar [&hellip;]<\/p>\n","protected":false},"author":1,"featured_media":205112,"comment_status":"closed","ping_status":"closed","sticky":false,"template":"","format":"standard","meta":{"footnotes":""},"categories":[5,1],"tags":[],"class_list":["post-205111","post","type-post","status-publish","format-standard","has-post-thumbnail","hentry","category-deportes","category-portada"],"_links":{"self":[{"href":"https:\/\/www.elsinodaldetamaulipas.com.mx\/index.php?rest_route=\/wp\/v2\/posts\/205111","targetHints":{"allow":["GET"]}}],"collection":[{"href":"https:\/\/www.elsinodaldetamaulipas.com.mx\/index.php?rest_route=\/wp\/v2\/posts"}],"about":[{"href":"https:\/\/www.elsinodaldetamaulipas.com.mx\/index.php?rest_route=\/wp\/v2\/types\/post"}],"author":[{"embeddable":true,"href":"https:\/\/www.elsinodaldetamaulipas.com.mx\/index.php?rest_route=\/wp\/v2\/users\/1"}],"replies":[{"embeddable":true,"href":"https:\/\/www.elsinodaldetamaulipas.com.mx\/index.php?rest_route=%2Fwp%2Fv2%2Fcomments&post=205111"}],"version-history":[{"count":4,"href":"https:\/\/www.elsinodaldetamaulipas.com.mx\/index.php?rest_route=\/wp\/v2\/posts\/205111\/revisions"}],"predecessor-version":[{"id":205151,"href":"https:\/\/www.elsinodaldetamaulipas.com.mx\/index.php?rest_route=\/wp\/v2\/posts\/205111\/revisions\/205151"}],"wp:featuredmedia":[{"embeddable":true,"href":"https:\/\/www.elsinodaldetamaulipas.com.mx\/index.php?rest_route=\/wp\/v2\/media\/205112"}],"wp:attachment":[{"href":"https:\/\/www.elsinodaldetamaulipas.com.mx\/index.php?rest_route=%2Fwp%2Fv2%2Fmedia&parent=205111"}],"wp:term":[{"taxonomy":"category","embeddable":true,"href":"https:\/\/www.elsinodaldetamaulipas.com.mx\/index.php?rest_route=%2Fwp%2Fv2%2Fcategories&post=205111"},{"taxonomy":"post_tag","embeddable":true,"href":"https:\/\/www.elsinodaldetamaulipas.com.mx\/index.php?rest_route=%2Fwp%2Fv2%2Ftags&post=205111"}],"curies":[{"name":"wp","href":"https:\/\/api.w.org\/{rel}","templated":true}]}}