{"id":205117,"date":"2025-05-21T19:26:04","date_gmt":"2025-05-21T23:26:04","guid":{"rendered":"https:\/\/www.elsinodaldetamaulipas.com.mx\/?p=205117"},"modified":"2025-05-21T19:26:04","modified_gmt":"2025-05-21T23:26:04","slug":"morir-frente-a-la-camara","status":"publish","type":"post","link":"https:\/\/www.elsinodaldetamaulipas.com.mx\/?p=205117","title":{"rendered":"MORIR FRENTE A LA C\u00c1MARA"},"content":{"rendered":"<p><strong>INTERIORES<\/strong><\/p>\n<p><strong>CARLOS L\u00d3PEZ ARRIAGA<\/strong><\/p>\n<p><strong>Cd. Victoria, Tam.- <\/strong>Zapopan, Jalisco, \u00bffeminicidio?, s\u00ed, por supuesto; \u00bfrevictimizaron los medios a la influencer ca\u00edda VALERIA M\u00c1RQUEZ, como se quej\u00f3, entre otras, CITLALLI HERN\u00c1NDEZ?, afirmativo. \u00bfEscandalizan los comunicadores con el dolor de una familia?, sin duda. \u00bfSe abona el caso a la cadena de abusos perpetrada contra las mujeres en este pa\u00eds?, desde luego.<\/p>\n<p>Coincidimos en lo b\u00e1sico. Aunque una vez formulados dichos considerandos, caben tambi\u00e9n los asegunes. En principio, era inevitable que se viralizara una nota de tal impacto.<\/p>\n<p>Imposible evitarlo, ocurri\u00f3 en plena transmisi\u00f3n, en tiempo real. El detonador que viraliz\u00f3 el hecho lo dio su propio canal en TikTok. De ah\u00ed al resto de las redes, el contagio fue autom\u00e1tico.<\/p>\n<p>La propia v\u00edctima contextualiz\u00f3 minutos antes el tr\u00e1gico suceso, al confesar sus temores. Se observa inquieta porque alguien con apariencia de mensajero la anduvo buscando, pregunt\u00f3 por ella. Est\u00e1 inc\u00f3moda, en voz y rostro asoma la ansiedad, el deseo manifiesto de terminar la edici\u00f3n del d\u00eda y retirarse.<\/p>\n<p>Le falt\u00f3 tiempo. Cuesti\u00f3n de consultar a un especialista en lenguaje corporal, qu\u00e9 nos dice esa expresi\u00f3n de sus ojos, en los minutos previos al crimen. Pavor mezclado con desesperanza, la sensaci\u00f3n de un peligro inminente. Y as\u00ed sucedi\u00f3.<\/p>\n<p><strong>RELACION FATAL<\/strong><\/p>\n<p>Parad\u00f3jico, que en el pasajero momento de felicidad casi infantil, cuando recibe el regalo an\u00f3nimo de un peluche, aparece el ejecutor fuera de c\u00e1mara, su voz pregunta por ella y fr\u00edamente cumple el encargo.<\/p>\n<p>A\u00f1\u00e1danse los detalles revelados desde las primeras horas por las pesquisas policiales. Su relaci\u00f3n con un jefe importante del c\u00e1rtel local. Detalle que se difundi\u00f3 paralelo a la noticia, desde la noche misma en medios electr\u00f3nicos y al d\u00eda siguiente en los impresos.<\/p>\n<p>Asombra la transfiguraci\u00f3n de la v\u00edctima en los a\u00f1os recientes:<\/p>\n<p>(1) Entre su aspecto adolescente, pelo muy negro, cara redonda, brackets en la dentadura visible.<\/p>\n<p>(2) Y la misma muchacha con menos volumen en las mejillas, te\u00f1ida de un rubio poco cre\u00edble, que vimos en el video al momento del homicidio.<\/p>\n<p>(3) O la sorprendente imagen de VALERIA en Instagram, por completo transfigurada. Afilado el rostro, barbilla, p\u00f3mulos y mand\u00edbula; sedosa la piel, enfundada en ropa cara y posando desde un lujoso avi\u00f3n privado, con todas las correcciones que Adobe Photoshop suele a\u00f1adir a las tareas del cirujano pl\u00e1stico.<\/p>\n<p>No era cualquier persona. De origen muy modesto, sin trayectoria empresarial ni grados acad\u00e9micos de relevancia, a sus 23 a\u00f1os hab\u00eda escalado tan r\u00e1pido en estilo de vida y nivel de ingresos que hace pensar en nexos muy oscuros y comprometedores.<\/p>\n<p>\u00bfLa chamba de influencer, en tan corta edad, alcanza para abrir una est\u00e9tica bien instalada como el \u201cBlossom The Beauty Lounge\u201d?\u2026 Am\u00e9n de viajar y dar asesor\u00edas como emprendedora, consultora en imagen y empoderamiento femenino. Lo de moda, pues.<\/p>\n<p><strong>TARD\u00cdO ARREPENTIMIENTO<\/strong><\/p>\n<p>Afloran evidencias en conversaciones personales y charlas v\u00eda chat, de que en fecha reciente hab\u00eda tomado conciencia del peligroso laberinto de complicidades en que andaba metida. Y su deseo de zafarse de tales compa\u00f1\u00edas.<\/p>\n<p>Aunque la respuesta no tard\u00f3 en llegar. Por las mismas v\u00edas le advirtieron que la decisi\u00f3n de romper el lazo con sus promotores no depend\u00eda de ella sino de quienes convirtieron a la cenicienta en princesa.<\/p>\n<p>Entre el alud de videos poblados de teor\u00edas conspirativas (algunas m\u00e1s jaladas que otras) uno de ellos sugiere que la muchacha empez\u00f3 a buscar ayuda entre las autoridades y parec\u00eda estar considerando la posibilidad de convertirse en testigo protegido.<\/p>\n<p>Importa repetirlo. Se trata de un feminicidio, un crimen infame, revictimizado por los medios, condenable desde cualquier punto de vista, lamentable para su familia y con un mensaje de dolor (uno m\u00e1s) para un pa\u00eds que se desangra cada d\u00eda.<\/p>\n<p>\u00bfSe acerc\u00f3 demasiado al fuego?\u2026 De pronto parece inevitable evocar aquella canci\u00f3n de la Sonora Santanera. Un cl\u00e1sico del g\u00e9nero: \u201cah\u00ed quemaron tus alas, mariposa equivocada\u2026.\u201d<\/p>\n<p><strong>SEMANA ROJA<\/strong><\/p>\n<p>D\u00edas aciagos en materia de nota policiaca. En Ciudad Victoria, el pasado lunes cuatro civiles armados atentaron contra oficiales de seguridad que hab\u00edan llegado de Nuevo Laredo y se encontraban en un restaurant sobre la avenida Hombres Ilustres. El reporte inicial habl\u00f3 de cinco heridos, entre uniformados y civiles. Sin deceso alguno, hasta el momento.<\/p>\n<p>La ruidosa movilizaci\u00f3n efectuada por veh\u00edculos de las m\u00e1s diversas corporaciones, am\u00e9n de las ambulancias, hizo pensar en un desorden mucho m\u00e1s amplio en la capital de Tamaulipas. Por el contrario, fue algo muy focalizado, contra blancos espec\u00edficos, en un restaurante de mariscos.<\/p>\n<p>Lo que sigui\u00f3 fue la b\u00fasqueda de los agresores, la respectiva carpeta de investigaci\u00f3n, la atenci\u00f3n de los heridos en el Hospital General y la omnipresente promesa de investigar, esclarecer y castigar.<\/p>\n<p>M\u00e1s grave fue el mortal ataque contra dos funcionarios del gobierno chilango, nada menos que XIMENA GUZM\u00c1N, secretaria particular de la jefa CLARA BRUGADA y un asesor de nombre JOS\u00c9 MU\u00d1OZ.<\/p>\n<p>T\u00edpica ejecuci\u00f3n callejera. Al momento en que XIMENA, al volante de un Audi negro, esperaba a JOS\u00c9, su compa\u00f1ero de labores, el atacante desciende de una moto y a bocajarro les dispara a los dos. Muerte instant\u00e1nea, la dama en su asiento, el caballero en la banqueta.<\/p>\n<p>Queda en el aire la pregunta: \u00bfpara qui\u00e9n es el mensaje?<\/p>\n<p>BUZ\u00d3N:\u00a0<a href=\"mailto:lopezarriagamx@gmail.com\" target=\"_blank\" rel=\"noreferrer noopener\">lopezarriagamx@gmail.com<\/a><\/p>\n<p>WEB:\u00a0<a href=\"https:\/\/lopezarriagamx.blogspot.com\/\" target=\"_blank\" rel=\"noreferrer noopener\">http:\/\/lopezarriagamx.blogspot.com<\/a><\/p>\n","protected":false},"excerpt":{"rendered":"<p>INTERIORES CARLOS L\u00d3PEZ ARRIAGA Cd. Victoria, Tam.- Zapopan, Jalisco, \u00bffeminicidio?, s\u00ed, por supuesto; \u00bfrevictimizaron los medios a la influencer ca\u00edda VALERIA M\u00c1RQUEZ, como se quej\u00f3, entre otras, CITLALLI HERN\u00c1NDEZ?, afirmativo. \u00bfEscandalizan los comunicadores con el dolor de una familia?, sin duda. \u00bfSe abona el caso a la cadena de abusos perpetrada contra las mujeres en [&hellip;]<\/p>\n","protected":false},"author":1,"featured_media":203564,"comment_status":"closed","ping_status":"closed","sticky":false,"template":"","format":"standard","meta":{"footnotes":""},"categories":[16],"tags":[],"class_list":["post-205117","post","type-post","status-publish","format-standard","has-post-thumbnail","hentry","category-opinion"],"_links":{"self":[{"href":"https:\/\/www.elsinodaldetamaulipas.com.mx\/index.php?rest_route=\/wp\/v2\/posts\/205117","targetHints":{"allow":["GET"]}}],"collection":[{"href":"https:\/\/www.elsinodaldetamaulipas.com.mx\/index.php?rest_route=\/wp\/v2\/posts"}],"about":[{"href":"https:\/\/www.elsinodaldetamaulipas.com.mx\/index.php?rest_route=\/wp\/v2\/types\/post"}],"author":[{"embeddable":true,"href":"https:\/\/www.elsinodaldetamaulipas.com.mx\/index.php?rest_route=\/wp\/v2\/users\/1"}],"replies":[{"embeddable":true,"href":"https:\/\/www.elsinodaldetamaulipas.com.mx\/index.php?rest_route=%2Fwp%2Fv2%2Fcomments&post=205117"}],"version-history":[{"count":1,"href":"https:\/\/www.elsinodaldetamaulipas.com.mx\/index.php?rest_route=\/wp\/v2\/posts\/205117\/revisions"}],"predecessor-version":[{"id":205118,"href":"https:\/\/www.elsinodaldetamaulipas.com.mx\/index.php?rest_route=\/wp\/v2\/posts\/205117\/revisions\/205118"}],"wp:featuredmedia":[{"embeddable":true,"href":"https:\/\/www.elsinodaldetamaulipas.com.mx\/index.php?rest_route=\/wp\/v2\/media\/203564"}],"wp:attachment":[{"href":"https:\/\/www.elsinodaldetamaulipas.com.mx\/index.php?rest_route=%2Fwp%2Fv2%2Fmedia&parent=205117"}],"wp:term":[{"taxonomy":"category","embeddable":true,"href":"https:\/\/www.elsinodaldetamaulipas.com.mx\/index.php?rest_route=%2Fwp%2Fv2%2Fcategories&post=205117"},{"taxonomy":"post_tag","embeddable":true,"href":"https:\/\/www.elsinodaldetamaulipas.com.mx\/index.php?rest_route=%2Fwp%2Fv2%2Ftags&post=205117"}],"curies":[{"name":"wp","href":"https:\/\/api.w.org\/{rel}","templated":true}]}}