{"id":205119,"date":"2025-05-21T19:29:45","date_gmt":"2025-05-21T23:29:45","guid":{"rendered":"https:\/\/www.elsinodaldetamaulipas.com.mx\/?p=205119"},"modified":"2025-05-21T19:29:45","modified_gmt":"2025-05-21T23:29:45","slug":"se-calento-ciudad-victoria","status":"publish","type":"post","link":"https:\/\/www.elsinodaldetamaulipas.com.mx\/?p=205119","title":{"rendered":"SE CALENT\u00d3 CIUDAD VICTORIA"},"content":{"rendered":"<p>VIDA DIARIA<\/p>\n<p>POR ROSA ELENA GONZ\u00c1LEZ<\/p>\n<p>La capital del Estado est\u00e1 que arde, aparte de los pleitos pol\u00edticos por la Elecci\u00f3n Judicial que cada d\u00eda suben de tono y los acontecimientos violentos que se han registrado y asustado a la ciudadan\u00eda, est\u00e1n las altas temperaturas, el sol que muestra su violencia provocando que los term\u00f3metros casi estallen por el intenso calor que se ha sentido en los \u00faltimos d\u00edas.<\/p>\n<p>&nbsp;<\/p>\n<p>Es hasta peligroso salir a la calle, no tanto por toparse con un candidato o candidata a juzgadores o un oficioso que ande promocionando su partido pol\u00edtico, esos como quiera se evaden, sino porque la gente debe tomar medidas extremas para cuidarse, evitar un golpe de calor, pues los candentes rayos del sol son implacables.<\/p>\n<p>&nbsp;<\/p>\n<p>Lo m\u00e1s peligroso es que se est\u00e1 a\u00fan en primavera, pero hasta parece que esa estaci\u00f3n fue tomada por asalto por el verano que hist\u00f3ricamente es m\u00e1s caliente, pues desde hace d\u00edas el sol quema hasta los huesos y si, tambi\u00e9n atonta m\u00e1s de lo permitido.<\/p>\n<p>&nbsp;<\/p>\n<p>Es decir, hasta parece que las altas temperaturas que se est\u00e1n registrando en \u00faltimos d\u00edas son solo un c\u00e1liz de lo que veremos y el calor que sentiremos en el verano, ya ni imaginar a cuantos grados se estar\u00e1 los d\u00edas de la can\u00edcula, que son los cuarenta d\u00edas m\u00e1s calientes del a\u00f1o.<\/p>\n<p>&nbsp;<\/p>\n<p>Y s\u00ed, para ser primavera a\u00fan son muy altas las temperaturas que se est\u00e1n registrando, tanto que previendo el calentamiento que se tendr\u00e1 en unos d\u00edas la Secretaria de Educaci\u00f3n ya anunci\u00f3 que se adelantar\u00e1 el periodo vacacional como medida para salvaguardar la salud de estudiantes y docentes ante condiciones clim\u00e1ticas extremas.<\/p>\n<p>&nbsp;<\/p>\n<p>La Secretar\u00eda de Educaci\u00f3n estatal determin\u00f3 que el ciclo escolar concluir\u00e1 el 4 de julio de 2025 en los 43 municipios de la entidad, ante temperaturas que han alcanzado hasta 47 grados Celsius en la sensaci\u00f3n t\u00e9rmica.<\/p>\n<p>&nbsp;<\/p>\n<p>Igual en algunas dependencias ajustaron los horarios laborales para que su personal no sea tan expuesto y no se tengan accidentes en los edificios provocados por el calentamiento del cableado el\u00e9ctrico y aparatos de aire acondicionado.<\/p>\n<p>&nbsp;<\/p>\n<p>Incluso Protecci\u00f3n civil hizo algunas recomendaciones a la ciudadan\u00eda para evitar contratiempos y situaciones que lamentar hasta en el hogar.<\/p>\n<p>&nbsp;<\/p>\n<p>La primavera atenta contra todos, as\u00ed que no dude que el verano ser\u00e1 criminal tambi\u00e9n, no solo por el calor extremo en lo general, pero para muchas familias que por mitigar un poco los estragos de las altas temperaturas estar\u00e1 peor, sufrir\u00e1n que el gasto de energ\u00eda el\u00e9ctrica ser\u00e1 mayor y claro tambi\u00e9n el cobro de la luz.<\/p>\n<p>&nbsp;<\/p>\n<p>Ah\u00ed est\u00e1 lo riesgoso, muchas familias muy afuera alcanzan para pagar los servicios b\u00e1sicos y mal comen tres veces al d\u00eda por lo que el aumento en el gasto de la energ\u00eda el\u00e9ctrica ser\u00e1 de graves complicaciones, quieran o no las tendr\u00e1n, y no es opcional, nadie puede aguantar el calor que ni siquiera un ventilador puede mitigar.<\/p>\n<p>&nbsp;<\/p>\n<p>Cierto es que anuncian lluvias, pero tambi\u00e9n que se registrar\u00e1n temperaturas muy altas, que terminando las precipitaciones estar\u00e1 peor, de la can\u00edcula ya mejor ni hablamos, a como pinta la situaci\u00f3n puede ser de un calor infernal y no, no es que se quiera alarmar o ser fatalista, la intenci\u00f3n es que se est\u00e9 alerta, se tomen precauciones necesarias ante la ola de calor y los intensos rayos del sol, que se atiendan las recomendaciones del Sector Salud, de Protecci\u00f3n Civil, pero m\u00e1s del sentido com\u00fan, es decir, no exponerse ni exponer a ni\u00f1os o personas mayores a las inclemencias del tiempo.<\/p>\n<p>&nbsp;<\/p>\n<p>Los ciudadanos tenemos que cuidarnos, pues de las altas temperaturas no podemos culpar a los gobernantes del pasado, tampoco a los del presente, solo a lo mal que se ha tratado a la madre tierra.<\/p>\n<p>&nbsp;<\/p>\n<p>Nos cobra las facturas la naturaleza por tanto maltrato, la tierra pide a gritos que ya no la lastimen, se sienten los estragos del cambio clim\u00e1tico y ya hasta nos anuncian que las temperaturas ser\u00e1n muy altas, que pr\u00e1cticamente tendremos un verano peligroso, ya por lo pronto se calent\u00f3 Ciudad Victoria y todo el Estado est\u00e1 igual, muy caliente el ambiente.<\/p>\n","protected":false},"excerpt":{"rendered":"<p>VIDA DIARIA POR ROSA ELENA GONZ\u00c1LEZ La capital del Estado est\u00e1 que arde, aparte de los pleitos pol\u00edticos por la Elecci\u00f3n Judicial que cada d\u00eda suben de tono y los acontecimientos violentos que se han registrado y asustado a la ciudadan\u00eda, est\u00e1n las altas temperaturas, el sol que muestra su violencia provocando que los term\u00f3metros [&hellip;]<\/p>\n","protected":false},"author":1,"featured_media":204356,"comment_status":"closed","ping_status":"closed","sticky":false,"template":"","format":"standard","meta":{"footnotes":""},"categories":[16],"tags":[],"class_list":["post-205119","post","type-post","status-publish","format-standard","has-post-thumbnail","hentry","category-opinion"],"_links":{"self":[{"href":"https:\/\/www.elsinodaldetamaulipas.com.mx\/index.php?rest_route=\/wp\/v2\/posts\/205119","targetHints":{"allow":["GET"]}}],"collection":[{"href":"https:\/\/www.elsinodaldetamaulipas.com.mx\/index.php?rest_route=\/wp\/v2\/posts"}],"about":[{"href":"https:\/\/www.elsinodaldetamaulipas.com.mx\/index.php?rest_route=\/wp\/v2\/types\/post"}],"author":[{"embeddable":true,"href":"https:\/\/www.elsinodaldetamaulipas.com.mx\/index.php?rest_route=\/wp\/v2\/users\/1"}],"replies":[{"embeddable":true,"href":"https:\/\/www.elsinodaldetamaulipas.com.mx\/index.php?rest_route=%2Fwp%2Fv2%2Fcomments&post=205119"}],"version-history":[{"count":1,"href":"https:\/\/www.elsinodaldetamaulipas.com.mx\/index.php?rest_route=\/wp\/v2\/posts\/205119\/revisions"}],"predecessor-version":[{"id":205120,"href":"https:\/\/www.elsinodaldetamaulipas.com.mx\/index.php?rest_route=\/wp\/v2\/posts\/205119\/revisions\/205120"}],"wp:featuredmedia":[{"embeddable":true,"href":"https:\/\/www.elsinodaldetamaulipas.com.mx\/index.php?rest_route=\/wp\/v2\/media\/204356"}],"wp:attachment":[{"href":"https:\/\/www.elsinodaldetamaulipas.com.mx\/index.php?rest_route=%2Fwp%2Fv2%2Fmedia&parent=205119"}],"wp:term":[{"taxonomy":"category","embeddable":true,"href":"https:\/\/www.elsinodaldetamaulipas.com.mx\/index.php?rest_route=%2Fwp%2Fv2%2Fcategories&post=205119"},{"taxonomy":"post_tag","embeddable":true,"href":"https:\/\/www.elsinodaldetamaulipas.com.mx\/index.php?rest_route=%2Fwp%2Fv2%2Ftags&post=205119"}],"curies":[{"name":"wp","href":"https:\/\/api.w.org\/{rel}","templated":true}]}}