{"id":205892,"date":"2025-06-09T17:27:01","date_gmt":"2025-06-09T21:27:01","guid":{"rendered":"https:\/\/www.elsinodaldetamaulipas.com.mx\/?p=205892"},"modified":"2025-06-09T17:27:01","modified_gmt":"2025-06-09T21:27:01","slug":"regresar-al-barrio","status":"publish","type":"post","link":"https:\/\/www.elsinodaldetamaulipas.com.mx\/?p=205892","title":{"rendered":"REGRESAR AL BARRIO"},"content":{"rendered":"<div class=\"post-content\">\n<p style=\"text-align: center;\"><strong>CONFIDENCIAL<\/strong><\/p>\n<p style=\"text-align: center;\"><strong>Por ROGELIO RODR\u00cdGUEZ MENDOZA<\/strong><\/p>\n<p>&nbsp;<\/p>\n<p>No deja de sorprender \u2014aunque deber\u00eda\u2014 que desde el Congreso del Estado alguien se atreva a decir en voz alta lo que muchos piensan en silencio: que urge revivir las Polic\u00edas Municipales.<\/p>\n<p>Lo dijo Marco Gallegos Galv\u00e1n, diputado de Morena y presidente de la Comisi\u00f3n de Seguridad P\u00fablica. Y no lo dijo al aire: mencion\u00f3 con nombre y apellido que ya hay municipios donde se trabaja en ello. Reynosa, Matamoros, Tampico y Madero est\u00e1n, seg\u00fan \u00e9l, en el proceso.<\/p>\n<p>\u00bfSer\u00e1 cierto? Ojal\u00e1. Porque si el pronunciamiento de Gallegos no fue un simple globo de ensayo, estamos ante una de las decisiones m\u00e1s sensatas en materia de seguridad que pueda tomar el gobierno estatal.<\/p>\n<p>El regreso de las Polic\u00edas Municipales ser\u00eda un acto de justicia institucional. Y tambi\u00e9n, por qu\u00e9 no decirlo, de humildad gubernamental: reconocer que fue un error desaparecerlas bajo la bandera de un fallido \u201cMando \u00danico\u201d.<\/p>\n<p>Se nos vendi\u00f3 entonces la idea de que el problema era la corrupci\u00f3n, la infiltraci\u00f3n del narco, la falta de profesionalismo. Se prometi\u00f3 un cuerpo policial centralizado, moderno, limpio. Nada de eso ocurri\u00f3. S\u00f3lo desmantelaron lo poco que funcionaba.<\/p>\n<p>Las Polic\u00edas Municipales, con todas sus limitaciones, eran la primera l\u00ednea de defensa frente al delito cotidiano. Eran las que conoc\u00edan a los vecinos, los barrios, los callejones. Sab\u00edan qui\u00e9n robaba, qui\u00e9n golpeaba, qui\u00e9n vend\u00eda droga en la esquina.<\/p>\n<p>Cuando las extinguieron, dejaron un vac\u00edo que jam\u00e1s fue llenado. Y no s\u00f3lo dejaron un vac\u00edo de presencia, sino de cercan\u00eda. El polic\u00eda estatal, por muy preparado que est\u00e9, jam\u00e1s podr\u00e1 suplir al municipal que patrulla su propia colonia.<\/p>\n<p>Los delitos de alto impacto, que supuestamente ser\u00edan el blanco del nuevo modelo de seguridad, siguieron ocurriendo. Y los delitos dom\u00e9sticos \u2014robos, asaltos, violencia intrafamiliar\u2014 se dispararon como nunca. \u00bfResultado? Una ciudadan\u00eda cada vez m\u00e1s sola y m\u00e1s vulnerable.<\/p>\n<p>A estas alturas del partido, nadie puede decir en serio que el \u201cMando \u00danico\u201d fue un \u00e9xito. Fue, como tantas otras cosas, una ocurrencia cara y contraproducente.<\/p>\n<p>Lo m\u00e1s l\u00f3gico habr\u00eda sido depurar las corporaciones municipales, capacitarlas, dotarlas de mejores condiciones. Pero no. Era m\u00e1s f\u00e1cil borrarlas del mapa, sin pensar en las consecuencias.<\/p>\n<p>Hoy, casi una d\u00e9cada despu\u00e9s, se intenta reconstruir lo destruido. Pero no ser\u00e1 f\u00e1cil. Gallegos lo admite: el reto presupuestal es enorme. \u00bfEstar\u00e1n los municipios en condiciones de sostener financieramente a sus propias corporaciones? Lo dudo.<\/p>\n<p>Porque no se trata s\u00f3lo de uniformes y patrullas. Se trata de sueldos dignos, de formaci\u00f3n continua, de protocolos de actuaci\u00f3n, de control interno. En resumen, se trata de una inversi\u00f3n seria y sostenida.<\/p>\n<p>Por eso, si el proyecto va en serio, deber\u00e1 contar con el respaldo del gobierno estatal. Y no s\u00f3lo en discurso. Los alcaldes, por s\u00ed solos, jam\u00e1s dar\u00e1n el paso. No tienen ni la capacidad ni, en muchos casos, la voluntad pol\u00edtica.<\/p>\n<p>As\u00ed que habr\u00e1 que mirar hacia Palacio de Gobierno. El gobernador, Am\u00e9rico Villarreal Anaya, tiene una gran oportunidad hacer historia en el rubro de seguridad p\u00fablica, porque el regreso de las Polic\u00edas Municipales es un clamor social.<\/p>\n<p>La ciudadan\u00eda lo agradecer\u00eda. Porque m\u00e1s all\u00e1 del discurso, lo que urge es presencia, proximidad y reacci\u00f3n inmediata. Algo que, desde hace a\u00f1os, desapareci\u00f3 con las Polic\u00edas Municipales.<\/p>\n<p>ASI ANDAN LAS COSAS.<\/p>\n<p><a href=\"mailto:roger_rogelio@hotmail.com\" target=\"_blank\" rel=\"noreferrer noopener\">roger_rogelio@hotmail.com<\/a><\/p>\n<\/div>\n","protected":false},"excerpt":{"rendered":"<p>CONFIDENCIAL Por ROGELIO RODR\u00cdGUEZ MENDOZA &nbsp; No deja de sorprender \u2014aunque deber\u00eda\u2014 que desde el Congreso del Estado alguien se atreva a decir en voz alta lo que muchos piensan en silencio: que urge revivir las Polic\u00edas Municipales. Lo dijo Marco Gallegos Galv\u00e1n, diputado de Morena y presidente de la Comisi\u00f3n de Seguridad P\u00fablica. Y [&hellip;]<\/p>\n","protected":false},"author":1,"featured_media":203751,"comment_status":"closed","ping_status":"closed","sticky":false,"template":"","format":"standard","meta":{"footnotes":""},"categories":[16],"tags":[],"class_list":["post-205892","post","type-post","status-publish","format-standard","has-post-thumbnail","hentry","category-opinion"],"_links":{"self":[{"href":"https:\/\/www.elsinodaldetamaulipas.com.mx\/index.php?rest_route=\/wp\/v2\/posts\/205892","targetHints":{"allow":["GET"]}}],"collection":[{"href":"https:\/\/www.elsinodaldetamaulipas.com.mx\/index.php?rest_route=\/wp\/v2\/posts"}],"about":[{"href":"https:\/\/www.elsinodaldetamaulipas.com.mx\/index.php?rest_route=\/wp\/v2\/types\/post"}],"author":[{"embeddable":true,"href":"https:\/\/www.elsinodaldetamaulipas.com.mx\/index.php?rest_route=\/wp\/v2\/users\/1"}],"replies":[{"embeddable":true,"href":"https:\/\/www.elsinodaldetamaulipas.com.mx\/index.php?rest_route=%2Fwp%2Fv2%2Fcomments&post=205892"}],"version-history":[{"count":1,"href":"https:\/\/www.elsinodaldetamaulipas.com.mx\/index.php?rest_route=\/wp\/v2\/posts\/205892\/revisions"}],"predecessor-version":[{"id":205893,"href":"https:\/\/www.elsinodaldetamaulipas.com.mx\/index.php?rest_route=\/wp\/v2\/posts\/205892\/revisions\/205893"}],"wp:featuredmedia":[{"embeddable":true,"href":"https:\/\/www.elsinodaldetamaulipas.com.mx\/index.php?rest_route=\/wp\/v2\/media\/203751"}],"wp:attachment":[{"href":"https:\/\/www.elsinodaldetamaulipas.com.mx\/index.php?rest_route=%2Fwp%2Fv2%2Fmedia&parent=205892"}],"wp:term":[{"taxonomy":"category","embeddable":true,"href":"https:\/\/www.elsinodaldetamaulipas.com.mx\/index.php?rest_route=%2Fwp%2Fv2%2Fcategories&post=205892"},{"taxonomy":"post_tag","embeddable":true,"href":"https:\/\/www.elsinodaldetamaulipas.com.mx\/index.php?rest_route=%2Fwp%2Fv2%2Ftags&post=205892"}],"curies":[{"name":"wp","href":"https:\/\/api.w.org\/{rel}","templated":true}]}}