{"id":206121,"date":"2025-06-11T21:20:32","date_gmt":"2025-06-12T01:20:32","guid":{"rendered":"https:\/\/www.elsinodaldetamaulipas.com.mx\/?p=206121"},"modified":"2025-06-11T21:20:32","modified_gmt":"2025-06-12T01:20:32","slug":"negligencia-puede-causar-un-accidente","status":"publish","type":"post","link":"https:\/\/www.elsinodaldetamaulipas.com.mx\/?p=206121","title":{"rendered":"NEGLIGENCIA PUEDE CAUSAR UN ACCIDENTE"},"content":{"rendered":"<div class=\"post-content\">\n<p>Expediente<\/p>\n<p>Azahel Jaramillo H.<\/p>\n<p>&nbsp;<\/p>\n<p>El 19 de abril de este a\u00f1o el secretario de Obras P\u00fablicas (SOP) del gobierno americanista, Ing. Pedro Cepeda Anaya me corrigi\u00f3 mi columna Expediente, dej\u00e1ndome en claro a un servidor y a la opini\u00f3n p\u00fablica victorense que no era, no es su Secretaria (SOP) la que tiene trabajos inconclusos en la Avenida del Estudiante, igualmente conocida como \u00abLa Bajada de la UAT\u00bb.<\/p>\n<p>En encuentro con reporteros el Ing. Cepeda Anaya dej\u00f3 bien clarito que los trabajos en la referida Avenida del Estudiante no son de la dependencia sino del Ayuntamiento de Victoria.<\/p>\n<p>A\u00f1adi\u00f3 entonces el ingeniero Cepeda Anaya que \u00abcualquier observaci\u00f3n de ser dirigida al \u00e1mbito municipal\u00bb.\u00a0 Pasados ya dos meses de esto. Y considerando, varias cosas, que a la referida \u00abBajada de la UAT\u00bb sigue sin tener delimitados sus carriles de suba y baja, que Gob Tam y Gob Municipal , provienen, tienen sus or\u00edgenes en el mismo partido Morena. Y considerando adem\u00e1s que Gob Tam es quien tiene m\u00e1s billete, m\u00e1s presupuesto, \u00bfqu\u00e9 acaso bueno, no ser\u00eda que SOP Tamaulipas, termine esa obra con delimitar y pintar los carriles? \u00a1Claro, colocando ah\u00ed anuncios que digan que \u00abesto es obra del Gobierno de Tamaulipas\u00bb!<\/p>\n<p>Y bueno, uno no es nuevo en esto de la reporteada. Me lo dijo en entrevista exclusiva en su despacho de Palacio de Gobierno el Ing. Am\u00e9rico Villarreal Guerra, que ya ten\u00eda la experiencia de cinco a\u00f1os de Gobernador. Me dijo: \u00abUno debe estar para crear soluciones a los conflictos, no est\u00e1 para crear controversia. Mejor crear soluci\u00f3n a los problemas\u00bb.<\/p>\n<p>Y el problema es que un mal d\u00eda, una mala noche, puede haber en esa Avenida del Estudiante, un feo accidente.<\/p>\n<p>\u00abTURISMO, PALANCA DEL DESAROLLO\u00bb: BENJAMIN<\/p>\n<p>Dicen que el turismo es \u00abla industria sin chimeneas\u00bb, debido a que no genera contaminaci\u00f3n, que no genera ruido, y que todo es para el sano esparcimiento.<\/p>\n<p>As\u00ed las cosas les comparto que el Lic. Benjam\u00edn Hern\u00e1ndez Rodr\u00edguez, secretario de Turismo en Tamaulipas que anda en trabajo intenso ya dijo que, \u201cel turismo es una palanca que impulsa el desarrollo econ\u00f3mico y social al generar ingresos, empleos y mucho m\u00e1s\u201d.<\/p>\n<p>En este inicio de semana el secretario de esta \u00abindustria sin chimeneas\u00bb estuvo en gira de trabajo y junto a la presidenta municipal de El Mante, Patty Ch\u00edo, en plan de trabajo se realizaron recorridos por las zonas tur\u00edsticas, como las grutas de Quintero, entre otros sitios de inter\u00e9s natural y cultural, como El Nacimiento, Casa del General de la Garza, El Ca\u00f1\u00f3n de la Servilleta y la Cueva El Abra entre otros espacios m\u00e1s.<\/p>\n<p>La presidenta municipal, Patty Ch\u00edo, reiter\u00f3 el compromiso del municipio de colaborar con el Estado para llevar a cabo las mejoras que se requieran para potencializar el turismo.<\/p>\n<p>\u00abDe lo que se trata es de impulsar el crecimiento del sector, mejorar la infraestructura y las certificaciones para que se traduzca en un mayor impacto econ\u00f3mico en beneficio de la comunidad, expres\u00f3 el secretario de Turismo Lic. Benjam\u00edn Hern\u00e1ndez. NOS VEMOS.<\/p>\n<\/div>\n","protected":false},"excerpt":{"rendered":"<p>Expediente Azahel Jaramillo H. &nbsp; El 19 de abril de este a\u00f1o el secretario de Obras P\u00fablicas (SOP) del gobierno americanista, Ing. Pedro Cepeda Anaya me corrigi\u00f3 mi columna Expediente, dej\u00e1ndome en claro a un servidor y a la opini\u00f3n p\u00fablica victorense que no era, no es su Secretaria (SOP) la que tiene trabajos inconclusos [&hellip;]<\/p>\n","protected":false},"author":1,"featured_media":204082,"comment_status":"closed","ping_status":"closed","sticky":false,"template":"","format":"standard","meta":{"footnotes":""},"categories":[16],"tags":[],"class_list":["post-206121","post","type-post","status-publish","format-standard","has-post-thumbnail","hentry","category-opinion"],"_links":{"self":[{"href":"https:\/\/www.elsinodaldetamaulipas.com.mx\/index.php?rest_route=\/wp\/v2\/posts\/206121","targetHints":{"allow":["GET"]}}],"collection":[{"href":"https:\/\/www.elsinodaldetamaulipas.com.mx\/index.php?rest_route=\/wp\/v2\/posts"}],"about":[{"href":"https:\/\/www.elsinodaldetamaulipas.com.mx\/index.php?rest_route=\/wp\/v2\/types\/post"}],"author":[{"embeddable":true,"href":"https:\/\/www.elsinodaldetamaulipas.com.mx\/index.php?rest_route=\/wp\/v2\/users\/1"}],"replies":[{"embeddable":true,"href":"https:\/\/www.elsinodaldetamaulipas.com.mx\/index.php?rest_route=%2Fwp%2Fv2%2Fcomments&post=206121"}],"version-history":[{"count":1,"href":"https:\/\/www.elsinodaldetamaulipas.com.mx\/index.php?rest_route=\/wp\/v2\/posts\/206121\/revisions"}],"predecessor-version":[{"id":206122,"href":"https:\/\/www.elsinodaldetamaulipas.com.mx\/index.php?rest_route=\/wp\/v2\/posts\/206121\/revisions\/206122"}],"wp:featuredmedia":[{"embeddable":true,"href":"https:\/\/www.elsinodaldetamaulipas.com.mx\/index.php?rest_route=\/wp\/v2\/media\/204082"}],"wp:attachment":[{"href":"https:\/\/www.elsinodaldetamaulipas.com.mx\/index.php?rest_route=%2Fwp%2Fv2%2Fmedia&parent=206121"}],"wp:term":[{"taxonomy":"category","embeddable":true,"href":"https:\/\/www.elsinodaldetamaulipas.com.mx\/index.php?rest_route=%2Fwp%2Fv2%2Fcategories&post=206121"},{"taxonomy":"post_tag","embeddable":true,"href":"https:\/\/www.elsinodaldetamaulipas.com.mx\/index.php?rest_route=%2Fwp%2Fv2%2Ftags&post=206121"}],"curies":[{"name":"wp","href":"https:\/\/api.w.org\/{rel}","templated":true}]}}