{"id":206123,"date":"2025-06-11T21:23:05","date_gmt":"2025-06-12T01:23:05","guid":{"rendered":"https:\/\/www.elsinodaldetamaulipas.com.mx\/?p=206123"},"modified":"2025-06-11T21:23:05","modified_gmt":"2025-06-12T01:23:05","slug":"el-sindrome-de-maximiliano","status":"publish","type":"post","link":"https:\/\/www.elsinodaldetamaulipas.com.mx\/?p=206123","title":{"rendered":"EL S\u00cdNDROME DE MAXIMILIANO"},"content":{"rendered":"<div class=\"post-content\">\n<p>La Comuna<\/p>\n<p>&nbsp;<\/p>\n<p>Jos\u00e9 \u00c1ngel Solorio Mart\u00ednez<\/p>\n<p>La cabra siempre tira al monte. La derecha mexicana, desnacionalizada, traicionada por el subconsciente le pide a los gobiernos extranjeros que decidan por los mexicanos.<br \/>\nNo es de ahora, el deseo del panismo.<br \/>\nLo lleva en sus venas.<br \/>\nHu\u00e9rfano de ideas, se envuelven en la bandera de Maximiliano y esperan que la OEA anule las elecciones que legitimaron la Reforma Judicial mexicana.<br \/>\nIncapaz para trazar una estrategia nacional para frenar los planes de MORENA y sus aliados, toma el camino f\u00e1cil: solicitar a las fuerzas pol\u00edticas externas que hagan los panistas y priistas piden que un rayo extranjero elimine a sus adversarios y por designio divino los entronize en el poder.<br \/>\n\u00a1Sencillo!<br \/>\n\u00a1Y a qui\u00e9n recurren: a la OEA!<br \/>\nUn organismo internacional al servicio de los EUA que ha avalado decenas de intervenciones en el mundo de diversos imperios.<br \/>\nD\u00e9bil y agotado se ve el bloque del PRIAN. No le aprendieron nada a AMLO. Ni esa constancia y terquedad de luchar por m\u00e1s de 30 a\u00f1os, junto al pueblo para llegar a la presidencia.<br \/>\nCon apenas siete a\u00f1os fuera del gobierno ya se ven seriamente afectados, emocional y pol\u00edticamente.<br \/>\nSus cuadros m\u00e1s capacitados fueron devorados por las debilidades de los demonios de la pol\u00edtica: la ambici\u00f3n, la avaricia, la corrupci\u00f3n y el nepotismo.<br \/>\nS\u00f3lo quedan unos dirigentes insepultos e insensatos vagando en las c\u00e1maras del Poder legislativo.<br \/>\nActualmente Lilly Tell\u00e9z y Ricardo Anaya los representan.<br \/>\nEnfurecidos, iracundos articulan sus discursos de odio contra todo lo que huela a MORENA, estrategia que no les suma simpatizantes y s\u00ed al contrario, los aleja de los grupos ciudadanos que los percibe como opositores ineficaces y alterados.<br \/>\nNo les importa exhibirse.<br \/>\nLes llueve en su milpita y no se hincan.<br \/>\nAhora en el conflicto que viven los mexicanos en USA con las autoridades migratorias, el PRIAN ha visto otro motivo para debilitar a la presidenta Claudia Sheinbaum.<br \/>\nLes alegra la vida que desde el extranjero critiquen a la presidenta.<br \/>\nEn su anti patriota mente, suponen que esa estrategia erosiona la autoridad de nuestra presidenta.<br \/>\nIlusos.<br \/>\nSin duda esa forma de ver el mundo tiene sus admiradores en el pa\u00eds; pero son los menos.<br \/>\nEs penoso que existan mexicanos carentes de empat\u00eda con sus conciudadanos que se fueron de sus patrias buscando una vida mejor.<br \/>\nApostar por que les vaya mal a esos patriotas no es buen plan.<br \/>\nNo se asombre el PRIAN, si en futuras elecciones se achican sus clientelas electorales.<\/p>\n<\/div>\n","protected":false},"excerpt":{"rendered":"<p>La Comuna &nbsp; Jos\u00e9 \u00c1ngel Solorio Mart\u00ednez La cabra siempre tira al monte. La derecha mexicana, desnacionalizada, traicionada por el subconsciente le pide a los gobiernos extranjeros que decidan por los mexicanos. No es de ahora, el deseo del panismo. Lo lleva en sus venas. Hu\u00e9rfano de ideas, se envuelven en la bandera de Maximiliano [&hellip;]<\/p>\n","protected":false},"author":1,"featured_media":204083,"comment_status":"closed","ping_status":"closed","sticky":false,"template":"","format":"standard","meta":{"footnotes":""},"categories":[16],"tags":[],"class_list":["post-206123","post","type-post","status-publish","format-standard","has-post-thumbnail","hentry","category-opinion"],"_links":{"self":[{"href":"https:\/\/www.elsinodaldetamaulipas.com.mx\/index.php?rest_route=\/wp\/v2\/posts\/206123","targetHints":{"allow":["GET"]}}],"collection":[{"href":"https:\/\/www.elsinodaldetamaulipas.com.mx\/index.php?rest_route=\/wp\/v2\/posts"}],"about":[{"href":"https:\/\/www.elsinodaldetamaulipas.com.mx\/index.php?rest_route=\/wp\/v2\/types\/post"}],"author":[{"embeddable":true,"href":"https:\/\/www.elsinodaldetamaulipas.com.mx\/index.php?rest_route=\/wp\/v2\/users\/1"}],"replies":[{"embeddable":true,"href":"https:\/\/www.elsinodaldetamaulipas.com.mx\/index.php?rest_route=%2Fwp%2Fv2%2Fcomments&post=206123"}],"version-history":[{"count":1,"href":"https:\/\/www.elsinodaldetamaulipas.com.mx\/index.php?rest_route=\/wp\/v2\/posts\/206123\/revisions"}],"predecessor-version":[{"id":206124,"href":"https:\/\/www.elsinodaldetamaulipas.com.mx\/index.php?rest_route=\/wp\/v2\/posts\/206123\/revisions\/206124"}],"wp:featuredmedia":[{"embeddable":true,"href":"https:\/\/www.elsinodaldetamaulipas.com.mx\/index.php?rest_route=\/wp\/v2\/media\/204083"}],"wp:attachment":[{"href":"https:\/\/www.elsinodaldetamaulipas.com.mx\/index.php?rest_route=%2Fwp%2Fv2%2Fmedia&parent=206123"}],"wp:term":[{"taxonomy":"category","embeddable":true,"href":"https:\/\/www.elsinodaldetamaulipas.com.mx\/index.php?rest_route=%2Fwp%2Fv2%2Fcategories&post=206123"},{"taxonomy":"post_tag","embeddable":true,"href":"https:\/\/www.elsinodaldetamaulipas.com.mx\/index.php?rest_route=%2Fwp%2Fv2%2Ftags&post=206123"}],"curies":[{"name":"wp","href":"https:\/\/api.w.org\/{rel}","templated":true}]}}