{"id":206491,"date":"2025-06-18T11:13:20","date_gmt":"2025-06-18T15:13:20","guid":{"rendered":"https:\/\/www.elsinodaldetamaulipas.com.mx\/?p=206491"},"modified":"2025-06-18T11:13:20","modified_gmt":"2025-06-18T15:13:20","slug":"la-seccion-30-del-snte-recobro-su-posicionamiento","status":"publish","type":"post","link":"https:\/\/www.elsinodaldetamaulipas.com.mx\/?p=206491","title":{"rendered":"LA SECCI\u00d3N 30 DEL SNTE RECOBR\u00d3 SU POSICIONAMIENTO"},"content":{"rendered":"<div class=\"title-post\">\n<div class=\"post-views content-post post-220135 entry-meta load-static\">Tinta Negra<\/div>\n<\/div>\n<div class=\"post-content\">\n<p>Alfredo Guevara<\/p>\n<p>1.- Desde luego que las relaciones entre Gobierno, Secretar\u00eda de Educaci\u00f3n y Secci\u00f3n 30 del SNTE han mejorado en las \u00faltimas semanas.<br \/>\nLo reflejaron el gobernador AM\u00c9RICO VILLARREAL ANAYA, el titular de la SET MIGUEL \u00c1NGEL VALDEZ GARC\u00cdA y el secretario general de la Secci\u00f3n 30 del magisterio ARNULFO RODR\u00cdGUEZ TREVI\u00d1O, en la entrega de reconocimientos a maestros con m\u00e1s de 40 a\u00f1os de servicio.<br \/>\nY es que, desde la llegada del nuevo titular de la SET, empezaron a destrabarse tr\u00e1mites que estaban detenidos, que por lo mismo, hab\u00edan generado un rezago.<br \/>\nAparte de ello, la Secci\u00f3n 30 del SNTE recobr\u00f3 el posicionamiento como fuerza magisterial y eso ha permitido negociar la entrega de m\u00e1s horas, plazas y nombramientos.<br \/>\nEl profe ARNULFO adelant\u00f3 que en los pr\u00f3ximos d\u00edas se dar\u00e1 a conocer un beneficio econ\u00f3mico para los trabajadores del sector educativo con 30 a\u00f1os de servicio, como a los jubilados.<br \/>\nEl secretario general de la Secci\u00f3n 30 del SNTE, anda en la Ciudad de M\u00e9xico, viendo precisamente ese y otros temas, que a su regreso los dar\u00e1 a conocer lo conseguido.<br \/>\n2.- Todo parece indicar que la Guardia Estatal tendr\u00e1 facultades para multar a automovilistas en caminos y carreteras estatales.<br \/>\nEl titular de la Secretar\u00eda de Seguridad P\u00fablica SERGIO HERNANDO CH\u00c1VEZ GARC\u00cdA tuvo que ir al Congreso local y recordar a los legisladores que tienen ese tema pendiente y la necesidad de que aprueben las modificaciones a la Ley de Tr\u00e1nsito, de Seguridad y Movilidad para que de esa forma, la Guardia Estatal de Tr\u00e1nsito tenga m\u00e1s \u201cdientes\u201d.<br \/>\nLa realidad de las cosas, es que urge en algunas carreteras de la entidad la presencia de esos elementos para tratar de regular el tr\u00e1fico y hacer que se respeten los l\u00edmites de velocidad, toda vez que en las \u00faltimas semanas, se han registrado accidentes automovil\u00edsticos.<br \/>\nEs cierto que la Guardia Estatal vigila las carreteras, pero desafortunadamente poco o nada puede hacer por levantar una infracci\u00f3n a quien violente la Ley de Movilidad o Tr\u00e1nsito en las carreteras.<br \/>\n3.- Hablando de carreteras, sigue generando molestias el reten militar que se encuentra en el ejido Oyama, municipio de Hidalgo, por revisiones innecesarias que realizan los elementos de la Secretar\u00eda de la Defensa Nacional.<br \/>\n\u00bfDe d\u00f3nde viene?, \u00bfA d\u00f3nde va?, son algunas de las preguntas que hacen los elementos, paralizando la circulaci\u00f3n de todo tipo de unidades.<br \/>\nPareciera que a los elementos castrenses les hace falta implementar criterios para saber a quien cuestionar y las unidades tipo que deben ser sujetas de una revisi\u00f3n para evitar el tr\u00e1fico de personas migrantes, de unidades cargadas con combustible y otro tipo de productos. En fin.<br \/>\nalfredoguevara0@gmail.com<\/p>\n<\/div>\n","protected":false},"excerpt":{"rendered":"<p>Tinta Negra Alfredo Guevara 1.- Desde luego que las relaciones entre Gobierno, Secretar\u00eda de Educaci\u00f3n y Secci\u00f3n 30 del SNTE han mejorado en las \u00faltimas semanas. Lo reflejaron el gobernador AM\u00c9RICO VILLARREAL ANAYA, el titular de la SET MIGUEL \u00c1NGEL VALDEZ GARC\u00cdA y el secretario general de la Secci\u00f3n 30 del magisterio ARNULFO RODR\u00cdGUEZ TREVI\u00d1O, [&hellip;]<\/p>\n","protected":false},"author":1,"featured_media":203447,"comment_status":"closed","ping_status":"closed","sticky":false,"template":"","format":"standard","meta":{"footnotes":""},"categories":[16],"tags":[],"class_list":["post-206491","post","type-post","status-publish","format-standard","has-post-thumbnail","hentry","category-opinion"],"_links":{"self":[{"href":"https:\/\/www.elsinodaldetamaulipas.com.mx\/index.php?rest_route=\/wp\/v2\/posts\/206491","targetHints":{"allow":["GET"]}}],"collection":[{"href":"https:\/\/www.elsinodaldetamaulipas.com.mx\/index.php?rest_route=\/wp\/v2\/posts"}],"about":[{"href":"https:\/\/www.elsinodaldetamaulipas.com.mx\/index.php?rest_route=\/wp\/v2\/types\/post"}],"author":[{"embeddable":true,"href":"https:\/\/www.elsinodaldetamaulipas.com.mx\/index.php?rest_route=\/wp\/v2\/users\/1"}],"replies":[{"embeddable":true,"href":"https:\/\/www.elsinodaldetamaulipas.com.mx\/index.php?rest_route=%2Fwp%2Fv2%2Fcomments&post=206491"}],"version-history":[{"count":1,"href":"https:\/\/www.elsinodaldetamaulipas.com.mx\/index.php?rest_route=\/wp\/v2\/posts\/206491\/revisions"}],"predecessor-version":[{"id":206492,"href":"https:\/\/www.elsinodaldetamaulipas.com.mx\/index.php?rest_route=\/wp\/v2\/posts\/206491\/revisions\/206492"}],"wp:featuredmedia":[{"embeddable":true,"href":"https:\/\/www.elsinodaldetamaulipas.com.mx\/index.php?rest_route=\/wp\/v2\/media\/203447"}],"wp:attachment":[{"href":"https:\/\/www.elsinodaldetamaulipas.com.mx\/index.php?rest_route=%2Fwp%2Fv2%2Fmedia&parent=206491"}],"wp:term":[{"taxonomy":"category","embeddable":true,"href":"https:\/\/www.elsinodaldetamaulipas.com.mx\/index.php?rest_route=%2Fwp%2Fv2%2Fcategories&post=206491"},{"taxonomy":"post_tag","embeddable":true,"href":"https:\/\/www.elsinodaldetamaulipas.com.mx\/index.php?rest_route=%2Fwp%2Fv2%2Ftags&post=206491"}],"curies":[{"name":"wp","href":"https:\/\/api.w.org\/{rel}","templated":true}]}}