{"id":206502,"date":"2025-06-18T11:35:28","date_gmt":"2025-06-18T15:35:28","guid":{"rendered":"https:\/\/www.elsinodaldetamaulipas.com.mx\/?p=206502"},"modified":"2025-06-18T11:35:28","modified_gmt":"2025-06-18T15:35:28","slug":"viciado-de-origen-proceso-de-eleccion-judicial","status":"publish","type":"post","link":"https:\/\/www.elsinodaldetamaulipas.com.mx\/?p=206502","title":{"rendered":"VICIADO DE OR\u00cdGEN PROCESO DE ELECCI\u00d3N JUDICIAL"},"content":{"rendered":"<header class=\"clearfix\">\n<nav class=\"navbar navbar-default navbar-static-top\" role=\"navigation\">\n<div class=\"nav-list-container\">\n<div class=\"container\">\n<div class=\"row\">\n<div class=\"col-sm-10\">\n<div id=\"bs-example-navbar-collapse-1\" class=\"collapse navbar-collapse\"><\/div>\n<\/div>\n<\/div>\n<\/div>\n<\/div>\n<\/nav>\n<\/header>\n<section class=\"block-wrapper\">\n<div class=\"container\">\n<div class=\"row\">\n<div class=\"col-sm-8 sticky\">\n<div class=\"theiaStickySidebar\">\n<div id=\"single\" class=\"block-content\">\n<article class=\"single-post-box\">\n<div class=\"title-post\">\n<p>LOS HECHOS<\/p>\n<\/div>\n<div class=\"post-content\">\n<p>POR Jos\u00e9 In\u00e9s Figueroa Vitela<\/p>\n<p>&nbsp;<\/p>\n<p>S\u00ed existe la denuncia de un particular, quien reclama la inelegibilidad que cuestiona<br \/>\nla elecci\u00f3n de DAVID CERDA Z\u00da\u00d1IGA como Magistrado del Supremo Tribunal de<br \/>\nJusticia del Estado de Tamaulipas.<br \/>\nReci\u00e9n se recibi\u00f3 en la Oficial\u00eda de Partes del Congreso Local, por. Lo que<br \/>\nsiguiendo el procedimiento, se le da entrada en pleno, para luego determinar lo<br \/>\nconducente.<br \/>\nEn realidad, todos los procedimientos que se hicieron para nombrar a los<br \/>\nintegrantes del Poder Judicial durante el pasado sexenio, a mi muy particular<br \/>\nentender, estuvieron viciados de origen.<br \/>\nDesde el primer promovido, el socio y protector del exgobernador pr\u00f3fugo,<br \/>\nHORACIO ORTIZ REN\u00c1N, quien pronto fue ascendido, igualmente en forma<br \/>\nirregular a la Presidencia de ese Poder, en su tiempo se dijo y aqu\u00ed comentamos, era<br \/>\nuna persona distinta a la que se registr\u00f3, entrevist\u00f3 y vot\u00f3 en el Congreso Local.<br \/>\nYa ejerciendo, y habiendo cometido no pocos actos ilegales, firm\u00e1ndose como tal,<br \/>\nal paso del tiempo el personaje realiz\u00f3 movimientos jur\u00eddicos para regularizar su<br \/>\nidentidad, pero no pas\u00f3 nada porque el sexenio se desliz\u00f3 sobre rieles de impunidad<br \/>\npermanente.<br \/>\nAhora que alguien ha recordado que CERDA, antes de asumir la magistratura era<br \/>\njefe de la oficina del Ejecutivo, parte del gabinete con nivel de Secretar\u00eda, por<br \/>\nconsecuencia proscrito en la Ley, ha realizado la promoci\u00f3n de marras.<br \/>\nPero CERDA, quien entreg\u00f3 la titularidad del Poder Judicial del Estado antes de<br \/>\nconcluir su gesti\u00f3n, para registrarse en la elecci\u00f3n judicial federal, en unas semanas<br \/>\nm\u00e1s concluye su gesti\u00f3n como Magistrado de n\u00famero local.<br \/>\nA\u00fan con la celeridad que quisiera d\u00e1rsele, solo atendiendo las etapas ordinarias de<br \/>\nun proceso de esta naturaleza, en que se determina la existencia de elementos para<br \/>\nsuponer la falta, se instala la Comisi\u00f3n Instructora, se llama a las partes, se conocen<br \/>\nsus alegatos, r\u00e9plicas y contrar\u00e9plicas, m\u00e1s las deliberaciones propias del caso, el<br \/>\ntiempo se agot\u00f3.<br \/>\nY se agota, dec\u00eda, porque est\u00e1 a la vuelta de la esquina la conclusi\u00f3n del periodo<\/p>\n<p>para el que fue electo, independientemente de que en menos de dos semanas concluye<br \/>\nel periodo ordinario de sesiones, entrando en receso el Poder Legislativo Local.<br \/>\nClaro, el Congreso no se detiene, pero en el receso no operan las Comisiones<br \/>\nordinarias, sino que la diputaci\u00f3n permanente asume las funciones dictaminadoras de<br \/>\ntodas las iniciativas en curso, m\u00e1s las que se puedan presentar en su tiempo.<br \/>\nEs decir, un procedimiento que desconociera la elegibilidad y echara abajo la<br \/>\nelecci\u00f3n de un Magistrado del Poder Judicial Local se pondr\u00eda m\u00e1s cuesta arriba,<br \/>\nlento, tardado.<br \/>\nM\u00e1s a\u00fan, si se consuma antes o despu\u00e9s el desenlace de este recurso, no tiene<br \/>\nning\u00fan efecto sobre la elecci\u00f3n de que ahora s\u00ed fue objeto, con todas las de la ley,<br \/>\ncomo Magistrado del Tribunal Colegiado de Circuito en Materias Administrativa y<br \/>\nCivil, que asumir\u00e1 en cosa m\u00e1s de dos meses.<br \/>\nM\u00e1s a\u00fan, como Presidente del mismo, por haber obtenido el mayor n\u00famero de<br \/>\nvotos, entre sus pares contendientes para la misma figura federal de competencia en<br \/>\ntodo el Estado.<br \/>\nQuienes apoyaron la promoci\u00f3n del ahora Magistrado de Circuito electo, confiaron<br \/>\nen el liderazgo pol\u00edtico actuante que lo impuls\u00f3, suponiendo que ha sido efectivo su<br \/>\n\u201cdestete\u201d del exgobernador pr\u00f3fugo, que fue quien le entreg\u00f3 sus primeros<br \/>\nnombramientos, ya dec\u00edamos, a\u00fan contra los requisitos de ley.<br \/>\nComo quiera, existe plena conciencia de que si se equivocaron y CERDA reedita<br \/>\nactuaciones re\u00f1idas con la decencia y el inter\u00e9s p\u00fablico -del pueblo, pues-, existen<br \/>\nvariados instrumentos para llamarlo a cuentas y en su caso, quitarle el cargo.<br \/>\nPorque cambiar, para seguir iguales, nunca fue la intenci\u00f3n de todo este<br \/>\nmovimiento de la reforma judicial y su aplicaci\u00f3n, con no pocos obst\u00e1culos y<br \/>\nsinsabores.<br \/>\nCuando corre la sentencia de \u201cel que la hace, la paga\u201d, entre los justiciables ahora s\u00ed<br \/>\ntambi\u00e9n estar\u00e1n los juzgadores.<br \/>\nM\u00e1s nos vale.<br \/>\nTambi\u00e9n los Agentes de Transitto del Estado estar\u00e1n por estos tiempos a prueba.<br \/>\nAyer se aprob\u00f3 tal figura en el Congreso Local y los elementos, con sus mandos,<br \/>\nincluido el Secretario de Seguridad P\u00fablica del Estado, SERGIO HERNANDO<br \/>\nCH\u00c1VEZ GARC\u00cdA, estuvieron en el Palacio Legislativo a acompa\u00f1ar la sesi\u00f3n.<br \/>\nYa reportan una disminuci\u00f3n substancial en la incidencia de accidentes carreteros<br \/>\nen las r\u00faas estatales que fue la inspiraci\u00f3n de su existencia; que no sean los abusos los<\/p>\n<p>que echen a perder las buenas intenciones.<\/p>\n<\/div>\n<\/article>\n<\/div>\n<\/div>\n<\/div>\n<\/div>\n<\/div>\n<\/section>\n","protected":false},"excerpt":{"rendered":"<p>LOS HECHOS POR Jos\u00e9 In\u00e9s Figueroa Vitela &nbsp; S\u00ed existe la denuncia de un particular, quien reclama la inelegibilidad que cuestiona la elecci\u00f3n de DAVID CERDA Z\u00da\u00d1IGA como Magistrado del Supremo Tribunal de Justicia del Estado de Tamaulipas. Reci\u00e9n se recibi\u00f3 en la Oficial\u00eda de Partes del Congreso Local, por. Lo que siguiendo el procedimiento, [&hellip;]<\/p>\n","protected":false},"author":1,"featured_media":203688,"comment_status":"closed","ping_status":"closed","sticky":false,"template":"","format":"standard","meta":{"footnotes":""},"categories":[16],"tags":[],"class_list":["post-206502","post","type-post","status-publish","format-standard","has-post-thumbnail","hentry","category-opinion"],"_links":{"self":[{"href":"https:\/\/www.elsinodaldetamaulipas.com.mx\/index.php?rest_route=\/wp\/v2\/posts\/206502","targetHints":{"allow":["GET"]}}],"collection":[{"href":"https:\/\/www.elsinodaldetamaulipas.com.mx\/index.php?rest_route=\/wp\/v2\/posts"}],"about":[{"href":"https:\/\/www.elsinodaldetamaulipas.com.mx\/index.php?rest_route=\/wp\/v2\/types\/post"}],"author":[{"embeddable":true,"href":"https:\/\/www.elsinodaldetamaulipas.com.mx\/index.php?rest_route=\/wp\/v2\/users\/1"}],"replies":[{"embeddable":true,"href":"https:\/\/www.elsinodaldetamaulipas.com.mx\/index.php?rest_route=%2Fwp%2Fv2%2Fcomments&post=206502"}],"version-history":[{"count":1,"href":"https:\/\/www.elsinodaldetamaulipas.com.mx\/index.php?rest_route=\/wp\/v2\/posts\/206502\/revisions"}],"predecessor-version":[{"id":206503,"href":"https:\/\/www.elsinodaldetamaulipas.com.mx\/index.php?rest_route=\/wp\/v2\/posts\/206502\/revisions\/206503"}],"wp:featuredmedia":[{"embeddable":true,"href":"https:\/\/www.elsinodaldetamaulipas.com.mx\/index.php?rest_route=\/wp\/v2\/media\/203688"}],"wp:attachment":[{"href":"https:\/\/www.elsinodaldetamaulipas.com.mx\/index.php?rest_route=%2Fwp%2Fv2%2Fmedia&parent=206502"}],"wp:term":[{"taxonomy":"category","embeddable":true,"href":"https:\/\/www.elsinodaldetamaulipas.com.mx\/index.php?rest_route=%2Fwp%2Fv2%2Fcategories&post=206502"},{"taxonomy":"post_tag","embeddable":true,"href":"https:\/\/www.elsinodaldetamaulipas.com.mx\/index.php?rest_route=%2Fwp%2Fv2%2Ftags&post=206502"}],"curies":[{"name":"wp","href":"https:\/\/api.w.org\/{rel}","templated":true}]}}