{"id":206504,"date":"2025-06-18T11:39:25","date_gmt":"2025-06-18T15:39:25","guid":{"rendered":"https:\/\/www.elsinodaldetamaulipas.com.mx\/?p=206504"},"modified":"2025-06-18T11:39:25","modified_gmt":"2025-06-18T15:39:25","slug":"hedor-a-una-tercera-guerra-mundial","status":"publish","type":"post","link":"https:\/\/www.elsinodaldetamaulipas.com.mx\/?p=206504","title":{"rendered":"HEDOR A UNA TERCERA GUERRA MUNDIAL"},"content":{"rendered":"<p>AQU\u00cd R\u00cdO BRAVO<br \/>\nPor Daniel Enrique ROMERO ALEM\u00c1N<\/p>\n<p>*Sigue y sigue subiendo de escala el conflicto entre Israel e Ir\u00e1n, y en el mundo se comienza a sentir un olor de una nueva guerra mundial.<br \/>\nEn verdad no se quien tenga la raz\u00f3n para estar d\u00e1ndose con todo, lo cierto es que parece ser que el dialogo ya no es posible entre estas dos naciones, que de paso se llevan entre las patas a otros pa\u00edses que se encuentran en estado de alerta.<br \/>\nGuardando las proporciones, haga de cuenta que es algo similar a los enfrentamientos que sostienen d\u00eda a d\u00eda en M\u00e9xico, \u201cLa Cuatrot\u00e9\u201d contra la oposici\u00f3n y los periodistas.<br \/>\nAfortunadamente no hay armas de por medio, pero eso si han convertido a M\u00e9xico en el pa\u00eds de las mentiras.<br \/>\n*LO QUE muchos tem\u00edamos se cumpli\u00f3, finalmente la tan anunciada y esperada reuni\u00f3n que sostendr\u00edan en Canad\u00e1 con motivo de la cumbre del G-7 la presidenta CLAUDIA SHEINBAUM y el presidente gringo DONALD TRUMP, no se concret\u00f3.<br \/>\nTrump se sali\u00f3 inesperadamente de dicha cumbre para darle prioridad a otros problemas, por lo que lo de los aranceles y cooperaci\u00f3n bilateral qued\u00f3 solo en la agenda.<br \/>\n\u00bfPorque ese desprecio de Donald para Claudia?<br \/>\n\u00bfY existe en verdad una buena relaci\u00f3n entre ambos pa\u00edses como lo dice a diario en su ma\u00f1anera pueblerina la presidenta?<br \/>\nSe me hace que es puro cuento.<br \/>\nY lo vuelvo a repetir, M\u00e9xico est\u00e1 convertido en el pa\u00eds de las mentiras.<br \/>\nMiren lo que dijo la secretaria de Gobernaci\u00f3n ROSA ICELA RODR\u00cdGUEZ, sobre la cancelaci\u00f3n de la reuni\u00f3n entre Claudia y Donald: \u201cEl encuentro ambos jefes de Estado puede tener lugar en otro momento. Decir que no fue la \u00fanica cancelaci\u00f3n, fueron con varios otros encuentros\u201d.<br \/>\nMejor no escribo lo que estoy pensando.<br \/>\n*MUY MANITOS se vieron el paisano secretario General de Gobierno \u201cEl Calabazo\u201d y el secretario Estatal de Educaci\u00f3n MIGUEL \u00c1NGEL VALDEZ GARC\u00cdA, durante la firma de un convenio de colaboraci\u00f3n interinstitucional.<br \/>\nEl acuerdo tiene como objetivo fortalecer la coordinaci\u00f3n entre ambas dependencias en materia de protecci\u00f3n, promoci\u00f3n y garant\u00eda de los derechos de la infancia y la adolescencia, en cumplimiento con la visi\u00f3n humanista del gobernador AM\u00c9RICO VILLARREAL ANAYA, de poner en el centro de las pol\u00edticas p\u00fablicas a los grupos m\u00e1s vulnerables.<br \/>\n\u201cEl Calabazo\u201d expres\u00f3: \u201cEste convenio representa un compromiso s\u00f3lido para trabajar de manera coordinada y garantizar que todas las ni\u00f1as, ni\u00f1os y adolescentes de Tamaulipas tengan acceso a sus derechos fundamentales. Seguiremos impulsando pol\u00edticas p\u00fablicas que protejan y fortalezcan a nuestras infancias, porque su bienestar es la base de un futuro prometedor para nuestro estado\u201d.<br \/>\nMientras que Miguel \u00c1ngel destac\u00f3: \u201cLa educaci\u00f3n y la protecci\u00f3n de los derechos de la ni\u00f1ez deben ir de la mano. Con este convenio reafirmamos nuestra responsabilidad de crear ambientes seguros y de inclusi\u00f3n, donde cada ni\u00f1a y ni\u00f1o pueda desarrollarse plenamente y con dignidad\u201d.<br \/>\n*NI DUDA cabe de que el rector de la Universidad Aut\u00f3noma de Tamaulipas D\u00c1MASO ANAYA ALBARADO, le ha tomado un enorme aprecio a Suelo Riobravense, y a las pruebas me remito.<br \/>\nLa Unidad Acad\u00e9mica Multidisciplinaria, recibi\u00f3 un primer autob\u00fas destinado a optimizar la movilidad y el acceso a la educaci\u00f3n superior en esta regi\u00f3n; que los j\u00f3venes universitarios de mi querido y adorado pueblo no tengan pretexto alguno para no asistir a clases.<br \/>\nEste servicio de transporte gratuito forma parte de un programa integral de la UAT, impulsado por el rector Anaya Alvarado, mediante el cual se entregaron 13 unidades en el pasado mes de abril, con la finalidad de atender la demanda de estudiantes en las tres zonas del estado donde la Universidad tiene presencia educativa.<br \/>\nEl rector destac\u00f3 que este proyecto responde a la necesidad de eliminar barreras econ\u00f3micas y de distancia que puedan afectar el desempe\u00f1o acad\u00e9mico y el bienestar de los alumnos, reafirmando as\u00ed el compromiso institucional con la inclusi\u00f3n y equidad educativa.<br \/>\n*LA COMISI\u00d3N Municipal de Agua Potable y Alcantarillado de Suelo Riobravense a cuyo frente se encuentra EDGAR PE\u00d1A SERNA, ha intensificado la campa\u00f1a del cuidado del agua tanto en planteles educativos como en los sectores populares.<br \/>\nLa idea es optimizar el recurso y m\u00e1s cuando se sabe que hay problemas en las presas que de repente puede desencadenar en una crisis h\u00eddrica, por eso el intenso trabajo del personal de la Comapa en hacerle ver a ni\u00f1os, j\u00f3venes y adultos que el preciado l\u00edquido hay que cuidarlo.<br \/>\nInclusive en redes sociales se da indicaciones a la ciudadan\u00eda de c\u00f3mo se puede reciclar y reutilizar el agua.<br \/>\nDe verdad, cuidemos el agua.<br \/>\n*APLAUSOS y reconocimiento en grande por parte de los ganaderos de la regi\u00f3n para el Gobierno Municipal de Suelo Neolaredense que preside CARMEN LILIA CANTUROSAS VILLARREAL, por ser el \u00fanico en Tamaulipas que implementa programas de apoyo directo para el fortalecimiento de este sector fundamental para el desarrollo econ\u00f3mico.<br \/>\nEn el local de la Asociaci\u00f3n Ganadera, un total de 30 productores recibieron dos bebederos por persona con un subsidio del 75 por ciento del valor total, lo que representa un importante impulso para mejorar sus condiciones de trabajo y la productividad del hato ganadero en la regi\u00f3n.<br \/>\nEllo se suma a otras acciones implementadas por la administraci\u00f3n municipal a trav\u00e9s de la Secretar\u00eda de Desarrollo Econ\u00f3mico, como el mejoramiento gen\u00e9tico del ganado, que por segundo a\u00f1o consecutivo ha beneficiado a los productores locales.<br \/>\nEl presidente de la Asociaci\u00f3n Ganadera RODOLFO TREVI\u00d1O BENAVIDES, destac\u00f3 el compromiso y la visi\u00f3n del gobierno municipal al priorizar un sector que hist\u00f3ricamente no hab\u00eda recibido este tipo de apoyos por parte de las administraciones locales.<br \/>\nExpresando: \u201cAgradecemos a la presidenta porque Nuevo Laredo es el \u00fanico municipio en todo Tamaulipas que nos ha apoyado con la cuesti\u00f3n de los toros; ya van dos a\u00f1os de respaldo con el mejoramiento gen\u00e9tico y ahora nos vuelven a apoyar con unos bebederos que son tan necesarios aqu\u00ed en la regi\u00f3n; nuevamente, agradecerle a la presidenta municipal por su apoyo\u201d.<br \/>\n*MIRE USTED como nos quieren a M\u00e9xico del otro lado del r\u00edo \u201cBravo\u201d: \u201cSi M\u00e9xico disparara cohetes contra Estados Unidos, ser\u00edan decapitados en unos cuatro segundos\u201d.<br \/>\nEso lo dijo el sangr\u00f3n de ERIC TRIMP, hijo de quien usted y to sabemos.<br \/>\nPero creo que esta en lo cierto, pues si el ej\u00e9rcito mexicano no puede contra las bandas criminales que tienen azolado el pa\u00eds menos va a poder hacer algo contra la potencia gringa, y si, nos har\u00edan papilla.<br \/>\n*EN ASUNTOS meramente deportivos: Oklahoma City, se coloc\u00f3 a un juego de convertirse en el campe\u00f3n del b\u00e1squetbol profesional de los Estados Unidos de Norteam\u00e9rica, despu\u00e9s de que el lunes por la noche gan\u00f3 el quinto juego de la serie a Indiana.<br \/>\nVan tres juegos a dos, y el jueves se volver\u00e1n a ver las caras para el sexto partido.<br \/>\nEl lunes por la noche vimos el regreso de SHOHEI OHTANI, a la loma de los disparos y no le hizo del todo mal, se le vio bien su velocidad que alcanz\u00f3 hasta 102 millas.<br \/>\nLanz\u00f3 solo una entrada, en donde le anotaron una carrera.<br \/>\nAl final los \u201cDodgers\u201d se llevaron la victoria ante sus ac\u00e9rrimos rivales \u201cPadres\u201d de San Diego.<br \/>\nEste mi\u00e9rcoles por la noche la mediocre selecci\u00f3n mexicana juega contra su similar de Surinam, en su segundo encuentro dentro de la \u201cCopa Oro\u201d.<br \/>\nY Pachuca entra en acci\u00f3n en el Mundial de Clubes.<br \/>\n*PORQUE a\u00fan hay tiempo no se le pase felicitar este martes con motivo de sus cumplea\u00f1os a: FRIDA D\u00c1VILA, NORMA EDITH S\u00c1NCHEZ, BERTHA DALIA VILLEGAS, JUAN ANTONIO BARAJAS CANT\u00da y RICARDO MONREAL.<br \/>\nFiesta en el cielo para mi suegro Carlos Barrera.<br \/>\nSantoral: Ismael.<br \/>\nUn monumental abrazo y que vengan muchos m\u00e1s.<br \/>\nVolveremos, HM\u2026D\u2026M\u2026<br \/>\nCorreo electr\u00f3nico: barre283@hotmail.com<\/p>\n","protected":false},"excerpt":{"rendered":"<p>AQU\u00cd R\u00cdO BRAVO Por Daniel Enrique ROMERO ALEM\u00c1N *Sigue y sigue subiendo de escala el conflicto entre Israel e Ir\u00e1n, y en el mundo se comienza a sentir un olor de una nueva guerra mundial. En verdad no se quien tenga la raz\u00f3n para estar d\u00e1ndose con todo, lo cierto es que parece ser que [&hellip;]<\/p>\n","protected":false},"author":1,"featured_media":204071,"comment_status":"closed","ping_status":"closed","sticky":false,"template":"","format":"standard","meta":{"footnotes":""},"categories":[16],"tags":[],"class_list":["post-206504","post","type-post","status-publish","format-standard","has-post-thumbnail","hentry","category-opinion"],"_links":{"self":[{"href":"https:\/\/www.elsinodaldetamaulipas.com.mx\/index.php?rest_route=\/wp\/v2\/posts\/206504","targetHints":{"allow":["GET"]}}],"collection":[{"href":"https:\/\/www.elsinodaldetamaulipas.com.mx\/index.php?rest_route=\/wp\/v2\/posts"}],"about":[{"href":"https:\/\/www.elsinodaldetamaulipas.com.mx\/index.php?rest_route=\/wp\/v2\/types\/post"}],"author":[{"embeddable":true,"href":"https:\/\/www.elsinodaldetamaulipas.com.mx\/index.php?rest_route=\/wp\/v2\/users\/1"}],"replies":[{"embeddable":true,"href":"https:\/\/www.elsinodaldetamaulipas.com.mx\/index.php?rest_route=%2Fwp%2Fv2%2Fcomments&post=206504"}],"version-history":[{"count":1,"href":"https:\/\/www.elsinodaldetamaulipas.com.mx\/index.php?rest_route=\/wp\/v2\/posts\/206504\/revisions"}],"predecessor-version":[{"id":206505,"href":"https:\/\/www.elsinodaldetamaulipas.com.mx\/index.php?rest_route=\/wp\/v2\/posts\/206504\/revisions\/206505"}],"wp:featuredmedia":[{"embeddable":true,"href":"https:\/\/www.elsinodaldetamaulipas.com.mx\/index.php?rest_route=\/wp\/v2\/media\/204071"}],"wp:attachment":[{"href":"https:\/\/www.elsinodaldetamaulipas.com.mx\/index.php?rest_route=%2Fwp%2Fv2%2Fmedia&parent=206504"}],"wp:term":[{"taxonomy":"category","embeddable":true,"href":"https:\/\/www.elsinodaldetamaulipas.com.mx\/index.php?rest_route=%2Fwp%2Fv2%2Fcategories&post=206504"},{"taxonomy":"post_tag","embeddable":true,"href":"https:\/\/www.elsinodaldetamaulipas.com.mx\/index.php?rest_route=%2Fwp%2Fv2%2Ftags&post=206504"}],"curies":[{"name":"wp","href":"https:\/\/api.w.org\/{rel}","templated":true}]}}