{"id":206509,"date":"2025-06-18T14:12:50","date_gmt":"2025-06-18T18:12:50","guid":{"rendered":"https:\/\/www.elsinodaldetamaulipas.com.mx\/?p=206509"},"modified":"2025-06-18T14:23:08","modified_gmt":"2025-06-18T18:23:08","slug":"ya-hay-fecha-para-induccion-a-carrera-de-enfermeria","status":"publish","type":"post","link":"https:\/\/www.elsinodaldetamaulipas.com.mx\/?p=206509","title":{"rendered":"YA HAY FECHA PARA INDUCCI\u00d3N A CARRERA DE ENFERMER\u00cdA"},"content":{"rendered":"<p><strong><em>Por Juan Carlos Rodr\u00edguez Terrazas\/EL SINODAL DE TAMAULIPAS<\/em><\/strong><\/p>\n<p>Reynosa, Tam.- En la segunda semana del mes de julio ser\u00e1 el curso de inducci\u00f3n para los aspirantes a cursar la Licenciatura en Enfermer\u00eda, cuya primera generaci\u00f3n en la Unidad Acad\u00e9mica Multidisciplinaria Reynosa Rodhe, iniciar\u00e1 actividades lectivas el mes de agosto de este a\u00f1o.<\/p>\n<p>Lo anterior fue informado por la Doctora en Educaci\u00f3n Mar\u00eda Elvira Rodr\u00edguez Escobedo, responsable de cumplir la encomienda del rector D\u00e1maso Leonardo Amaya Alvarado, empe\u00f1ado en seguir impulsando las necesidades de salud de los tamaulipecos.<\/p>\n<p style=\"text-align: center;\"><strong>RECONOCIMIENTO AL RECTOR<\/strong><\/p>\n<p>\u00a0\u00a0\u00a0\u00a0\u00a0\u00a0\u00a0\u00a0\u00a0\u00a0\u00a0 La coordinadora de esta nueva carrera destac\u00f3 con ello el extraordinario apoyo del rector a trav\u00e9s del Sub Secretario general de la UAT en la Zona Norte, Dr. Ignacio Hern\u00e1ndez Rodr\u00edguez y de la Directora de la UAMRA Dra. Cristina Hern\u00e1ndez Jim\u00e9nez.<\/p>\n<p>Extern\u00f3 la entrevistada que ya se cuenta con cinco aulas y laboratorios que fueron suministrados con productos e insumos, para cumplir con la normatividad que reclama el comit\u00e9 CIFRUS, que es el encargado de supervisar todos los criterios en el ejercicio de la carrera profesional de enfermer\u00eda en Reynosa, que ya funciona en Nuevo Laredo y Matamoros y con ello cerrar\u00e1 la pinza en la cobertura id\u00f3nea para la frontera.<\/p>\n<p style=\"text-align: center;\"><strong>PASAN LA PRUEBA<\/strong><\/p>\n<p>\u00a0\u00a0\u00a0\u00a0\u00a0\u00a0\u00a0\u00a0\u00a0\u00a0\u00a0 Rodr\u00edguez Escobedo, cit\u00f3 que la CIFRUS tambi\u00e9n supervisa la idoneidad en las \u00e1reas de disciplina, biometr\u00eda, funciones de personal, manejo de ingl\u00e9s, inform\u00e1tica e investigaci\u00f3n.<\/p>\n<p>La misma fuente coment\u00f3 que ahora mismo 85 aspirantes a licenciados en enfermer\u00eda ya pasaron los filtros del examen EXANI II, el psicol\u00f3gico y el psicom\u00e9trico, faltando solamente cumplir con el examen m\u00e9dico y realizar el curso de inducci\u00f3n que como se cita se realizar\u00e1 durante una semana despu\u00e9s del d\u00eda 15 de julio.<\/p>\n<p><img loading=\"lazy\" decoding=\"async\" class=\"aligncenter wp-image-206511 size-full\" src=\"https:\/\/www.elsinodaldetamaulipas.com.mx\/wp-content\/uploads\/2025\/06\/MARIA-ELVIRA-RODRIGUEZ-FOTO-2.jpg\" alt=\"\" width=\"894\" height=\"487\" srcset=\"https:\/\/www.elsinodaldetamaulipas.com.mx\/wp-content\/uploads\/2025\/06\/MARIA-ELVIRA-RODRIGUEZ-FOTO-2.jpg 894w, https:\/\/www.elsinodaldetamaulipas.com.mx\/wp-content\/uploads\/2025\/06\/MARIA-ELVIRA-RODRIGUEZ-FOTO-2-300x163.jpg 300w, https:\/\/www.elsinodaldetamaulipas.com.mx\/wp-content\/uploads\/2025\/06\/MARIA-ELVIRA-RODRIGUEZ-FOTO-2-768x418.jpg 768w\" sizes=\"auto, (max-width: 894px) 100vw, 894px\" \/><\/p>\n<p style=\"text-align: center;\"><strong>ABIERTA INSCRIPCI\u00d3N<\/strong><\/p>\n<p>\u00a0\u00a0\u00a0\u00a0\u00a0\u00a0\u00a0\u00a0\u00a0\u00a0\u00a0 Entretanto, comunic\u00f3 la responsable que, ya se abri\u00f3 otra lista de aspirantes que se est\u00e1n registrando en la propia unidad Aztl\u00e1n, donde se les brinda toda la informaci\u00f3n requerida a efecto de que cumplen con los requisitos de admisi\u00f3n y se incorporen al curso de inducci\u00f3n en la ya citada fecha dada al primer grupo.<\/p>\n<p>La doctora Rodr\u00edguez, con una amplia experiencia que la ha llevado a ocupar destacados espacios de trabajo profesional en una instituci\u00f3n federal donde se jubil\u00f3 despu\u00e9s de 34 a\u00f1os de servicio, laborando despu\u00e9s otros 16 a\u00f1os en uno de los mejores hospitales particulares de especialidades, mencion\u00f3 que la carrera en licenciatura en enfermer\u00eda abre muchos espacios de participaci\u00f3n no solo a las mujeres, sino tambi\u00e9n a los varones.<\/p>\n<p style=\"text-align: center;\"><strong>MISMAS OPORTUNIDADES<\/strong><\/p>\n<p>\u00a0\u00a0\u00a0\u00a0\u00a0\u00a0\u00a0\u00a0\u00a0\u00a0\u00a0 Mencion\u00f3 que, en la actualidad, aunque m\u00e1s mujeres estudian enfermer\u00eda, muchos varones tambi\u00e9n ocupan cargos de responsabilidad en las estructuras hospitalarias tanto en instituciones de gobierno como particulares, ya sea como jefes de enfermer\u00eda, supervisores de esa \u00e1rea o inclusive gerentes de ense\u00f1anza.<\/p>\n<p>Antes de concluir la entrevista la profesionista, reiter\u00f3 su reconocimiento y su agradecimiento al Rector D\u00e1maso Anaya, por estar convirtiendo en un hecho este anhelado sue\u00f1o de los enfermeros y enfermeras de esta regi\u00f3n que antes para estudiar esta carrera deb\u00edan mudarse a otras ciudades ubicadas a cientos de kil\u00f3metros o estudiar en escuelas particulares que, o son muy caras, o no re\u00fanen las condiciones necesarias para una ense\u00f1anza de calidad, o ambas cosas.<\/p>\n<p>Puntualiz\u00f3 que la multicitada carrera de licenciatura en enfermer\u00eda cumple con la visi\u00f3n del programa 2030 instrumentado por el rector de la UAT, mismo que en la visita que realiz\u00f3 el mes de mayo, puso \u00e9nfasis, al realizar una visita de supervisi\u00f3n a la infraestructura que se utilizar\u00e1 en la carrera, aprovechando esa estad\u00eda para realizar la entrega de decenas de computadoras y tomar la protesta a la directora de la UAMRA, Dra. Cristina Hern\u00e1ndez Jim\u00e9nez, a la que de igual forma le deseo un gran \u00e9xito en el ejercicio de su cargo.<\/p>\n<p>&nbsp;<\/p>\n","protected":false},"excerpt":{"rendered":"<p>Por Juan Carlos Rodr\u00edguez Terrazas\/EL SINODAL DE TAMAULIPAS Reynosa, Tam.- En la segunda semana del mes de julio ser\u00e1 el curso de inducci\u00f3n para los aspirantes a cursar la Licenciatura en Enfermer\u00eda, cuya primera generaci\u00f3n en la Unidad Acad\u00e9mica Multidisciplinaria Reynosa Rodhe, iniciar\u00e1 actividades lectivas el mes de agosto de este a\u00f1o. Lo anterior fue [&hellip;]<\/p>\n","protected":false},"author":1,"featured_media":206513,"comment_status":"closed","ping_status":"closed","sticky":false,"template":"","format":"standard","meta":{"footnotes":""},"categories":[1,2],"tags":[],"class_list":["post-206509","post","type-post","status-publish","format-standard","has-post-thumbnail","hentry","category-portada","category-reynosa"],"_links":{"self":[{"href":"https:\/\/www.elsinodaldetamaulipas.com.mx\/index.php?rest_route=\/wp\/v2\/posts\/206509","targetHints":{"allow":["GET"]}}],"collection":[{"href":"https:\/\/www.elsinodaldetamaulipas.com.mx\/index.php?rest_route=\/wp\/v2\/posts"}],"about":[{"href":"https:\/\/www.elsinodaldetamaulipas.com.mx\/index.php?rest_route=\/wp\/v2\/types\/post"}],"author":[{"embeddable":true,"href":"https:\/\/www.elsinodaldetamaulipas.com.mx\/index.php?rest_route=\/wp\/v2\/users\/1"}],"replies":[{"embeddable":true,"href":"https:\/\/www.elsinodaldetamaulipas.com.mx\/index.php?rest_route=%2Fwp%2Fv2%2Fcomments&post=206509"}],"version-history":[{"count":1,"href":"https:\/\/www.elsinodaldetamaulipas.com.mx\/index.php?rest_route=\/wp\/v2\/posts\/206509\/revisions"}],"predecessor-version":[{"id":206512,"href":"https:\/\/www.elsinodaldetamaulipas.com.mx\/index.php?rest_route=\/wp\/v2\/posts\/206509\/revisions\/206512"}],"wp:featuredmedia":[{"embeddable":true,"href":"https:\/\/www.elsinodaldetamaulipas.com.mx\/index.php?rest_route=\/wp\/v2\/media\/206513"}],"wp:attachment":[{"href":"https:\/\/www.elsinodaldetamaulipas.com.mx\/index.php?rest_route=%2Fwp%2Fv2%2Fmedia&parent=206509"}],"wp:term":[{"taxonomy":"category","embeddable":true,"href":"https:\/\/www.elsinodaldetamaulipas.com.mx\/index.php?rest_route=%2Fwp%2Fv2%2Fcategories&post=206509"},{"taxonomy":"post_tag","embeddable":true,"href":"https:\/\/www.elsinodaldetamaulipas.com.mx\/index.php?rest_route=%2Fwp%2Fv2%2Ftags&post=206509"}],"curies":[{"name":"wp","href":"https:\/\/api.w.org\/{rel}","templated":true}]}}