{"id":206521,"date":"2025-06-18T19:58:32","date_gmt":"2025-06-18T23:58:32","guid":{"rendered":"https:\/\/www.elsinodaldetamaulipas.com.mx\/?p=206521"},"modified":"2025-06-18T22:25:23","modified_gmt":"2025-06-19T02:25:23","slug":"fomentan-talleres-vocacionales-de-servicio","status":"publish","type":"post","link":"https:\/\/www.elsinodaldetamaulipas.com.mx\/?p=206521","title":{"rendered":"FOMENTAN TALLERES VOCACIONALES DE SERVICIO"},"content":{"rendered":"<p><strong><em>EL SINODAL DE TAMAULIPAS<\/em><\/strong><\/p>\n<p>Reynosa, Tam.- La tarde de este mi\u00e9rcoles se llev\u00f3 a cabo el taller \u00ab\u201dEl Arte de Servir a los Dem\u00e1s con Voluntad y Trabajo\u201d en las instalaciones del Instituto Tamaulipeco para la Cultura y las Artes (ITCA), ubicado en Ciudad Victoria. La capacitaci\u00f3n estuvo dirigida a trabajadores fiscales del estado de Tamaulipas con el objetivo de fortalecer la vocaci\u00f3n de servicio p\u00fablico.<\/p>\n<p>&nbsp;<\/p>\n<p>El evento fue presidido por el Lic. Marcelo Ol\u00e1n Mendoza, director de Oficinas Fiscales y Establecimientos de Bebidas Alcoh\u00f3licas en Tamaulipas, y cont\u00f3 con la participaci\u00f3n del reconocido conferencista Ricardo Botello, originario de R\u00edo Bravo, quien acumula m\u00e1s de 30 a\u00f1os de trayectoria impartiendo conferencias motivacionales a lo largo del pa\u00eds.<\/p>\n<p>&nbsp;<\/p>\n<p>Durante su intervenci\u00f3n, Ol\u00e1n Mendoza destac\u00f3 la importancia de brindar a los servidores p\u00fablicos las herramientas necesarias para alinearse con la pol\u00edtica humanista del gobernador Am\u00e9rico Villarreal Anaya.<\/p>\n<p>&nbsp;<\/p>\n<p>\u201cEste gobierno humanista nos ha encomendado una tarea muy clara: servir con toda la fuerza del coraz\u00f3n a los ciudadanos\u201d, expres\u00f3.<\/p>\n<p>&nbsp;<\/p>\n<p><img loading=\"lazy\" decoding=\"async\" class=\"aligncenter wp-image-206555 size-full\" src=\"https:\/\/www.elsinodaldetamaulipas.com.mx\/wp-content\/uploads\/2025\/06\/victoria.jpg\" alt=\"\" width=\"1280\" height=\"720\" srcset=\"https:\/\/www.elsinodaldetamaulipas.com.mx\/wp-content\/uploads\/2025\/06\/victoria.jpg 1280w, https:\/\/www.elsinodaldetamaulipas.com.mx\/wp-content\/uploads\/2025\/06\/victoria-300x169.jpg 300w, https:\/\/www.elsinodaldetamaulipas.com.mx\/wp-content\/uploads\/2025\/06\/victoria-1024x576.jpg 1024w, https:\/\/www.elsinodaldetamaulipas.com.mx\/wp-content\/uploads\/2025\/06\/victoria-768x432.jpg 768w\" sizes=\"auto, (max-width: 1280px) 100vw, 1280px\" \/><\/p>\n<p>Asimismo, enfatiz\u00f3 que la capacitaci\u00f3n constante es clave para evitar errores por omisi\u00f3n y fomentar un desempe\u00f1o \u00e9tico y eficiente. Se\u00f1al\u00f3 que experiencias previas, como la vivida en Reynosa, han demostrado resultados positivos al aplicar esta formaci\u00f3n centrada en el servicio ciudadano.<\/p>\n<p>&nbsp;<\/p>\n<p>\u201cTodos tenemos que tener el conocimiento necesario para servir a la gente, y por eso estamos sumando esfuerzos para construir un solo equipo con una visi\u00f3n com\u00fan: ser gestores del gobierno que promuevan una ideolog\u00eda humanista\u201d, subray\u00f3.<\/p>\n<p>&nbsp;<\/p>\n<p>Finalmente, este taller forma parte de las acciones impulsadas por el Lic. Marcelo Ol\u00e1n Mendoza para fortalecer la capacitaci\u00f3n del personal fiscal en Tamaulipas, con el objetivo de mejorar la atenci\u00f3n ciudadana y alinear el servicio p\u00fablico con los principios de la pol\u00edtica humanista del gobierno estatal.<\/p>\n","protected":false},"excerpt":{"rendered":"<p>EL SINODAL DE TAMAULIPAS Reynosa, Tam.- La tarde de este mi\u00e9rcoles se llev\u00f3 a cabo el taller \u00ab\u201dEl Arte de Servir a los Dem\u00e1s con Voluntad y Trabajo\u201d en las instalaciones del Instituto Tamaulipeco para la Cultura y las Artes (ITCA), ubicado en Ciudad Victoria. La capacitaci\u00f3n estuvo dirigida a trabajadores fiscales del estado de [&hellip;]<\/p>\n","protected":false},"author":1,"featured_media":206523,"comment_status":"closed","ping_status":"closed","sticky":false,"template":"","format":"standard","meta":{"footnotes":""},"categories":[1,2],"tags":[],"class_list":["post-206521","post","type-post","status-publish","format-standard","has-post-thumbnail","hentry","category-portada","category-reynosa"],"_links":{"self":[{"href":"https:\/\/www.elsinodaldetamaulipas.com.mx\/index.php?rest_route=\/wp\/v2\/posts\/206521","targetHints":{"allow":["GET"]}}],"collection":[{"href":"https:\/\/www.elsinodaldetamaulipas.com.mx\/index.php?rest_route=\/wp\/v2\/posts"}],"about":[{"href":"https:\/\/www.elsinodaldetamaulipas.com.mx\/index.php?rest_route=\/wp\/v2\/types\/post"}],"author":[{"embeddable":true,"href":"https:\/\/www.elsinodaldetamaulipas.com.mx\/index.php?rest_route=\/wp\/v2\/users\/1"}],"replies":[{"embeddable":true,"href":"https:\/\/www.elsinodaldetamaulipas.com.mx\/index.php?rest_route=%2Fwp%2Fv2%2Fcomments&post=206521"}],"version-history":[{"count":3,"href":"https:\/\/www.elsinodaldetamaulipas.com.mx\/index.php?rest_route=\/wp\/v2\/posts\/206521\/revisions"}],"predecessor-version":[{"id":206557,"href":"https:\/\/www.elsinodaldetamaulipas.com.mx\/index.php?rest_route=\/wp\/v2\/posts\/206521\/revisions\/206557"}],"wp:featuredmedia":[{"embeddable":true,"href":"https:\/\/www.elsinodaldetamaulipas.com.mx\/index.php?rest_route=\/wp\/v2\/media\/206523"}],"wp:attachment":[{"href":"https:\/\/www.elsinodaldetamaulipas.com.mx\/index.php?rest_route=%2Fwp%2Fv2%2Fmedia&parent=206521"}],"wp:term":[{"taxonomy":"category","embeddable":true,"href":"https:\/\/www.elsinodaldetamaulipas.com.mx\/index.php?rest_route=%2Fwp%2Fv2%2Fcategories&post=206521"},{"taxonomy":"post_tag","embeddable":true,"href":"https:\/\/www.elsinodaldetamaulipas.com.mx\/index.php?rest_route=%2Fwp%2Fv2%2Ftags&post=206521"}],"curies":[{"name":"wp","href":"https:\/\/api.w.org\/{rel}","templated":true}]}}