{"id":206525,"date":"2025-06-18T20:07:00","date_gmt":"2025-06-19T00:07:00","guid":{"rendered":"https:\/\/www.elsinodaldetamaulipas.com.mx\/?p=206525"},"modified":"2025-06-18T20:07:00","modified_gmt":"2025-06-19T00:07:00","slug":"un-minuto-de-silencio-a-dona-minerva-gutierrez","status":"publish","type":"post","link":"https:\/\/www.elsinodaldetamaulipas.com.mx\/?p=206525","title":{"rendered":"UN MINUTO DE SILENCIO A DO\u00d1A MINERVA GUTI\u00c9RREZ"},"content":{"rendered":"<p>EXPEDIENTE<\/p>\n<p>Por Azahel Jaramillo H.<\/p>\n<p>En esta inicio de semana, tras el fallecimiento, en Matamoros, de Do\u00f1a Minerva Guti\u00e9rrez de C\u00e1rdenas, en Victoria cap\u00edtal el pleno del Congreso del Estado en honor a ella guard\u00f3 un minuto de silencio.<\/p>\n<p>La Sra. Minerva, esposa de Don Jorge C\u00e1rdenas Gonz\u00e1lez, fue en dos trienios presidenta del DIF Matamoros. De ella, la gente de esta fronteriza poblaci\u00f3n recuerda su dedicaci\u00f3n y trabajo a favor de las familias en situaci\u00f3n econ\u00f3mica precaria.<\/p>\n<p>Y.este lunes 16 en la Catedral del Refugio, de Matamoros, hubo misa de cuerpo presente. El templo abarrotado. la homilia fue oficiada por el padre Alberto Gut\u00e9rrez Gonz\u00e1lez, sobrino de la se\u00f1ora Minerva, quien viaj\u00f3 desde Sinaloa\u2014donde ejerce su labor pastoral.<\/p>\n<p>Entre los asistentes a la misa anote usted al alcalde de Reynosa, Carlos Pe\u00f1a Ortiz acompa\u00f1ado por su madre, la senadora Maki Ortiz Dom\u00ednguez, as\u00ed como el empresario radiof\u00f3nico ingeniero Enrique C\u00e1rdenas del Avellano. Lleg\u00f3 tambi\u00e9n el l\u00edder del partido naranja Roberto Lee, y, claro, su el Lic. Gustavo Adolfo C\u00e1rdenas Guti\u00e9rrez, hijo la Sra. Minerva. Do\u00f1a Minerva Guti\u00e9rrez de C\u00e1rdenas: Descanse en paz.<\/p>\n<p>PRESIDE AVA ENTREGA TARJETAS DEL BIENESTAR<\/p>\n<p>En el Poliforum \u00abDr. Rodolfo Torre Cant\u00fa\u00bb se realiz\u00f3 este miercoles la entrega de una priemera remesa de 9 mil, 136 tarjetas del Programa de Pensi\u00f3n para el Bienestar de las Personas con Discapacidad en Tamaulipas.<\/p>\n<p>El gobernador Dr. Am\u00e9rico Villarreal Anaya, el delegado del Bienestar, profesor Luis Lauro Reyes Rodr\u00edguez, y la seceretaria estatal de Bienestar, Dra. Silvia Casas Gonz\u00e1lez, encabezaron la ceremonia.<\/p>\n<p>Ante familias beneficiarias, el Dr. Am\u00e9rico destac\u00f3 que esta acci\u00f3n responde a la visi\u00f3n humanista del gobierno federal, programa que permite reducir las brechas de desigualdad en el pa\u00eds.<\/p>\n<p>Al microfono dijo Am\u00e9rico Villarreal Anaya: \u00abTenemos 20 diferentes Programas de Bienestar que pueden estar llevando circunstancias de apoyo, de alivio, de esperanza, de tranquilidad a los hogares; ese es el humanismo y es el humanismo mexicano porque est\u00e1 basado en nuestra historia, en nuestra cultura, en nuestras costumbres de ser un pueblo solidario, que tiene como principio la unidad de la familia\u00bb.<\/p>\n<p>A\u00f1adi\u00f3 el jefe politico del estado: \u00abTenemos otros ejemplos de un gobierno del estado humanista, en donde hemos procurado ver y atender a las personas que tienen alg\u00fan problema visual a trav\u00e9s del DIF, en la escuela Camino de Luz, o recientemente, en la remodelaci\u00f3n y ampliaci\u00f3n en los albergues que tenemos en la Casa Hogar San Antonio, donde tambi\u00e9n tenemos personas con discapacidad\u00bb.<\/p>\n<p>En su turno al microfono, el delegado federal del Bienestar, profesor Luis Lauro Reyes dijo: \u00abMe da mucho gusto ver el trabajo, el esfuerzo que han hecho las serrvidoras y los servidores de la Naci\u00f3n, quienes han estado al frente de muchos programas de bienestar, y tambi\u00e9n de quienes los dirigen aqu\u00ed en el estado\u00bb. NOS VEMOS.<\/p>\n","protected":false},"excerpt":{"rendered":"<p>EXPEDIENTE Por Azahel Jaramillo H. En esta inicio de semana, tras el fallecimiento, en Matamoros, de Do\u00f1a Minerva Guti\u00e9rrez de C\u00e1rdenas, en Victoria cap\u00edtal el pleno del Congreso del Estado en honor a ella guard\u00f3 un minuto de silencio. La Sra. Minerva, esposa de Don Jorge C\u00e1rdenas Gonz\u00e1lez, fue en dos trienios presidenta del DIF [&hellip;]<\/p>\n","protected":false},"author":1,"featured_media":206526,"comment_status":"closed","ping_status":"closed","sticky":false,"template":"","format":"standard","meta":{"footnotes":""},"categories":[16],"tags":[],"class_list":["post-206525","post","type-post","status-publish","format-standard","has-post-thumbnail","hentry","category-opinion"],"_links":{"self":[{"href":"https:\/\/www.elsinodaldetamaulipas.com.mx\/index.php?rest_route=\/wp\/v2\/posts\/206525","targetHints":{"allow":["GET"]}}],"collection":[{"href":"https:\/\/www.elsinodaldetamaulipas.com.mx\/index.php?rest_route=\/wp\/v2\/posts"}],"about":[{"href":"https:\/\/www.elsinodaldetamaulipas.com.mx\/index.php?rest_route=\/wp\/v2\/types\/post"}],"author":[{"embeddable":true,"href":"https:\/\/www.elsinodaldetamaulipas.com.mx\/index.php?rest_route=\/wp\/v2\/users\/1"}],"replies":[{"embeddable":true,"href":"https:\/\/www.elsinodaldetamaulipas.com.mx\/index.php?rest_route=%2Fwp%2Fv2%2Fcomments&post=206525"}],"version-history":[{"count":1,"href":"https:\/\/www.elsinodaldetamaulipas.com.mx\/index.php?rest_route=\/wp\/v2\/posts\/206525\/revisions"}],"predecessor-version":[{"id":206527,"href":"https:\/\/www.elsinodaldetamaulipas.com.mx\/index.php?rest_route=\/wp\/v2\/posts\/206525\/revisions\/206527"}],"wp:featuredmedia":[{"embeddable":true,"href":"https:\/\/www.elsinodaldetamaulipas.com.mx\/index.php?rest_route=\/wp\/v2\/media\/206526"}],"wp:attachment":[{"href":"https:\/\/www.elsinodaldetamaulipas.com.mx\/index.php?rest_route=%2Fwp%2Fv2%2Fmedia&parent=206525"}],"wp:term":[{"taxonomy":"category","embeddable":true,"href":"https:\/\/www.elsinodaldetamaulipas.com.mx\/index.php?rest_route=%2Fwp%2Fv2%2Fcategories&post=206525"},{"taxonomy":"post_tag","embeddable":true,"href":"https:\/\/www.elsinodaldetamaulipas.com.mx\/index.php?rest_route=%2Fwp%2Fv2%2Ftags&post=206525"}],"curies":[{"name":"wp","href":"https:\/\/api.w.org\/{rel}","templated":true}]}}