{"id":206528,"date":"2025-06-18T20:13:20","date_gmt":"2025-06-19T00:13:20","guid":{"rendered":"https:\/\/www.elsinodaldetamaulipas.com.mx\/?p=206528"},"modified":"2025-06-18T20:13:20","modified_gmt":"2025-06-19T00:13:20","slug":"freno-a-los-abusos","status":"publish","type":"post","link":"https:\/\/www.elsinodaldetamaulipas.com.mx\/?p=206528","title":{"rendered":"FRENO A LOS ABUSOS"},"content":{"rendered":"<p>ANECDOTARIO.<br \/>\nPOR JAVIER ROSALES ORTIZ.<br \/>\nRELATO 1.-Ahora van a sentir lo que es ser vigilados y pasaran de<br \/>\nverdugos a blancas palomitas, lo que al parecer les agrada a los<br \/>\nfan\u00e1ticos de las redes sociales que casi levantan el dedo a favor de que<br \/>\nel comportamiento de los agentes de transito en Ciudad Victoria sea el<br \/>\nadecuado.<br \/>\nVen, muchos, con buenos ojos que las nuevas unidades que recibir\u00e1n<br \/>\nlos agentes de transito cuenten con videoc\u00e1maras, de esas que<br \/>\nrecopilaran los testimonios de una detenci\u00f3n por lo que sea y de los<br \/>\ntragos amargos que se viven, por momentos.<br \/>\nY si, ellos- los agentes- hacen lo suyo y cumplen con su trabajo, pero en<br \/>\nocasiones el tono de voz, la orden y los excesos corporales provocan la<br \/>\nirritaci\u00f3n de su presa.<br \/>\nMuchos de nosotros hemos sido testigos de esos vigilantes de la calle<br \/>\nque se hacen como que ignoran que las unidades policiacas de nivel<br \/>\nestatal y federal se pasen el alto en calles c\u00e9ntricas de esta ciudad, con<br \/>\nlo que ponen en peligro a los automovilistas que se cruzan en su<br \/>\ncamino.<br \/>\nPero eso y otras cosas m\u00e1s podr\u00edan quedar en el pasado, porque el<br \/>\nnuevo y moderno equipo impedir\u00e1 las palabras y los movimientos<br \/>\nindebidos entre la parte acusadora y la supuestamente responsable.<br \/>\nYa lo dijo el Director de Seguridad P\u00fablica y Transito local, Javier<br \/>\nCordova Gonz\u00e1lez, que es necesaria esta remodelaci\u00f3n de unidades<br \/>\nque trabajan en la calle y que tienen una d\u00e9cada de uso y con desgaste<br \/>\ncr\u00edtico.<br \/>\nPor ello se proceder\u00e1 ya a la renovaci\u00f3n del parque vehicular por el<br \/>\nbien de todos los ciudadanos, a quienes se les quiere inyectar confianza<br \/>\npara corregir esto y m\u00e1s.<br \/>\nPor lo pronto ya se entregaron uniformes a 57 agentes de transito, algo<br \/>\nque ya era necesario y en lo cual se gastaron cien mil pesos, porque su<br \/>\naspecto debe ser esencial.<br \/>\nY tambi\u00e9n considera que se debe destinar equipo nuevo a los<br \/>\nmotociclistas de esta capital, para que el servicio que se preste sea del<br \/>\nbueno.<br \/>\nYa en las redes sociales aparecen m\u00faltiples felicitaciones al alcalde<br \/>\nlocal, Eduardo Gattas B\u00e1ez por contar con el excelente equipo que<br \/>\ntrabaja a su lado, buscando el bien de los ciudadanos.<br \/>\nOjala que aqu\u00ed no se llegue a igualar lo que sucede en el vecino estado<br \/>\nde Nuevo Le\u00f3n donde los agentes de transito detienen a los veh\u00edculos<br \/>\ncon placas de Tamaulipas para recolectar una morralla.<\/p>\n<p>Lo de aqu\u00ed puede ser un buen paso.<br \/>\nY ser\u00e1 Usted, quien lo calificara.<br \/>\nRELATO 2.- De tranquilo el amigo nada tiene porque es un inquieto<br \/>\nbuena onda que se ha ganado el abrazo de los compa\u00f1eros de la prensa<br \/>\nque sueltan carcajadas cada que habla con esa potente voz que capta la<br \/>\natenci\u00f3n.<br \/>\nYo conduc\u00eda por una c\u00e9ntrica avenida de Ciudad Victoria y en la<br \/>\nRadio Uat, que es mi preferida, escuch\u00e9 que un locutor invito a<br \/>\nsintonizar un programa en el que participa Tranquilino P\u00e9rez Arriaga,<br \/>\nquien es licenciado en Periodismo y excelente camarada de quienes<br \/>\nvivimos, re\u00edmos y lloramos, de esto.<br \/>\nEse programa lleva por nombre \u201cDefensor de la audiencia\u201d y en el se<br \/>\nrecolectan quejas y sugerencias del p\u00fablico y se le da curso, porque los<br \/>\nradioescuchas lo merecen.<br \/>\nY quien mejor para eso que el famoso Tranquilino, uno de los mejores<br \/>\nlocutores radiof\u00f3nicos que conozco en Tamaulipas.<br \/>\nNo es un hombre tranquilo y el lo sabe, porque en los eventos pol\u00edticos,<br \/>\ncomo conductor, ante miles de personas con micr\u00f3fono en mano dec\u00eda:<br \/>\n\u201cEn estos momentos acaba de arribar Javier Rosales Ortiz, aplausos\u201d<br \/>\ny el p\u00fablico cumpl\u00eda.<br \/>\nPor m\u00e1s que me le escond\u00eda, Tranquilino me descubr\u00eda.<br \/>\nAunque no est\u00e1 mal recibir nutridos aplausos, no es lo m\u00edo.<br \/>\nEn ese programa de radio se debe hacer valer la voz y tambi\u00e9n es<br \/>\ndecorado con m\u00fasica variada y poco comercial, de esa que a nuestro<br \/>\namigo le agrada.<br \/>\nSuerte, que se que siempre la tienes, y felicidades.<br \/>\nDon, nada tranquilo.<br \/>\nCorreo electr\u00f3nico: tecnico.lobo1@gmail.com<\/p>\n","protected":false},"excerpt":{"rendered":"<p>ANECDOTARIO. POR JAVIER ROSALES ORTIZ. RELATO 1.-Ahora van a sentir lo que es ser vigilados y pasaran de verdugos a blancas palomitas, lo que al parecer les agrada a los fan\u00e1ticos de las redes sociales que casi levantan el dedo a favor de que el comportamiento de los agentes de transito en Ciudad Victoria sea [&hellip;]<\/p>\n","protected":false},"author":1,"featured_media":203252,"comment_status":"closed","ping_status":"closed","sticky":false,"template":"","format":"standard","meta":{"footnotes":""},"categories":[16],"tags":[],"class_list":["post-206528","post","type-post","status-publish","format-standard","has-post-thumbnail","hentry","category-opinion"],"_links":{"self":[{"href":"https:\/\/www.elsinodaldetamaulipas.com.mx\/index.php?rest_route=\/wp\/v2\/posts\/206528","targetHints":{"allow":["GET"]}}],"collection":[{"href":"https:\/\/www.elsinodaldetamaulipas.com.mx\/index.php?rest_route=\/wp\/v2\/posts"}],"about":[{"href":"https:\/\/www.elsinodaldetamaulipas.com.mx\/index.php?rest_route=\/wp\/v2\/types\/post"}],"author":[{"embeddable":true,"href":"https:\/\/www.elsinodaldetamaulipas.com.mx\/index.php?rest_route=\/wp\/v2\/users\/1"}],"replies":[{"embeddable":true,"href":"https:\/\/www.elsinodaldetamaulipas.com.mx\/index.php?rest_route=%2Fwp%2Fv2%2Fcomments&post=206528"}],"version-history":[{"count":1,"href":"https:\/\/www.elsinodaldetamaulipas.com.mx\/index.php?rest_route=\/wp\/v2\/posts\/206528\/revisions"}],"predecessor-version":[{"id":206529,"href":"https:\/\/www.elsinodaldetamaulipas.com.mx\/index.php?rest_route=\/wp\/v2\/posts\/206528\/revisions\/206529"}],"wp:featuredmedia":[{"embeddable":true,"href":"https:\/\/www.elsinodaldetamaulipas.com.mx\/index.php?rest_route=\/wp\/v2\/media\/203252"}],"wp:attachment":[{"href":"https:\/\/www.elsinodaldetamaulipas.com.mx\/index.php?rest_route=%2Fwp%2Fv2%2Fmedia&parent=206528"}],"wp:term":[{"taxonomy":"category","embeddable":true,"href":"https:\/\/www.elsinodaldetamaulipas.com.mx\/index.php?rest_route=%2Fwp%2Fv2%2Fcategories&post=206528"},{"taxonomy":"post_tag","embeddable":true,"href":"https:\/\/www.elsinodaldetamaulipas.com.mx\/index.php?rest_route=%2Fwp%2Fv2%2Ftags&post=206528"}],"curies":[{"name":"wp","href":"https:\/\/api.w.org\/{rel}","templated":true}]}}