{"id":206533,"date":"2025-06-18T20:21:06","date_gmt":"2025-06-19T00:21:06","guid":{"rendered":"https:\/\/www.elsinodaldetamaulipas.com.mx\/?p=206533"},"modified":"2025-06-18T20:21:06","modified_gmt":"2025-06-19T00:21:06","slug":"quieren-a-egidio-torre-tras-las-rejas","status":"publish","type":"post","link":"https:\/\/www.elsinodaldetamaulipas.com.mx\/?p=206533","title":{"rendered":"QUIEREN A EGIDIO TORRE TRAS LAS REJAS"},"content":{"rendered":"<div class=\"post-content\">\n<p>DESFALCO A LA BUROCRACIA ESTATAL CON MAS DE $ 2 MIL MILLONES<\/p>\n<p>&nbsp;<\/p>\n<p>&nbsp;<\/p>\n<p style=\"text-align: center;\">DIALOGANDO<\/p>\n<p style=\"text-align: center;\">Por Roberto Olvera P\u00e9rez<\/p>\n<p>&nbsp;<\/p>\n<p>La sociedad tamaulipeca, pero especialmente la burocracia estatal, conf\u00eda<br \/>\nen que muy pronto el ex gobernador Egidio Torre Cant\u00fa, sea llamado por la<br \/>\njusticia para que explique y rinda cuentas del desfalco millonario del que se le<br \/>\nacusa en las finanzas del Instituto de Previsi\u00f3n y Seguridad Social del Estado de<br \/>\nTamaulipas (IPSSET), monto que presuntamente supera los $2 mil millones de<br \/>\npesos y en el cual estar\u00edan involucrados infinidad de ex funcionarios y cuyos<br \/>\nsaqueos tienen hoy al instituto al borde de la quiebra.<br \/>\nY es que no es posible que mientras Torre Cant\u00fa, viva como \u201crey\u201d en San<br \/>\nPedro Garza Garc\u00eda, en el vecino estado de Nuevo Le\u00f3n, en Tamaulipas, los<br \/>\ntrabajadores del gobierno del estado, pero especialmente los jubilados y<br \/>\npensionados est\u00e9n sufriendo por su futuro, porque de acuerdo al propio IPSSET,<br \/>\nqueda recursos para pagar no m\u00e1s de 3 a\u00f1os.<br \/>\nConfiamos en que si Egidio y otros ex funcionarios que robaron, que se les<br \/>\naplique todo el peso de la ley, y si tienen que pagar con c\u00e1rcel, que la justicia los<br \/>\nponga tras las rejas.<br \/>\nToman protesta nuevos integrantes del Patronato<br \/>\nCon el prop\u00f3sito de seguir fortaleciendo los lazos entre la Universidad<br \/>\nAut\u00f3noma de Tamaulipas (UAT) y los sectores de la sociedad, el rector D\u00e1maso<br \/>\nAnaya Alvarado encabez\u00f3 la toma de protesta y bienvenida a los nuevos<br \/>\nmiembros del Honorable Patronato Universitario.<br \/>\nEn ese contexto, el rector entreg\u00f3 los nombramientos y el pin oficial de la<br \/>\nUAT a los empresarios: Eduardo Garza Robles, Felipe Pearl Zorrilla y Fidel<br \/>\nGallardo Aguilar, quienes se integran a este \u00f3rgano colegiado por las sedes de<br \/>\nNuevo Laredo, Tampico (zona sur) y Ciudad Victoria, respectivamente; y, a su vez,<br \/>\nen la modalidad a distancia, al empresario Mario Palos Garza, representante del<br \/>\nPatronato por Nuevo Laredo.<br \/>\nDurante la ceremonia, se refrend\u00f3 tambi\u00e9n la participaci\u00f3n de los<br \/>\nintegrantes que ya formaban parte del Patronato por Ciudad Mante y Ciudad<br \/>\nVictoria, Francisco Rivera Cortez y Miguel V\u00edctor Salm\u00e1n \u00c1lvarez.<br \/>\nEn su mensaje, el rector D\u00e1maso Anaya destac\u00f3 la importancia de<br \/>\nfortalecer a este \u00f3rgano con la participaci\u00f3n de distinguidos empresarios<br \/>\ncomprometidos con el desarrollo de la entidad, luego de reconocer su disposici\u00f3n<\/p>\n<p>de colaborar con la UAT en proyectos que fortalezcan su presencia en las distintas<br \/>\nregiones del estado.<br \/>\nEn su intervenci\u00f3n, reafirm\u00f3 el compromiso institucional por continuar<br \/>\ntrabajando de manera cercana con los sectores productivos, el gobierno estatal y<br \/>\nlos gobiernos municipales, as\u00ed como con instancias del \u00e1mbito federal, con el<br \/>\nprop\u00f3sito de consolidar una Universidad que trascienda a trav\u00e9s del impacto<br \/>\nsocial, acad\u00e9mico y profesional de su estudiantado.<br \/>\nEl evento se llev\u00f3 a cabo en el Centro de Gesti\u00f3n del Conocimiento del<br \/>\nCampus Victoria y, como parte de la sesi\u00f3n ordinaria del Patronato, se<br \/>\npresentaron y aprobaron los estados financieros de la UAT, correspondientes al<br \/>\ncierre del ejercicio fiscal 2024.<\/p>\n<p>NOTAS CORTAS<\/p>\n<p>1.- En otros temas, pero en el \u00e1mbito educativo, al que saludamos<br \/>\nrecientemente fue al Subsecretario de Administraci\u00f3n de la SET, Hugo Armando<br \/>\nFonseca Reyes, qui\u00e9n est\u00e1 haciendo excelente mancuerna con el secretario del<br \/>\nramo, Dr. Miguel \u00c1ngel Vald\u00e9s Garc\u00eda, atendiendo los compromisos del<br \/>\ngobernador Am\u00e9rico Villarreal Anaya en esta tan important\u00edsima secretar\u00eda.<br \/>\nTanto Valdez Garc\u00eda, como Fonseca Reyes, est\u00e1n metidos de lleno en la<br \/>\natenci\u00f3n de la problem\u00e1tica de la SET, trabajando muy de cerca con la parte<br \/>\nsindical, l\u00e9ase a Arnulfo Rodr\u00edguez Trevi\u00f1o, Secretario General de la Secci\u00f3n 30<br \/>\ndel SNTE en la entidad, con quien hay un buen entendimiento y dialogo en bien de<br \/>\nla educaci\u00f3n en Tamaulipas.<br \/>\n2.- Y si de Hugos hablamos, pero a nivel municipal, ah\u00ed tiene usted al atento<br \/>\nsecretario del Ayuntamiento, el segundo de abordo de Lalo Gatt\u00e1s, Hugo<br \/>\nRes\u00e9ndez Silva, qui\u00e9n est\u00e1 respondiendo a su jefe, principalmente canalizando las<br \/>\ndemandas de los victorenses en materia de servicios p\u00fablicos, infraestructura, con<br \/>\nmarcado \u00e9nfasis en las colonias populares, donde se pueden ver obras de<br \/>\nbacheo, alumbrado, limpieza p\u00fablica y especialmente agua potable, sectorizando y<br \/>\ncumpliendo los d\u00edas de abastecimiento acordados para las familias.<br \/>\nPor hoy es todo, en la pr\u00f3xima seguiremos dialogando del acontecer<br \/>\npol\u00edtico tamaulipeco.<\/p>\n<\/div>\n","protected":false},"excerpt":{"rendered":"<p>DESFALCO A LA BUROCRACIA ESTATAL CON MAS DE $ 2 MIL MILLONES &nbsp; &nbsp; DIALOGANDO Por Roberto Olvera P\u00e9rez &nbsp; La sociedad tamaulipeca, pero especialmente la burocracia estatal, conf\u00eda en que muy pronto el ex gobernador Egidio Torre Cant\u00fa, sea llamado por la justicia para que explique y rinda cuentas del desfalco millonario del que [&hellip;]<\/p>\n","protected":false},"author":1,"featured_media":205024,"comment_status":"closed","ping_status":"closed","sticky":false,"template":"","format":"standard","meta":{"footnotes":""},"categories":[16],"tags":[],"class_list":["post-206533","post","type-post","status-publish","format-standard","has-post-thumbnail","hentry","category-opinion"],"_links":{"self":[{"href":"https:\/\/www.elsinodaldetamaulipas.com.mx\/index.php?rest_route=\/wp\/v2\/posts\/206533","targetHints":{"allow":["GET"]}}],"collection":[{"href":"https:\/\/www.elsinodaldetamaulipas.com.mx\/index.php?rest_route=\/wp\/v2\/posts"}],"about":[{"href":"https:\/\/www.elsinodaldetamaulipas.com.mx\/index.php?rest_route=\/wp\/v2\/types\/post"}],"author":[{"embeddable":true,"href":"https:\/\/www.elsinodaldetamaulipas.com.mx\/index.php?rest_route=\/wp\/v2\/users\/1"}],"replies":[{"embeddable":true,"href":"https:\/\/www.elsinodaldetamaulipas.com.mx\/index.php?rest_route=%2Fwp%2Fv2%2Fcomments&post=206533"}],"version-history":[{"count":1,"href":"https:\/\/www.elsinodaldetamaulipas.com.mx\/index.php?rest_route=\/wp\/v2\/posts\/206533\/revisions"}],"predecessor-version":[{"id":206534,"href":"https:\/\/www.elsinodaldetamaulipas.com.mx\/index.php?rest_route=\/wp\/v2\/posts\/206533\/revisions\/206534"}],"wp:featuredmedia":[{"embeddable":true,"href":"https:\/\/www.elsinodaldetamaulipas.com.mx\/index.php?rest_route=\/wp\/v2\/media\/205024"}],"wp:attachment":[{"href":"https:\/\/www.elsinodaldetamaulipas.com.mx\/index.php?rest_route=%2Fwp%2Fv2%2Fmedia&parent=206533"}],"wp:term":[{"taxonomy":"category","embeddable":true,"href":"https:\/\/www.elsinodaldetamaulipas.com.mx\/index.php?rest_route=%2Fwp%2Fv2%2Fcategories&post=206533"},{"taxonomy":"post_tag","embeddable":true,"href":"https:\/\/www.elsinodaldetamaulipas.com.mx\/index.php?rest_route=%2Fwp%2Fv2%2Ftags&post=206533"}],"curies":[{"name":"wp","href":"https:\/\/api.w.org\/{rel}","templated":true}]}}