{"id":206543,"date":"2025-06-18T20:58:52","date_gmt":"2025-06-19T00:58:52","guid":{"rendered":"https:\/\/www.elsinodaldetamaulipas.com.mx\/?p=206543"},"modified":"2025-06-18T20:58:52","modified_gmt":"2025-06-19T00:58:52","slug":"lalo-gattas-y-la-eleccion-judicial","status":"publish","type":"post","link":"https:\/\/www.elsinodaldetamaulipas.com.mx\/?p=206543","title":{"rendered":"LALO GATT\u00c1S Y LA ELECCI\u00d3N JUDICIAL"},"content":{"rendered":"<div class=\"post-content\">\n<p>Tiempo y Espacio.<\/p>\n<p>Por Jaime Luis Soto.<br \/>\nHay quienes afirman que aqu\u00ed, en Tamaulipas, la elecci\u00f3n judicial<br \/>\ndel pasado primero de junio termin\u00f3 por convertirse en un<br \/>\nverdadero term\u00f3metro pol\u00edtico.<br \/>\nY mire usted que hay un dato muy interesante: De acuerdo a las<br \/>\nestad\u00edsticas, Ciudad Victoria encabez\u00f3 la mas alta participaci\u00f3n en<br \/>\nesa elecci\u00f3n judicial entre los municipios con mayor poblaci\u00f3n.<br \/>\n\u00bfDe qu\u00e9 estamos hablando\u2026?<br \/>\nDe que en la capital tamaulipeca se dio el mayor entusiasmo por<br \/>\nparticipar en la elecci\u00f3n judicial y es una se\u00f1al clara de que hay una<br \/>\nestructura territorial que funciona excelentemente bien.<br \/>\nUna estructura territorial que liderea el alcalde EDUARDO GATT\u00c1S<br \/>\nB\u00c1EZ y quien ha motivado, con su trabajo, a las y los victorenses a<br \/>\nque participen con entusiasmo, y por voluntad propia, en eventos<br \/>\nque benefician a la poblaci\u00f3n.<br \/>\nEl trabajo de LALO GATT\u00c1S de andar en colonias y ejidos y en<br \/>\ncomunicaci\u00f3n directa y constante con la ciudadan\u00eda, lo miran a<br \/>\ndiario las y los victorenses.<br \/>\nLo ven como un alcalde muy chambeador\u2026<br \/>\nLALO GATT\u00c1S est\u00e1 poniendo el ejemplo de que se debe siempre de<br \/>\nparticipar en la vida pol\u00edtica de nuestro Estado, y de nuestro pa\u00eds,<br \/>\npara que cada quien aporte su granito de arena.<br \/>\nHay que decirlo: En Tamaulipas, la participaci\u00f3n ciudadana en la<br \/>\nelecci\u00f3n judicial fue baja y era de esperarse por muchos factores,<\/p>\n<p>como limitadas campa\u00f1as de difusi\u00f3n y la complejidad propia de un<br \/>\nproceso in\u00e9dito, nunca antes realizado.<br \/>\nPero a\u00fan as\u00ed, en nuestro estado ese proceso electoral transcurri\u00f3<br \/>\ncon tranquilidad.<br \/>\nY a pesar de la baja participaci\u00f3n ciudadana a nivel estatal, se debe<br \/>\nde destacar como en Ciudad Victoria ocurri\u00f3 la m\u00e1s alta votaci\u00f3n,<br \/>\nes decir, en la capital fueron m\u00e1s las personas que se interesaron<br \/>\npor participar en la elecci\u00f3n judicial del primero de junio.<br \/>\nAh\u00ed est\u00e1n los n\u00fameros: Fueron 24 mil 603 votos contabilizados en<br \/>\nCiudad Victoria que representan el 17.65 por ciento de toda la<br \/>\nvotaci\u00f3n.<br \/>\nEs decir: En la capital tamaulipeca la elecci\u00f3n judicial tuvo buena<br \/>\nrespuesta de las y los victorenses. Salieron a votar con entusiasmo y<br \/>\nresponsabilidad ciudadana.<br \/>\nNo cabe duda: La estructura territorial de LALO GATT\u00c1S funcion\u00f3<br \/>\ncomo reloj suizo. Y es un gran logro para el alcalde victorense que<br \/>\nseguramente habr\u00e1 de influir en los pr\u00f3ximos movimientos<br \/>\nelectorales.<br \/>\nEn resumen: En la elecci\u00f3n judicial, LALO GATT\u00c1S sali\u00f3 muy bien<br \/>\nlibrado. Una medalla simb\u00f3lica m\u00e1s a su carrera pol\u00edtica.<br \/>\nEnhorabuena\u2026<br \/>\nDe frente con las buenas noticias y en un acto que reafirma el<br \/>\ncompromiso de los gobiernos federal y estatal, con la inclusi\u00f3n y la<br \/>\njusticia social, el gobernador AM\u00c9RICO VILLARREAL ANAYA<br \/>\nencabez\u00f3 la entrega de la primera remesa de 9,136 tarjetas de<br \/>\nincorporaci\u00f3n universal al Programa de Pensi\u00f3n para el Bienestar<br \/>\nde las Personas con Discapacidad en Tamaulipas.<\/p>\n<p>Ante familias beneficiarias, en un evento realizado en el Polyforum<br \/>\nde Ciudad Victoria, el mandatario estatal destac\u00f3 que esta acci\u00f3n<br \/>\nresponde a la visi\u00f3n humanista del gobierno encabezado por la<br \/>\npresidenta CLAUDIA SHEINBAUM y que permite reducir las brechas<br \/>\nde desigualdad en el pa\u00eds.<br \/>\n\u201cTenemos 20 diferentes Programas de Bienestar que pueden estar<br \/>\nllevando circunstancias de apoyo, de alivio, de esperanza, de<br \/>\ntranquilidad a los hogares mexicanos\u201d, afirm\u00f3 el gobernador.<br \/>\nY agreg\u00f3: \u201cEse es el humanismo y es el humanismo mexicano<br \/>\nporque est\u00e1 basado en nuestra historia, en nuestra cultura, en<br \/>\nnuestras costumbres de ser un pueblo solidario, que tiene como<br \/>\nprincipio la unidad de la familia\u201d.<br \/>\nExplic\u00f3: \u201cTenemos otros ejemplos de un gobierno del estado<br \/>\nhumanista, en donde hemos procurado ver y atender a las personas<br \/>\nque tienen alg\u00fan problema visual a trav\u00e9s del DIF, en la escuela<br \/>\nCamino de Luz, o recientemente, en la remodelaci\u00f3n y ampliaci\u00f3n<br \/>\nen los albergues que tenemos en la Casa Hogar San Antonio, donde<br \/>\ntambi\u00e9n tenemos personas con discapacidad\u201d.<br \/>\n\u201cTenemos el Centro de Atenci\u00f3n para los Ni\u00f1os con Autismo para<br \/>\nprepararlos y ver si podemos mejorar sus condiciones para que se<br \/>\npuedan desempe\u00f1ar m\u00e1s en el entorno social\u201d, dijo VILLARREAL<br \/>\nANAYA.<br \/>\nY a\u00f1adi\u00f3 que adem\u00e1s trabajan solidariamente con el Telet\u00f3n, en<br \/>\nAltamira.<br \/>\nConcluimos est\u00e1 colaboraci\u00f3n con el apunte de que se esperan<br \/>\nbenditas lluvias que habr\u00e1n de durar varios d\u00edas. En algunas<br \/>\nregiones ya se reportan precipitaciones pluviales, pero de manera<br \/>\naislada.<\/p>\n<p>Seg\u00fan los reportes meteorol\u00f3gicos, ahora s\u00ed viene una buena racha<br \/>\nde lluvias que tanto estamos esperando.<br \/>\nQue as\u00ed sea\u2026<br \/>\nEs todo por hoy. Muchas gracias por leer.<br \/>\nCorreo electr\u00f3nico: jaimeluissoto@hotmail.com<\/p>\n<\/div>\n","protected":false},"excerpt":{"rendered":"<p>Tiempo y Espacio. Por Jaime Luis Soto. Hay quienes afirman que aqu\u00ed, en Tamaulipas, la elecci\u00f3n judicial del pasado primero de junio termin\u00f3 por convertirse en un verdadero term\u00f3metro pol\u00edtico. Y mire usted que hay un dato muy interesante: De acuerdo a las estad\u00edsticas, Ciudad Victoria encabez\u00f3 la mas alta participaci\u00f3n en esa elecci\u00f3n judicial [&hellip;]<\/p>\n","protected":false},"author":1,"featured_media":203540,"comment_status":"closed","ping_status":"closed","sticky":false,"template":"","format":"standard","meta":{"footnotes":""},"categories":[1],"tags":[],"class_list":["post-206543","post","type-post","status-publish","format-standard","has-post-thumbnail","hentry","category-portada"],"_links":{"self":[{"href":"https:\/\/www.elsinodaldetamaulipas.com.mx\/index.php?rest_route=\/wp\/v2\/posts\/206543","targetHints":{"allow":["GET"]}}],"collection":[{"href":"https:\/\/www.elsinodaldetamaulipas.com.mx\/index.php?rest_route=\/wp\/v2\/posts"}],"about":[{"href":"https:\/\/www.elsinodaldetamaulipas.com.mx\/index.php?rest_route=\/wp\/v2\/types\/post"}],"author":[{"embeddable":true,"href":"https:\/\/www.elsinodaldetamaulipas.com.mx\/index.php?rest_route=\/wp\/v2\/users\/1"}],"replies":[{"embeddable":true,"href":"https:\/\/www.elsinodaldetamaulipas.com.mx\/index.php?rest_route=%2Fwp%2Fv2%2Fcomments&post=206543"}],"version-history":[{"count":1,"href":"https:\/\/www.elsinodaldetamaulipas.com.mx\/index.php?rest_route=\/wp\/v2\/posts\/206543\/revisions"}],"predecessor-version":[{"id":206544,"href":"https:\/\/www.elsinodaldetamaulipas.com.mx\/index.php?rest_route=\/wp\/v2\/posts\/206543\/revisions\/206544"}],"wp:featuredmedia":[{"embeddable":true,"href":"https:\/\/www.elsinodaldetamaulipas.com.mx\/index.php?rest_route=\/wp\/v2\/media\/203540"}],"wp:attachment":[{"href":"https:\/\/www.elsinodaldetamaulipas.com.mx\/index.php?rest_route=%2Fwp%2Fv2%2Fmedia&parent=206543"}],"wp:term":[{"taxonomy":"category","embeddable":true,"href":"https:\/\/www.elsinodaldetamaulipas.com.mx\/index.php?rest_route=%2Fwp%2Fv2%2Fcategories&post=206543"},{"taxonomy":"post_tag","embeddable":true,"href":"https:\/\/www.elsinodaldetamaulipas.com.mx\/index.php?rest_route=%2Fwp%2Fv2%2Ftags&post=206543"}],"curies":[{"name":"wp","href":"https:\/\/api.w.org\/{rel}","templated":true}]}}