{"id":206545,"date":"2025-06-18T21:03:10","date_gmt":"2025-06-19T01:03:10","guid":{"rendered":"https:\/\/www.elsinodaldetamaulipas.com.mx\/?p=206545"},"modified":"2025-06-18T21:03:10","modified_gmt":"2025-06-19T01:03:10","slug":"regresan-apoyos-sociales-al-pueblo-tamaulipeco","status":"publish","type":"post","link":"https:\/\/www.elsinodaldetamaulipas.com.mx\/?p=206545","title":{"rendered":"REGRESAN APOYOS SOCIALES AL PUEBLO TAMAULIPECO"},"content":{"rendered":"<div class=\"post-content\">\n<p>CUADRANTE\u00a0\u00a0 POLITICO\u2014\u2014\u2014-POR\u00a0 FERNANDO\u00a0 ACU\u00d1A\u00a0 PI\u00d1EIRO\u2014\u2014\u2013<\/p>\n<p>\u2014\u2014<\/p>\n<p>\u2014\u2014\u00bfLOGRAR\u00c1 NADER \u00a0ARREBATARLES EL PAN A LOS CABEZA?\u2014<\/p>\n<p>*.\u2014SE DICE QUE \u00a0CHUCHO LE MUEVE EL \u00a0\u00a0TAPETE A MONICA? POR AHORA SOLO RUMORES.<\/p>\n<p>En dinero p\u00fablico, el apoyo hacia los sectores sociales m\u00e1s vulnerables, se traduce en \u00a0un presupuesto de 29 millones de pesos. De nuevo las multitudes \u00a0volvieron a aparecer\u00a0 en las fotos del Tamaulipas morenista,\u00a0 y obviamente, el gobernador habl\u00f3 de estos beneficios para el pueblo llano,\u00a0 con nombre y apellido.<\/p>\n<p>\u2014Todo esto es posible, gracias a la Presidenta Claudia Sheinbaum.<\/p>\n<p>\u2014-Este avance es posible, gracias\u00a0 al trabajo conjunto con nuestra Presidenta Claudia Sheinbaum, quien con gran sensibilidad humana, impulsa un gobierno que no deja a nadie atr\u00e1s. Seguimos transformando vidas\u00a0 con dignidad y bienestar, escribi\u00f3 este mi\u00e9rcoles \u00a0AVA desde su cuenta X.<\/p>\n<p>En otro tema,\u00a0 se \u00a0dice que uno de los panistas que \u00a0est\u00e1n \u00a0muy \u00a0pendientes del reloj pol\u00edtico y punitivo contra el cabecismo, (por aquello del nuevo\u00a0 escenario del poder judicial en Tamaulipas), es el ex alcalde de Tampico, Jes\u00fas Nader Nasrallah, todo ello porque le urge\u00a0 hacerse del \u00a0control estatal del PAN, rumbo al no lejano futuro\u00a0 del 2027 y 2028.<\/p>\n<p>Nader siempre\u00a0 se ha caracterizado por ser un calculador nato. De manera que no se atrever\u00eda\u00a0 a enfrentarse a los cabecistas en campo abierto. El ex alcalde \u00a0porte\u00f1o, al cual\u00a0 sus correligionarios acusan de entregar la plaza, a cambio de ser exonerado en sus cuentas \u00a0de la administraci\u00f3n de los vientos fallidos, y en la alcald\u00eda azul,\u00a0 est\u00e1 \u00a0agazapado como un zorro pol\u00edtico, esperando\u00a0 el momento oportuno.<\/p>\n<p>Pero ese cap\u00edtulo no llega.<\/p>\n<p>Y\u00a0 de acuerdo a lo que estamos observando, el ex gobernador texano le ha dado luz verde a la familia de los Trucos, para que se muevan por todo el estado, y empiecen \u00a0a resucitar \u00a0las \u00a0deterioradas huestes\u00a0 pol\u00edticas del anterior sexenio. Obviamente, si no le pudieron ganar al \u00a0doctor AVA, primero en el tema de la senadur\u00eda, y luego en el de la gubernatura, a pesar de que tuvieron una \u00a0descomunal maquinaria electorera, ahora menos.<\/p>\n<p>El cabecismo en Tamaulipas est\u00e1 diezmado y venido a menos; algunos dicen que\u00a0 casi extinguido, pero no se podr\u00e1 asegurar tal cosa, mientras que no veamos que el PAN pasa a otras manos \u00a0totalmente diferentes a las de los ismaeles, \u00a0cachorros \u00a0y compa\u00f1\u00eda.<\/p>\n<p>Por lo pronto, acabamos de ver una foto del Truco Verastegui con Oscar Almaraz, dialogando en el restaurante La Corte de esta capital. \u00a0\u00a0Dicen que \u00a0en pol\u00edtica, el mensaje\u00a0 facial y corporal\u00a0 es \u00a0un buen indicador, y\u00a0 por la sonrisa apretada de Almar\u00e1z, se ve que no\u00a0 est\u00e1 ah\u00ed por su gusto, sino porque se lo pidieron desde Texas, o peor tantito, porque se lo ordenaron.<\/p>\n<p>Y es que\u00a0 en la m\u00e1s reciente elecci\u00f3n por la alcald\u00eda, se dijo que \u00a0el \u00a0\u00a0anta\u00f1o modesto vendedor de hamburguesas, y hoy pr\u00f3spero magnate de \u00a0los cortes vacunos, se fue por el camino m\u00e1s f\u00e1cil, y se dobl\u00f3 ante las pruebas de corrupci\u00f3n que pesan en su contra.<\/p>\n<p>En este sentido, el \u201cgordo\u201d Almaraz, como le llaman algunos de sus amigos de los viejos tiempos priistas, estar\u00eda \u00a0entre el fuego de las nuevas \u00a0instituciones del nuevo poder judicial morenista, y las exigencias de sus ex patrones de los infortunados vientos .<\/p>\n<p>Colocadas las cosas en \u00a0su debido contexto, el escenario para un pol\u00edtico \u00a0que busca ir a la segura como \u00a0Nader, no es el m\u00e1s adecuado. Todo ello se podr\u00e1 saber, cuando la 4T tome de una vez por todas las riendas del nuevo poder judicial, haya propiciado la renuncia del Fiscal Irving Barrios, y nombre a quien estar\u00eda destinado a perseguir al clan de los Cabeza.<\/p>\n<p>Mientras todo esto sucede, Chucho Nader sigue enconchado en su bunker empresarial del sur. Se dice que, durante las \u00faltimas semanas, Chucho busca moverle el tapete a\u00a0 la alcaldesa\u00a0 M\u00f3nica Villarreal, de confirmarse dicho rumor, \u00a0ya muy pronto veremos activarse alguna acusaci\u00f3n desde el Congreso local, en contra de un terrible enriquecimiento del ex alcalde, en aquellos tiempos cuando despach\u00f3 desde la torre nueva.<\/p>\n<p>\u2014\u2014\u00bfEL SOBRINO DEL TRUCO BUSCAR\u00c1 LA GUBERNATURA EN 2028?<\/p>\n<p>Calificado por los analistas pol\u00edticos, como el exponente m\u00e1s genuino de la ultraderecha pol\u00edtica, el actor Eduardo Verastegui, se dice, buscar\u00eda la gubernatura por el PAN\u00a0 en el 2028, todo ello, aprovechando su cercana relaci\u00f3n con el Presidente Trump. \u00a0Al parecer aquello de querer ser jefe pol\u00edtico del pa\u00eds, solo fue una estrategia, para pegarle m\u00e1s abajo. Pero aun as\u00ed, sus sue\u00f1os de ganarle a MORENA en tres a\u00f1os m\u00e1s, se ve muy ojona para paloma.<\/p>\n<p>Al \u00a0paso que vamos, dado el creciente desgaste del gobernante norteamericano, \u00a0en lugar de favorecerlo dicha circunstancia, lo perjudicar\u00eda. Aqu\u00ed, lo \u00fanico cierto es que el cabecismo \u00a0sin cabeza ya se est\u00e1 moviendo, y habr\u00e1 que ver, que es lo que hacen desde la c\u00fapula 4T, para frenarlos.<\/p>\n<\/div>\n","protected":false},"excerpt":{"rendered":"<p>CUADRANTE\u00a0\u00a0 POLITICO\u2014\u2014\u2014-POR\u00a0 FERNANDO\u00a0 ACU\u00d1A\u00a0 PI\u00d1EIRO\u2014\u2014\u2013 \u2014\u2014 \u2014\u2014\u00bfLOGRAR\u00c1 NADER \u00a0ARREBATARLES EL PAN A LOS CABEZA?\u2014 *.\u2014SE DICE QUE \u00a0CHUCHO LE MUEVE EL \u00a0\u00a0TAPETE A MONICA? POR AHORA SOLO RUMORES. En dinero p\u00fablico, el apoyo hacia los sectores sociales m\u00e1s vulnerables, se traduce en \u00a0un presupuesto de 29 millones de pesos. De nuevo las multitudes \u00a0volvieron a [&hellip;]<\/p>\n","protected":false},"author":1,"featured_media":204086,"comment_status":"closed","ping_status":"closed","sticky":false,"template":"","format":"standard","meta":{"footnotes":""},"categories":[16],"tags":[],"class_list":["post-206545","post","type-post","status-publish","format-standard","has-post-thumbnail","hentry","category-opinion"],"_links":{"self":[{"href":"https:\/\/www.elsinodaldetamaulipas.com.mx\/index.php?rest_route=\/wp\/v2\/posts\/206545","targetHints":{"allow":["GET"]}}],"collection":[{"href":"https:\/\/www.elsinodaldetamaulipas.com.mx\/index.php?rest_route=\/wp\/v2\/posts"}],"about":[{"href":"https:\/\/www.elsinodaldetamaulipas.com.mx\/index.php?rest_route=\/wp\/v2\/types\/post"}],"author":[{"embeddable":true,"href":"https:\/\/www.elsinodaldetamaulipas.com.mx\/index.php?rest_route=\/wp\/v2\/users\/1"}],"replies":[{"embeddable":true,"href":"https:\/\/www.elsinodaldetamaulipas.com.mx\/index.php?rest_route=%2Fwp%2Fv2%2Fcomments&post=206545"}],"version-history":[{"count":1,"href":"https:\/\/www.elsinodaldetamaulipas.com.mx\/index.php?rest_route=\/wp\/v2\/posts\/206545\/revisions"}],"predecessor-version":[{"id":206546,"href":"https:\/\/www.elsinodaldetamaulipas.com.mx\/index.php?rest_route=\/wp\/v2\/posts\/206545\/revisions\/206546"}],"wp:featuredmedia":[{"embeddable":true,"href":"https:\/\/www.elsinodaldetamaulipas.com.mx\/index.php?rest_route=\/wp\/v2\/media\/204086"}],"wp:attachment":[{"href":"https:\/\/www.elsinodaldetamaulipas.com.mx\/index.php?rest_route=%2Fwp%2Fv2%2Fmedia&parent=206545"}],"wp:term":[{"taxonomy":"category","embeddable":true,"href":"https:\/\/www.elsinodaldetamaulipas.com.mx\/index.php?rest_route=%2Fwp%2Fv2%2Fcategories&post=206545"},{"taxonomy":"post_tag","embeddable":true,"href":"https:\/\/www.elsinodaldetamaulipas.com.mx\/index.php?rest_route=%2Fwp%2Fv2%2Ftags&post=206545"}],"curies":[{"name":"wp","href":"https:\/\/api.w.org\/{rel}","templated":true}]}}