{"id":206558,"date":"2025-06-18T22:49:05","date_gmt":"2025-06-19T02:49:05","guid":{"rendered":"https:\/\/www.elsinodaldetamaulipas.com.mx\/?p=206558"},"modified":"2025-06-18T22:53:39","modified_gmt":"2025-06-19T02:53:39","slug":"localizan-cadaveres-fraccionados-y-calcinados","status":"publish","type":"post","link":"https:\/\/www.elsinodaldetamaulipas.com.mx\/?p=206558","title":{"rendered":"LOCALIZAN CAD\u00c1VERES FRACCIONADOS Y CALCINADOS"},"content":{"rendered":"<p><em><strong><br \/>\nPor Julio Manuel Loya Guzm\u00e1n\/EL SINODAL DE TAMAULIPAS<\/strong><\/em><\/p>\n<p>Reynosa, Tamaulipas.\u2013 Un nuevo campo de exterminio humano fue localizado este mi\u00e9rcoles por el Colectivo \u00abAmor por los Desaparecidos\u00bb en un paraje despoblado de la periferia de Reynosa, donde se hallaron restos humanos calcinados.<\/p>\n<p><em><strong><img loading=\"lazy\" decoding=\"async\" class=\"aligncenter wp-image-206562 size-full\" src=\"https:\/\/www.elsinodaldetamaulipas.com.mx\/wp-content\/uploads\/2025\/06\/horror-1.jpeg\" alt=\"\" width=\"1040\" height=\"780\" srcset=\"https:\/\/www.elsinodaldetamaulipas.com.mx\/wp-content\/uploads\/2025\/06\/horror-1.jpeg 1040w, https:\/\/www.elsinodaldetamaulipas.com.mx\/wp-content\/uploads\/2025\/06\/horror-1-300x225.jpeg 300w, https:\/\/www.elsinodaldetamaulipas.com.mx\/wp-content\/uploads\/2025\/06\/horror-1-1024x768.jpeg 1024w, https:\/\/www.elsinodaldetamaulipas.com.mx\/wp-content\/uploads\/2025\/06\/horror-1-768x576.jpeg 768w, https:\/\/www.elsinodaldetamaulipas.com.mx\/wp-content\/uploads\/2025\/06\/horror-1-272x204.jpeg 272w\" sizes=\"auto, (max-width: 1040px) 100vw, 1040px\" \/><\/strong><\/em><\/p>\n<p>La presidenta del Colectivo, Edith Gonz\u00e1lez, inform\u00f3 que el hallazgo se realiz\u00f3 la tarde de \u00e9ste mi\u00e9rcoles 18 de junio en una finca abandonada, ubicada cerca del ejido Arturo Flores, en la zona Ribere\u00f1a, entre los municipios de Reynosa y D\u00edaz Ordaz.<\/p>\n<p><em><strong><img loading=\"lazy\" decoding=\"async\" class=\"aligncenter wp-image-206561 size-full\" src=\"https:\/\/www.elsinodaldetamaulipas.com.mx\/wp-content\/uploads\/2025\/06\/horror-3.jpeg\" alt=\"\" width=\"1280\" height=\"720\" srcset=\"https:\/\/www.elsinodaldetamaulipas.com.mx\/wp-content\/uploads\/2025\/06\/horror-3.jpeg 1280w, https:\/\/www.elsinodaldetamaulipas.com.mx\/wp-content\/uploads\/2025\/06\/horror-3-300x169.jpeg 300w, https:\/\/www.elsinodaldetamaulipas.com.mx\/wp-content\/uploads\/2025\/06\/horror-3-1024x576.jpeg 1024w, https:\/\/www.elsinodaldetamaulipas.com.mx\/wp-content\/uploads\/2025\/06\/horror-3-768x432.jpeg 768w\" sizes=\"auto, (max-width: 1280px) 100vw, 1280px\" \/><\/strong><\/em><\/p>\n<p>En el lugar se encontraron restos \u00f3seos calcinados, un tambo met\u00e1lico y un \u00e1rea visiblemente utilizada para incinerar cuerpos, lo que confirma el uso del sitio como un punto de exterminio por parte de grupos delincuenciales.<\/p>\n<p>&nbsp;<\/p>\n<p>Gonz\u00e1lez detall\u00f3 que el descubrimiento fue posible gracias a una denuncia an\u00f3nima recibida d\u00edas antes, lo que permiti\u00f3 coordinar un operativo de b\u00fasqueda en conjunto con autoridades estatales y federales.<\/p>\n<p><em><strong><img loading=\"lazy\" decoding=\"async\" class=\"aligncenter wp-image-206563 size-full\" src=\"https:\/\/www.elsinodaldetamaulipas.com.mx\/wp-content\/uploads\/2025\/06\/horror-2.jpeg\" alt=\"\" width=\"1040\" height=\"780\" srcset=\"https:\/\/www.elsinodaldetamaulipas.com.mx\/wp-content\/uploads\/2025\/06\/horror-2.jpeg 1040w, https:\/\/www.elsinodaldetamaulipas.com.mx\/wp-content\/uploads\/2025\/06\/horror-2-300x225.jpeg 300w, https:\/\/www.elsinodaldetamaulipas.com.mx\/wp-content\/uploads\/2025\/06\/horror-2-1024x768.jpeg 1024w, https:\/\/www.elsinodaldetamaulipas.com.mx\/wp-content\/uploads\/2025\/06\/horror-2-768x576.jpeg 768w, https:\/\/www.elsinodaldetamaulipas.com.mx\/wp-content\/uploads\/2025\/06\/horror-2-272x204.jpeg 272w\" sizes=\"auto, (max-width: 1040px) 100vw, 1040px\" \/><\/strong><\/em><\/p>\n<p>A la intervenci\u00f3n se sumaron elementos de la Comisi\u00f3n Nacional de B\u00fasqueda de Personas Desaparecidas, Guardia Nacional, Guardia Estatal y el Ej\u00e9rcito Mexicano, quienes aseguraron la zona para la recolecci\u00f3n de indicios y el inicio de los trabajos forenses.<\/p>\n<p><em><strong><img loading=\"lazy\" decoding=\"async\" class=\"aligncenter wp-image-206561 size-full\" src=\"https:\/\/www.elsinodaldetamaulipas.com.mx\/wp-content\/uploads\/2025\/06\/horror-3.jpeg\" alt=\"\" width=\"1280\" height=\"720\" srcset=\"https:\/\/www.elsinodaldetamaulipas.com.mx\/wp-content\/uploads\/2025\/06\/horror-3.jpeg 1280w, https:\/\/www.elsinodaldetamaulipas.com.mx\/wp-content\/uploads\/2025\/06\/horror-3-300x169.jpeg 300w, https:\/\/www.elsinodaldetamaulipas.com.mx\/wp-content\/uploads\/2025\/06\/horror-3-1024x576.jpeg 1024w, https:\/\/www.elsinodaldetamaulipas.com.mx\/wp-content\/uploads\/2025\/06\/horror-3-768x432.jpeg 768w\" sizes=\"auto, (max-width: 1280px) 100vw, 1280px\" \/><\/strong><\/em><\/p>\n<p>Los restos humanos encontrados ser\u00e1n procesados por las autoridades competentes para su an\u00e1lisis e identificaci\u00f3n, en un nuevo episodio que evidencia la magnitud de la crisis de desapariciones forzadas en Tamaulipas.<\/p>\n","protected":false},"excerpt":{"rendered":"<p>Por Julio Manuel Loya Guzm\u00e1n\/EL SINODAL DE TAMAULIPAS Reynosa, Tamaulipas.\u2013 Un nuevo campo de exterminio humano fue localizado este mi\u00e9rcoles por el Colectivo \u00abAmor por los Desaparecidos\u00bb en un paraje despoblado de la periferia de Reynosa, donde se hallaron restos humanos calcinados. La presidenta del Colectivo, Edith Gonz\u00e1lez, inform\u00f3 que el hallazgo se realiz\u00f3 la [&hellip;]<\/p>\n","protected":false},"author":1,"featured_media":206559,"comment_status":"closed","ping_status":"closed","sticky":false,"template":"","format":"standard","meta":{"footnotes":""},"categories":[25,1],"tags":[],"class_list":["post-206558","post","type-post","status-publish","format-standard","has-post-thumbnail","hentry","category-leyyorden","category-portada"],"_links":{"self":[{"href":"https:\/\/www.elsinodaldetamaulipas.com.mx\/index.php?rest_route=\/wp\/v2\/posts\/206558","targetHints":{"allow":["GET"]}}],"collection":[{"href":"https:\/\/www.elsinodaldetamaulipas.com.mx\/index.php?rest_route=\/wp\/v2\/posts"}],"about":[{"href":"https:\/\/www.elsinodaldetamaulipas.com.mx\/index.php?rest_route=\/wp\/v2\/types\/post"}],"author":[{"embeddable":true,"href":"https:\/\/www.elsinodaldetamaulipas.com.mx\/index.php?rest_route=\/wp\/v2\/users\/1"}],"replies":[{"embeddable":true,"href":"https:\/\/www.elsinodaldetamaulipas.com.mx\/index.php?rest_route=%2Fwp%2Fv2%2Fcomments&post=206558"}],"version-history":[{"count":3,"href":"https:\/\/www.elsinodaldetamaulipas.com.mx\/index.php?rest_route=\/wp\/v2\/posts\/206558\/revisions"}],"predecessor-version":[{"id":206566,"href":"https:\/\/www.elsinodaldetamaulipas.com.mx\/index.php?rest_route=\/wp\/v2\/posts\/206558\/revisions\/206566"}],"wp:featuredmedia":[{"embeddable":true,"href":"https:\/\/www.elsinodaldetamaulipas.com.mx\/index.php?rest_route=\/wp\/v2\/media\/206559"}],"wp:attachment":[{"href":"https:\/\/www.elsinodaldetamaulipas.com.mx\/index.php?rest_route=%2Fwp%2Fv2%2Fmedia&parent=206558"}],"wp:term":[{"taxonomy":"category","embeddable":true,"href":"https:\/\/www.elsinodaldetamaulipas.com.mx\/index.php?rest_route=%2Fwp%2Fv2%2Fcategories&post=206558"},{"taxonomy":"post_tag","embeddable":true,"href":"https:\/\/www.elsinodaldetamaulipas.com.mx\/index.php?rest_route=%2Fwp%2Fv2%2Ftags&post=206558"}],"curies":[{"name":"wp","href":"https:\/\/api.w.org\/{rel}","templated":true}]}}