{"id":206567,"date":"2025-06-18T23:11:58","date_gmt":"2025-06-19T03:11:58","guid":{"rendered":"https:\/\/www.elsinodaldetamaulipas.com.mx\/?p=206567"},"modified":"2025-06-18T23:15:13","modified_gmt":"2025-06-19T03:15:13","slug":"activan-operativo-de-busqueda-de-desaparecidos","status":"publish","type":"post","link":"https:\/\/www.elsinodaldetamaulipas.com.mx\/?p=206567","title":{"rendered":"ACTIVAN OPERATIVO DE B\u00daSQUEDA DE DESAPARECIDOS"},"content":{"rendered":"<p><em><strong><\/p>\n<p><img loading=\"lazy\" decoding=\"async\" class=\"aligncenter wp-image-206572 size-full\" src=\"https:\/\/www.elsinodaldetamaulipas.com.mx\/wp-content\/uploads\/2025\/06\/PESQUISA-2-copia.jpeg\" alt=\"\" width=\"960\" height=\"720\" srcset=\"https:\/\/www.elsinodaldetamaulipas.com.mx\/wp-content\/uploads\/2025\/06\/PESQUISA-2-copia.jpeg 960w, https:\/\/www.elsinodaldetamaulipas.com.mx\/wp-content\/uploads\/2025\/06\/PESQUISA-2-copia-300x225.jpeg 300w, https:\/\/www.elsinodaldetamaulipas.com.mx\/wp-content\/uploads\/2025\/06\/PESQUISA-2-copia-768x576.jpeg 768w, https:\/\/www.elsinodaldetamaulipas.com.mx\/wp-content\/uploads\/2025\/06\/PESQUISA-2-copia-272x204.jpeg 272w\" sizes=\"auto, (max-width: 960px) 100vw, 960px\" \/>Por Julio Manuel Loya Guzm\u00e1n\/EL SINODAL DE TAMAULIPAS<\/strong><\/em><\/p>\n<p>Reynosa, Tamaulipas.- Autoridades estatales, federales, y el colectivo Amor por los Desaparecidos, activaron un operativo de b\u00fasqueda en los l\u00edmites de Nuevo Le\u00f3n y Tamaulipas, para localizar a cuatro personas originarias de Reynosa que desaparecieron en distintos hechos cuando viajan sobre la carretera libre de Cadereyta rumbo a esta ciudad fronteriza.<\/p>\n<p>&nbsp;<\/p>\n<p>Edith Gonz\u00e1lez, presidenta del Colectivo Amor, inform\u00f3 que se trata de tres mujeres y un m\u00e9dico, quienes fueron reportados como desaparecidos en las fiscal\u00edas de Nuevo Le\u00f3n y de Tamaulipas, tras perder sus familiares todo contacto con ellos, cuando viajaban por dicha v\u00eda.<\/p>\n<p>&nbsp;<\/p>\n<p>El primer caso ocurri\u00f3 el pasado 14 de junio, cuando Mar\u00eda de la Luz Lara, de 48 a\u00f1os; Natalia Gisela Ram\u00edrez, de 50; y Teresa Lizbeth P\u00e9rez, de 26 a\u00f1os, desaparecieron en territorio nuevoleon\u00e9s. Las mujeres viajaban a Reynosa en un veh\u00edculo Ford Fusi\u00f3n gris, modelo 2011, con placas de Tamaulipas.<\/p>\n<p><em><strong><img loading=\"lazy\" decoding=\"async\" class=\"aligncenter wp-image-206570 size-full\" src=\"https:\/\/www.elsinodaldetamaulipas.com.mx\/wp-content\/uploads\/2025\/06\/PESQUISA-3.jpeg\" alt=\"\" width=\"707\" height=\"1101\" srcset=\"https:\/\/www.elsinodaldetamaulipas.com.mx\/wp-content\/uploads\/2025\/06\/PESQUISA-3.jpeg 707w, https:\/\/www.elsinodaldetamaulipas.com.mx\/wp-content\/uploads\/2025\/06\/PESQUISA-3-193x300.jpeg 193w, https:\/\/www.elsinodaldetamaulipas.com.mx\/wp-content\/uploads\/2025\/06\/PESQUISA-3-658x1024.jpeg 658w\" sizes=\"auto, (max-width: 707px) 100vw, 707px\" \/><\/strong><\/em><\/p>\n<p>Un d\u00eda despu\u00e9s, el 15 de junio, se report\u00f3 la desaparici\u00f3n del m\u00e9dico Pedro Antonio Lorenzo Mart\u00ednez, quien tambi\u00e9n se desplazaba por esa carretera. El profesionista de la salud trabajaba en el Hospital de Alta Especialidad del IMSS 270, en Reynosa.<\/p>\n<p>&nbsp;<\/p>\n<p>Las denuncias correspondientes fueron presentadas formalmente ante la Agencia Estatal de Investigaciones de Nuevo Le\u00f3n, al sospecharse que las v\u00edctimas fueron privadas de su libertad en el tramo de Cadereyta.<\/p>\n<p>&nbsp;<\/p>\n<p>La presidenta del colectivo confirm\u00f3 que la tarde de este mi\u00e9rcoles, en apoyo a la familia de las v\u00edctimas, se despleg\u00f3 un operativo de b\u00fasqueda, en el que participan elementos de la Guardia Nacional, Guardia Estatal, la Secretar\u00eda de la Defensa Nacional (Sedena) y la Comisi\u00f3n Nacional de B\u00fasqueda de Personas Desaparecidas.<\/p>\n<p><em><strong><img loading=\"lazy\" decoding=\"async\" class=\"aligncenter wp-image-206571 size-full\" src=\"https:\/\/www.elsinodaldetamaulipas.com.mx\/wp-content\/uploads\/2025\/06\/PESQUISA-4.jpeg\" alt=\"\" width=\"960\" height=\"720\" srcset=\"https:\/\/www.elsinodaldetamaulipas.com.mx\/wp-content\/uploads\/2025\/06\/PESQUISA-4.jpeg 960w, https:\/\/www.elsinodaldetamaulipas.com.mx\/wp-content\/uploads\/2025\/06\/PESQUISA-4-300x225.jpeg 300w, https:\/\/www.elsinodaldetamaulipas.com.mx\/wp-content\/uploads\/2025\/06\/PESQUISA-4-768x576.jpeg 768w, https:\/\/www.elsinodaldetamaulipas.com.mx\/wp-content\/uploads\/2025\/06\/PESQUISA-4-272x204.jpeg 272w\" sizes=\"auto, (max-width: 960px) 100vw, 960px\" \/><\/strong><\/em><\/p>\n<p>Cabe destacar, que familiares del m\u00e9dico desaparecido han realizado manifestaciones en distintos puntos de Reynosa, incluyendo bloqueos sobre la carretera Reynosa\u2013San Fernando, a la altura del IMSS 270, y en la antigua garita de la carretera a Reynosa-Monterrey, para exigir su localizaci\u00f3n con vida.<\/p>\n<p>&nbsp;<\/p>\n<p>La desaparici\u00f3n de estas cuatro personas ha encendido las alertas en ambas entidades, debido a que los casos ocurrieron en el mismo tramo carretero regiomontano, y afectan directamente a ciudadanos de Reynosa.<\/p>\n","protected":false},"excerpt":{"rendered":"<p>Por Julio Manuel Loya Guzm\u00e1n\/EL SINODAL DE TAMAULIPAS Reynosa, Tamaulipas.- Autoridades estatales, federales, y el colectivo Amor por los Desaparecidos, activaron un operativo de b\u00fasqueda en los l\u00edmites de Nuevo Le\u00f3n y Tamaulipas, para localizar a cuatro personas originarias de Reynosa que desaparecieron en distintos hechos cuando viajan sobre la carretera libre de Cadereyta rumbo [&hellip;]<\/p>\n","protected":false},"author":1,"featured_media":206568,"comment_status":"closed","ping_status":"closed","sticky":false,"template":"","format":"standard","meta":{"footnotes":""},"categories":[1,2],"tags":[],"class_list":["post-206567","post","type-post","status-publish","format-standard","has-post-thumbnail","hentry","category-portada","category-reynosa"],"_links":{"self":[{"href":"https:\/\/www.elsinodaldetamaulipas.com.mx\/index.php?rest_route=\/wp\/v2\/posts\/206567","targetHints":{"allow":["GET"]}}],"collection":[{"href":"https:\/\/www.elsinodaldetamaulipas.com.mx\/index.php?rest_route=\/wp\/v2\/posts"}],"about":[{"href":"https:\/\/www.elsinodaldetamaulipas.com.mx\/index.php?rest_route=\/wp\/v2\/types\/post"}],"author":[{"embeddable":true,"href":"https:\/\/www.elsinodaldetamaulipas.com.mx\/index.php?rest_route=\/wp\/v2\/users\/1"}],"replies":[{"embeddable":true,"href":"https:\/\/www.elsinodaldetamaulipas.com.mx\/index.php?rest_route=%2Fwp%2Fv2%2Fcomments&post=206567"}],"version-history":[{"count":3,"href":"https:\/\/www.elsinodaldetamaulipas.com.mx\/index.php?rest_route=\/wp\/v2\/posts\/206567\/revisions"}],"predecessor-version":[{"id":206574,"href":"https:\/\/www.elsinodaldetamaulipas.com.mx\/index.php?rest_route=\/wp\/v2\/posts\/206567\/revisions\/206574"}],"wp:featuredmedia":[{"embeddable":true,"href":"https:\/\/www.elsinodaldetamaulipas.com.mx\/index.php?rest_route=\/wp\/v2\/media\/206568"}],"wp:attachment":[{"href":"https:\/\/www.elsinodaldetamaulipas.com.mx\/index.php?rest_route=%2Fwp%2Fv2%2Fmedia&parent=206567"}],"wp:term":[{"taxonomy":"category","embeddable":true,"href":"https:\/\/www.elsinodaldetamaulipas.com.mx\/index.php?rest_route=%2Fwp%2Fv2%2Fcategories&post=206567"},{"taxonomy":"post_tag","embeddable":true,"href":"https:\/\/www.elsinodaldetamaulipas.com.mx\/index.php?rest_route=%2Fwp%2Fv2%2Ftags&post=206567"}],"curies":[{"name":"wp","href":"https:\/\/api.w.org\/{rel}","templated":true}]}}