{"id":206584,"date":"2025-06-19T21:55:33","date_gmt":"2025-06-20T01:55:33","guid":{"rendered":"https:\/\/www.elsinodaldetamaulipas.com.mx\/?p=206584"},"modified":"2025-06-20T15:25:59","modified_gmt":"2025-06-20T19:25:59","slug":"harto-de-ser-vencido-por-el-peso-sube-a-pluma","status":"publish","type":"post","link":"https:\/\/www.elsinodaldetamaulipas.com.mx\/?p=206584","title":{"rendered":"HARTO DE SER VENCIDO POR EL PESO, SUBE A PLUMA"},"content":{"rendered":"<p><em>EL SINODAL DE TAMAULIPAS<\/em><\/p>\n<p>Tijuana.BCN.- El fantasma del peso que siempre ha sido el rival a vencer para la gran estrella del pugilismo. Mexicano, el tijuanense Luis \u2018Pantera\u2019 Nery (36-2-0; 28 KO) decidi\u00f3 dar el salto a la divisi\u00f3n pluma, as\u00ed lo revel\u00f3 a Boxeo de Nocaut Informa..<\/p>\n<p>El ex campe\u00f3n mundial tijuanense subir\u00e1 de las 122 libras a la divisi\u00f3n pluma para disputar la corona del World Boxing Asociation (WBA) al ingl\u00e9s Nick Ball (22-0-1 con 13 KO) el pr\u00f3ximo 16 de agosto en Arabia Saudita.<\/p>\n<p>Nery de 30 a\u00f1os de edad subir\u00e1 de divisi\u00f3n y se declar\u00f3 listo, con amplios recursos estrat\u00e9gicos, poder de pu\u00f1os y experiencia para ir en busca del t\u00edtulo mundial que tiene en su poder Nick Ball y contienda aterriz\u00f3 en\u00a0 la cartelera encabezada por Te\u00f3fimo L\u00f3pez y Devin Haney.<\/p>\n<p>Nery en su \u00faltimo combate derrot\u00f3 al bravo peleador japon\u00e9s Kyonosuke Kameda en el Auditorio Municipal de Tijuana y entrena bajo las \u00f3rdenes del legendario manager de dicha localidad fronteriza Don Romulo Quirarte.<\/p>\n<p>El campe\u00f3n pluma de la WBA, el brit\u00e1nico Nick Ball Lara la tercera defensa de du correa de monarca y viene de superar por nocaut t\u00e9cnico a T. J. Doheny el pasado 15 de marzo en la a\u00f1eja ciudad de\u00a0 Liverpool.<\/p>\n","protected":false},"excerpt":{"rendered":"<p>EL SINODAL DE TAMAULIPAS Tijuana.BCN.- El fantasma del peso que siempre ha sido el rival a vencer para la gran estrella del pugilismo. Mexicano, el tijuanense Luis \u2018Pantera\u2019 Nery (36-2-0; 28 KO) decidi\u00f3 dar el salto a la divisi\u00f3n pluma, as\u00ed lo revel\u00f3 a Boxeo de Nocaut Informa.. El ex campe\u00f3n mundial tijuanense subir\u00e1 de [&hellip;]<\/p>\n","protected":false},"author":1,"featured_media":206585,"comment_status":"closed","ping_status":"closed","sticky":false,"template":"","format":"standard","meta":{"footnotes":""},"categories":[5,1],"tags":[],"class_list":["post-206584","post","type-post","status-publish","format-standard","has-post-thumbnail","hentry","category-deportes","category-portada"],"_links":{"self":[{"href":"https:\/\/www.elsinodaldetamaulipas.com.mx\/index.php?rest_route=\/wp\/v2\/posts\/206584","targetHints":{"allow":["GET"]}}],"collection":[{"href":"https:\/\/www.elsinodaldetamaulipas.com.mx\/index.php?rest_route=\/wp\/v2\/posts"}],"about":[{"href":"https:\/\/www.elsinodaldetamaulipas.com.mx\/index.php?rest_route=\/wp\/v2\/types\/post"}],"author":[{"embeddable":true,"href":"https:\/\/www.elsinodaldetamaulipas.com.mx\/index.php?rest_route=\/wp\/v2\/users\/1"}],"replies":[{"embeddable":true,"href":"https:\/\/www.elsinodaldetamaulipas.com.mx\/index.php?rest_route=%2Fwp%2Fv2%2Fcomments&post=206584"}],"version-history":[{"count":1,"href":"https:\/\/www.elsinodaldetamaulipas.com.mx\/index.php?rest_route=\/wp\/v2\/posts\/206584\/revisions"}],"predecessor-version":[{"id":206586,"href":"https:\/\/www.elsinodaldetamaulipas.com.mx\/index.php?rest_route=\/wp\/v2\/posts\/206584\/revisions\/206586"}],"wp:featuredmedia":[{"embeddable":true,"href":"https:\/\/www.elsinodaldetamaulipas.com.mx\/index.php?rest_route=\/wp\/v2\/media\/206585"}],"wp:attachment":[{"href":"https:\/\/www.elsinodaldetamaulipas.com.mx\/index.php?rest_route=%2Fwp%2Fv2%2Fmedia&parent=206584"}],"wp:term":[{"taxonomy":"category","embeddable":true,"href":"https:\/\/www.elsinodaldetamaulipas.com.mx\/index.php?rest_route=%2Fwp%2Fv2%2Fcategories&post=206584"},{"taxonomy":"post_tag","embeddable":true,"href":"https:\/\/www.elsinodaldetamaulipas.com.mx\/index.php?rest_route=%2Fwp%2Fv2%2Ftags&post=206584"}],"curies":[{"name":"wp","href":"https:\/\/api.w.org\/{rel}","templated":true}]}}