{"id":206587,"date":"2025-06-19T22:00:44","date_gmt":"2025-06-20T02:00:44","guid":{"rendered":"https:\/\/www.elsinodaldetamaulipas.com.mx\/?p=206587"},"modified":"2025-06-19T22:00:44","modified_gmt":"2025-06-20T02:00:44","slug":"toman-previsiones-al-acercarse-la-temporada-de-lluvias","status":"publish","type":"post","link":"https:\/\/www.elsinodaldetamaulipas.com.mx\/?p=206587","title":{"rendered":"TOMAN PREVISIONES AL ACERCARSE LA TEMPORADA DE LLUVIAS"},"content":{"rendered":"<div class=\"title-post\"><\/div>\n<div class=\"post-gallery\">CENA DE NEGROS<\/div>\n<div class=\"post-content\">\n<p>Marco Antonio V\u00e1zquez Villanueva<\/p>\n<p>&nbsp;<\/p>\n<p>M\u00e1s de mil millones de pesos en da\u00f1os, casi 150 escuelas afectadas en 25 municipios del Estado, en Reynosa inundaciones poco antes vistas, videos e im\u00e1genes que circulaban en las redes sociales que detallaban la situaci\u00f3n de emergencia que vivi\u00f3 Tamaulipas era el resultado de una tormenta tropical, Alberto se le denomino, y fue el a\u00f1o pasado, a finales de junio.<\/p>\n<p>No puede decirse que nos tom\u00f3 desprevenidos porque los pron\u00f3sticos sobre la misma se dieron a conocer, y con mucha insistencia, desde 10 d\u00edas antes de su registro, pero si dejo la ense\u00f1anza de que a muchos alcaldes hay que apurarlos o preguntarles que les duele en sus municipios antes de que sea tarde, antes de que se presenten problemas.<\/p>\n<p>Y en ese sentido hay que reconocer, y hasta celebrar, que el gobierno estatal aprende las lecciones, este 18 de junio lo hizo patente el gobernador Am\u00e9rico Villarreal al encabezar una reuni\u00f3n con los 43 comit\u00e9s municipales de protecci\u00f3n civil, fue de car\u00e1cter informativo, para recalcarles que inicia ya la temporada de lluvias para esta regi\u00f3n, que hay pron\u00f3stico de huracanes, pero tambi\u00e9n para poner a disposici\u00f3n el apoyo que requieran para evitar tragedias.<\/p>\n<p>Am\u00e9rico les insisti\u00f3 en coordinarse con el Estado, en estar comunicados y comunicando a la poblaci\u00f3n de manera eficiente porque \u201cla comunicaci\u00f3n y la unidad de esfuerzos es para que Tamaulipas enfrente las contingencias naturales minimizando da\u00f1os para la poblaci\u00f3n, porque informar es educar y educar es hacer m\u00e1s por los que menos tienen\u201d, esto en palabras textuales.<\/p>\n<p>Am\u00e9rico es un doctor, sabe perfectamente que sale m\u00e1s barato prevenir que lamentar, tambi\u00e9n conoce que los comit\u00e9s municipales de protecci\u00f3n civil son los primeros responsables de lo que ocurre, los que tienen que llevar informaci\u00f3n a las presidentas y los presidentes municipales de las necesidades, igual sabe que un llamado de esta naturaleza, desde su voz, tiene que mover a todas las administraciones municipales a trabajar en la prevenci\u00f3n que les toca, limpiar drenes, quitar basura de las calles, darle mantenimiento a la infraestructura hidr\u00e1ulica, entre muchas cosas.<\/p>\n<p>\u201cUna poblaci\u00f3n bien informada, una coordinaci\u00f3n efectiva y la actuaci\u00f3n oportuna salvan vidas\u201d, eso qued\u00f3 claro en la reuni\u00f3n con los comit\u00e9s de protecci\u00f3n civil, el gobernador se adelanta, entiende su responsabilidad y no falla, de la reuni\u00f3n, los encargados de protecci\u00f3n civil en los 43 municipios saben que era para despabilarlos, pero tambi\u00e9n para que presenten propuestas de apoyo si las ven necesarias o urgentes, como le insisto, en la misma intensidad que trabaja el gobernador, en el mismo tono de m\u00e1s vale prevenir que lamentar\u2026<\/p>\n<p>GATT\u00c1S, LA NECESIDAD DE COLGARSE MEDALLAS\u2026<\/p>\n<p>Al hacerse un primer an\u00e1lisis de los resultados de la elecci\u00f3n judicial, es decir, ya con los fr\u00edos n\u00fameros en la mano, se encuera a medio mundo de la pol\u00edtica, se descubre la hipocres\u00eda o la incapacidad de muchos alcaldes y diputados porque no existen datos que respalden sus pronunciamientos p\u00fablicos que en su mayor\u00eda fueron triunfalistas, casi como si ellos hubiesen ganado.<\/p>\n<p>No le vamos a dar nombres, pero le sugeriremos una buena pista para descubrir a los farsantes, a todos, va: le hablo de los que al d\u00eda siguiente de la elecci\u00f3n publicaron en sus redes sociales, o hicieron publicar en los medios de comunicaci\u00f3n afines a ellos, las felicitaciones a la virtual presidenta del Supremo Tribunal de Justicia, a Tania Contreras, de todos, uno o dos se salvan.<\/p>\n<p>Ahora s\u00ed, van los n\u00fameros para no hacer an\u00e1lisis en el vac\u00edo, Victoria logr\u00f3 la participaci\u00f3n del 17.65 por ciento de su padr\u00f3n, le siguieron municipios como Aldama con el 15.14; Madero 14.87; Altamira: 15.21: Tampico: 13.67; Nuevo Laredo: 13.03; Matamoros: 10.71 y al final Reynosa con el 10.51 por ciento, ahora de esa participaci\u00f3n tambi\u00e9n hay que destacar que la m\u00e1s eficiente, es decir, la de menos votos nulos, fue otra vez la de Victoria, lo que significa efectividad.<\/p>\n<p>Por supuesto, y lo debi\u00f3 usted haber notado, que los n\u00fameros hablan bien del alcalde de Victoria, por eso los presumen, con la idea de colgarse medallas que efectivamente les corresponden porque, como le dec\u00eda al inicio, el resto de los alcaldes y diputados no tienen n\u00fameros similares, ni siquiera cercanos.<\/p>\n<p>Ahora, es claro que en Victoria no todo el \u00e9xito es del presidente municipal Lalo Gatt\u00e1s, el liderazgo pol\u00edtico todos los sabemos, el alcalde mismo lo ha repetido muchas veces, es del Gobernador Am\u00e9rico Villarreal, pero tambi\u00e9n es una realidad que \u00fanicamente en la capital se not\u00f3 la operaci\u00f3n en la elecci\u00f3n de la estructura que sigue a un alcalde, no en los dichos, si en los n\u00fameros, le insisto, proporcionalmente a su padr\u00f3n, incluso en n\u00famero de votos efectivos, Victoria destac\u00f3 con mucha diferencia a favor respecto a los c\u00ednicos que creen haber sido de vital importancia con haber felicitado a la ganadora, porque no hicieron otra cosa y sus reconocimientos, por cierto, fueron a toro pasado, es decir, no movieron ni un voto a favor de ella ni de los otros candidatos.<\/p>\n<p>Conclusi\u00f3n, por supuesto que los n\u00fameros le son favorables al alcalde Lalo Gatt\u00e1s, es claro que le corresponde, y la necesita, colgarse una medalla y, m\u00e1s que eso, tambi\u00e9n los n\u00fameros son un grito urgente para analizar que hacen el resto de los presidentes municipales, son un llamado a investigar para qui\u00e9n juegan realmente\u2026<\/p>\n<p>LLAMA GOBERNADOR A FORTALECER PREVENCI\u00d3N\u2026 El gobernador Am\u00e9rico Villarreal Anaya convoc\u00f3 a las y los 43 titulares municipales de Protecci\u00f3n Civil a fortalecer la coordinaci\u00f3n entre los tres niveles de gobierno, trabajar en la previsi\u00f3n y mantener informada a la poblaci\u00f3n ante cualquier contingencia, a fin de minimizar los riesgos y afectaciones ante las lluvias que se intensificar\u00e1n a partir de este jueves y durante la temporada de ciclones 2025.<\/p>\n<p>Al presidir la reuni\u00f3n de trabajo en el Polyforum de esta capital, junto al coordinador estatal de Protecci\u00f3n Civil, Luis Gerardo Gonz\u00e1lez De la Fuente; el secretario general de Gobierno, H\u00e9ctor Joel Villegas Gonz\u00e1lez y el secretario de Recursos Hidr\u00e1ulicos, Ra\u00fal Quiroga \u00c1lvarez, el mandatario estatal destac\u00f3 que su administraci\u00f3n est\u00e1 atenta y ha quedado de manifiesto la capacidad de respuesta del Estado para enfrentar contingencias como incendios forestales, inundaciones y sequ\u00edas.<\/p>\n<p>\u201cEstamos en comunicaci\u00f3n y fortalecidos en esta unidad de apoyo mutuo y que tiene un Gobierno del Estado atento a responder con las capacidades que ya en alguna forma se han presentado y que tambi\u00e9n tenemos el respaldo con nuestros delegados y las instancias federales, como lo mostr\u00f3 la presencia de la directora de Protecci\u00f3n Civil a nivel nacional en Reynosa, la presencia de la secretaria de Bienestar y de la propia presidenta, la doctora Claudia Sheinbaum, que estuvo presente y acompa\u00f1\u00e1ndonos en la contingencia de Reynosa con las respuestas oportunas y acertadas que se fueron dando\u201d, dijo.<\/p>\n<p>TEMPORAL LLUVIOSO GENERAR\u00c1 IMPORTANTES PRECIPITACIONES\u2026 En la reuni\u00f3n, el meteor\u00f3logo de PC estatal, Jes\u00fas Tovar D\u00edaz, alert\u00f3 sobre el temporal lluvioso originado por una inestabilidad tropical en el Golfo de M\u00e9xico y el ingreso de humedad provocado por el hurac\u00e1n Erick, lo que generar\u00e1 importantes precipitaciones y el riesgo de inundaciones en zonas urbanas, principalmente de la zona ca\u00f1era y el sur del estado, aumentando su presencia desde este jueves y hasta el pr\u00f3ximo martes.<\/p>\n<p>PRONOSTICA CONAGUA DE 13 A 17 TORMENTAS TROPICALES\u2026 En su intervenci\u00f3n, Jaime Gudi\u00f1o Z\u00e1rate, director general del Organismo Cuenca Golfo Norte de la CONAGUA, explic\u00f3 que en la presente temporada de huracanes se pronostican de 13 a 17 tormentas tropicales para la zona del Oc\u00e9ano Atl\u00e1ntico y reiter\u00f3 el compromiso del Gobierno Federal para reforzar los trabajos de coordinaci\u00f3n, poniendo a disposici\u00f3n del Estado, en caso de ser necesario, 21 Centros Regionales de Atenci\u00f3n a Emergencias, en donde se cuenta con 769 elementos de la Brigada de Protecci\u00f3n a la Infraestructura y Atenci\u00f3n de Emergencia y 907 equipos especializados.<\/p>\n<p>PC CUENTA CON 276 REFUGIOS TEMPORALES EN TODO EL ESTADO\u2026 Como parte de los programas de previsi\u00f3n de la Coordinaci\u00f3n Estatal de Protecci\u00f3n Civil, Rub\u00e9n Navarrete Galv\u00e1n, director de coordinaci\u00f3n con los municipios, inform\u00f3 que se cuenta con 276 refugios temporales en todo el estado, en donde se puede brindar atenci\u00f3n a la poblaci\u00f3n que lo requiera ante cualquier contingencia provocada por fen\u00f3menos hidrometeorol\u00f3gicos.<\/p>\n<p>En su intervenci\u00f3n, Luis Gerardo Gonz\u00e1lez De la Fuente destac\u00f3 el respaldo del gobernador Am\u00e9rico Villarreal, \u201cquien realmente ha transformado la protecci\u00f3n civil en Tamaulipas\u201d, dijo, y reiter\u00f3 que el objetivo y compromiso de la dependencia a su cargo es salvaguardar la vida y la integridad de las y los tamaulipecos.<\/p>\n<p>VA RECTOR A CIENCIAS DE LA EDUCACI\u00d3N Y ENTREGA EQUIPAMIENTO\u2026 El rector D\u00e1maso Anaya Alvarado llev\u00f3 a cabo un recorrido por la Facultad de Ciencias de la Educaci\u00f3n y Humanidades (FCEH) del Campus Victoria, donde realiz\u00f3 diversas actividades, entre ellas, encabez\u00f3 la reuni\u00f3n del Colegio de Directores de la Universidad Aut\u00f3noma de Tamaulipas (UAT), entreg\u00f3 equipo tecnol\u00f3gico de vanguardia y supervis\u00f3 espacios acad\u00e9micos y deportivos de este plantel universitario.<\/p>\n<p>Acompa\u00f1ado por la directora de la FCEH, Elsa Fernanda Gonz\u00e1lez Quintero, el rector de la UAT constat\u00f3 los avances de las diversas \u00e1reas estrat\u00e9gicas y dialog\u00f3 con el personal acad\u00e9mico, administrativo y estudiantes deportistas de esta instituci\u00f3n, reafirmando su compromiso de impulsar acciones que fortalezcan la calidad acad\u00e9mica y los entornos para la formaci\u00f3n integral del alumnado.<\/p>\n<p>Como primer punto del recorrido, visit\u00f3 la cancha de futbol r\u00e1pido de la Facultad, en donde se plantea el proyecto de adecuaci\u00f3n y mejoramiento de infraestructura.<\/p>\n<p>Posteriormente, en la Sala de Usos M\u00faltiples se present\u00f3 el funcionamiento de tres nuevas pantallas inteligentes que fortalecen los procesos de ense\u00f1anza-aprendizaje mediante soluciones tecnol\u00f3gicas integrales para clases virtuales, videoconferencias y trabajo interactivo.<\/p>\n<p>M\u00e1s adelante, D\u00e1maso Anaya encabez\u00f3 la entrega simb\u00f3lica de 30 equipos de c\u00f3mputo, de los cuales 25 fueron asignados al Centro de C\u00f3mputo y 5 al Laboratorio de Idiomas.<\/p>\n<p>Tambi\u00e9n constat\u00f3 el trabajo que realiza el Centro de Auto Acceso, que opera en vinculaci\u00f3n con el programa institucional de ingl\u00e9s y la Licenciatura en Ling\u00fc\u00edstica Aplicada.<\/p>\n<p>Luego del recorrido, el rector presidi\u00f3 la reuni\u00f3n del Colegio de Directores con las y los titulares de las 27 dependencias acad\u00e9micas de la UAT, en donde se abordaron diferentes temas para el fortalecimiento integral de la instituci\u00f3n y de sus facultades, unidades acad\u00e9micas y escuelas preparatorias.<\/p>\n<p>Coloque en el buscador de facebok @CENADeNegros1 y le agradecer\u00e9 que me regale un Me Gusta, adem\u00e1s nos puede seguir en la cuenta de X @gatovaliente y, como siempre, le dejo el correo electr\u00f3nico a sus \u00f3rdenes para lo que guste y mande\u2026\u00a0<a href=\"mailto:marcovazquez20001@hotmail.com\" target=\"_blank\" rel=\"noreferrer noopener\">marcovazquez20001@hotmail.com<\/a><\/p>\n<\/div>\n","protected":false},"excerpt":{"rendered":"<p>CENA DE NEGROS Marco Antonio V\u00e1zquez Villanueva &nbsp; M\u00e1s de mil millones de pesos en da\u00f1os, casi 150 escuelas afectadas en 25 municipios del Estado, en Reynosa inundaciones poco antes vistas, videos e im\u00e1genes que circulaban en las redes sociales que detallaban la situaci\u00f3n de emergencia que vivi\u00f3 Tamaulipas era el resultado de una tormenta [&hellip;]<\/p>\n","protected":false},"author":1,"featured_media":203947,"comment_status":"closed","ping_status":"closed","sticky":false,"template":"","format":"standard","meta":{"footnotes":""},"categories":[16],"tags":[],"class_list":["post-206587","post","type-post","status-publish","format-standard","has-post-thumbnail","hentry","category-opinion"],"_links":{"self":[{"href":"https:\/\/www.elsinodaldetamaulipas.com.mx\/index.php?rest_route=\/wp\/v2\/posts\/206587","targetHints":{"allow":["GET"]}}],"collection":[{"href":"https:\/\/www.elsinodaldetamaulipas.com.mx\/index.php?rest_route=\/wp\/v2\/posts"}],"about":[{"href":"https:\/\/www.elsinodaldetamaulipas.com.mx\/index.php?rest_route=\/wp\/v2\/types\/post"}],"author":[{"embeddable":true,"href":"https:\/\/www.elsinodaldetamaulipas.com.mx\/index.php?rest_route=\/wp\/v2\/users\/1"}],"replies":[{"embeddable":true,"href":"https:\/\/www.elsinodaldetamaulipas.com.mx\/index.php?rest_route=%2Fwp%2Fv2%2Fcomments&post=206587"}],"version-history":[{"count":1,"href":"https:\/\/www.elsinodaldetamaulipas.com.mx\/index.php?rest_route=\/wp\/v2\/posts\/206587\/revisions"}],"predecessor-version":[{"id":206588,"href":"https:\/\/www.elsinodaldetamaulipas.com.mx\/index.php?rest_route=\/wp\/v2\/posts\/206587\/revisions\/206588"}],"wp:featuredmedia":[{"embeddable":true,"href":"https:\/\/www.elsinodaldetamaulipas.com.mx\/index.php?rest_route=\/wp\/v2\/media\/203947"}],"wp:attachment":[{"href":"https:\/\/www.elsinodaldetamaulipas.com.mx\/index.php?rest_route=%2Fwp%2Fv2%2Fmedia&parent=206587"}],"wp:term":[{"taxonomy":"category","embeddable":true,"href":"https:\/\/www.elsinodaldetamaulipas.com.mx\/index.php?rest_route=%2Fwp%2Fv2%2Fcategories&post=206587"},{"taxonomy":"post_tag","embeddable":true,"href":"https:\/\/www.elsinodaldetamaulipas.com.mx\/index.php?rest_route=%2Fwp%2Fv2%2Ftags&post=206587"}],"curies":[{"name":"wp","href":"https:\/\/api.w.org\/{rel}","templated":true}]}}