{"id":206693,"date":"2025-06-22T20:02:26","date_gmt":"2025-06-23T00:02:26","guid":{"rendered":"https:\/\/www.elsinodaldetamaulipas.com.mx\/?p=206693"},"modified":"2025-06-22T20:02:26","modified_gmt":"2025-06-23T00:02:26","slug":"pronostican-mas-lluvias-pero-seran-moderadas","status":"publish","type":"post","link":"https:\/\/www.elsinodaldetamaulipas.com.mx\/?p=206693","title":{"rendered":"PRONOSTICAN M\u00c1S LLUVIAS, PERO SER\u00c1N MODERADAS"},"content":{"rendered":"<p><em>EL SINODAL DE TAMAULIPAS<\/em><\/p>\n<p>Reynosa, Tam.- \u00abAlgunos d\u00edas habr\u00e1 una m\u00e1xima de 50% de posibilidad de lluvia, no hay nada de que preocuparse hasta el momento\u00bb, asegur\u00f3 el Coordinador de Protecci\u00f3n Civil y Bomberos, Javier Iv\u00e1n Lam Cant\u00fa al dar a conocer detalles del clima para esta semana.<\/p>\n<p>&nbsp;<\/p>\n<p>El funcionario dijo que tiene instrucciones del Presidente Municipal, de monitorear las condiciones y cambios del clima que emiten el Servicio Meteorol\u00f3gico Nacional y la Comisi\u00f3n Nacional del Agua.<\/p>\n<p>&nbsp;<\/p>\n<p>\u00abEsta semana tendremos temperatura m\u00e1xima de 33\u00b0 Cent\u00edgrados, m\u00ednima de 24\u00b0, y r\u00e1fagas de viento m\u00e1ximas de 40 Km\/h\u00bb, dijo el funcionario de acuerdo a la informaci\u00f3n que maneja de manera oficial para los pr\u00f3ximos tres d\u00edas la dependencia del Gobierno Municipal de Reynosa.<\/p>\n","protected":false},"excerpt":{"rendered":"<p>EL SINODAL DE TAMAULIPAS Reynosa, Tam.- \u00abAlgunos d\u00edas habr\u00e1 una m\u00e1xima de 50% de posibilidad de lluvia, no hay nada de que preocuparse hasta el momento\u00bb, asegur\u00f3 el Coordinador de Protecci\u00f3n Civil y Bomberos, Javier Iv\u00e1n Lam Cant\u00fa al dar a conocer detalles del clima para esta semana. &nbsp; El funcionario dijo que tiene instrucciones [&hellip;]<\/p>\n","protected":false},"author":1,"featured_media":206694,"comment_status":"closed","ping_status":"closed","sticky":false,"template":"","format":"standard","meta":{"footnotes":""},"categories":[1,2],"tags":[],"class_list":["post-206693","post","type-post","status-publish","format-standard","has-post-thumbnail","hentry","category-portada","category-reynosa"],"_links":{"self":[{"href":"https:\/\/www.elsinodaldetamaulipas.com.mx\/index.php?rest_route=\/wp\/v2\/posts\/206693","targetHints":{"allow":["GET"]}}],"collection":[{"href":"https:\/\/www.elsinodaldetamaulipas.com.mx\/index.php?rest_route=\/wp\/v2\/posts"}],"about":[{"href":"https:\/\/www.elsinodaldetamaulipas.com.mx\/index.php?rest_route=\/wp\/v2\/types\/post"}],"author":[{"embeddable":true,"href":"https:\/\/www.elsinodaldetamaulipas.com.mx\/index.php?rest_route=\/wp\/v2\/users\/1"}],"replies":[{"embeddable":true,"href":"https:\/\/www.elsinodaldetamaulipas.com.mx\/index.php?rest_route=%2Fwp%2Fv2%2Fcomments&post=206693"}],"version-history":[{"count":1,"href":"https:\/\/www.elsinodaldetamaulipas.com.mx\/index.php?rest_route=\/wp\/v2\/posts\/206693\/revisions"}],"predecessor-version":[{"id":206695,"href":"https:\/\/www.elsinodaldetamaulipas.com.mx\/index.php?rest_route=\/wp\/v2\/posts\/206693\/revisions\/206695"}],"wp:featuredmedia":[{"embeddable":true,"href":"https:\/\/www.elsinodaldetamaulipas.com.mx\/index.php?rest_route=\/wp\/v2\/media\/206694"}],"wp:attachment":[{"href":"https:\/\/www.elsinodaldetamaulipas.com.mx\/index.php?rest_route=%2Fwp%2Fv2%2Fmedia&parent=206693"}],"wp:term":[{"taxonomy":"category","embeddable":true,"href":"https:\/\/www.elsinodaldetamaulipas.com.mx\/index.php?rest_route=%2Fwp%2Fv2%2Fcategories&post=206693"},{"taxonomy":"post_tag","embeddable":true,"href":"https:\/\/www.elsinodaldetamaulipas.com.mx\/index.php?rest_route=%2Fwp%2Fv2%2Ftags&post=206693"}],"curies":[{"name":"wp","href":"https:\/\/api.w.org\/{rel}","templated":true}]}}