{"id":206696,"date":"2025-06-22T21:35:19","date_gmt":"2025-06-23T01:35:19","guid":{"rendered":"https:\/\/www.elsinodaldetamaulipas.com.mx\/?p=206696"},"modified":"2025-06-23T14:41:40","modified_gmt":"2025-06-23T18:41:40","slug":"congreso-de-tamaulipas-pionero-nacional-en-convenio-con-el-pnud","status":"publish","type":"post","link":"https:\/\/www.elsinodaldetamaulipas.com.mx\/?p=206696","title":{"rendered":"CONGRESO DE TAMAULIPAS PIONERO NACIONAL EN CONVENIO CON EL PNUD"},"content":{"rendered":"<p style=\"text-align: center;\">SE\u00d1AL POL\u00cdTICA<\/p>\n<p style=\"text-align: center;\">Por: ANWAR A. VIVIAN PERALTA<\/p>\n<p>El Congreso Local de Tamaulipas se convirti\u00f3 en pionero, a nivel nacional, en firmar un convenio de colaboraci\u00f3n con el Programa de las Naciones Unidas para el Desarrollo, a fin de impulsar leyes alineadas con los objetivos del desarrollo sostenible, contenidas en la agenda global 20-30.<\/p>\n<p>&nbsp;<\/p>\n<p>DANIELA VALLERINO, Analista de Gesti\u00f3n, en nombre del representante del PNUD en M\u00e9xico, reconoci\u00f3 a diputados y personal t\u00e9cnico de la 66 Legislatura Local, que participaron durante los \u00faltimos dos d\u00edas en el curso Legislar con Enfoque de la Agenda 20-30.<\/p>\n<p>&nbsp;<\/p>\n<p>\u201cCuando acabe la legislatura podr\u00e1n reportar: realmente pasamos estas iniciativas que incidieron en estos objetivos de desarrollo sostenible real; aqu\u00ed est\u00e1 el impacto que tuvimos, porque logramos dirigir las iniciativas hacia ellos\u201d. Los participantes repasaron la transversalizaci\u00f3n del enfoque de sostenibilidad en leyes, presupuestos y pol\u00edticas p\u00fablicas, as\u00ed como acordaron el fortalecimiento del v\u00ednculo entre el Congreso y el PNUD para consolidar esta visi\u00f3n, en el convenio firmado por la representante del organismo internacional, el diputado Presidente de la Junta de Gobierno HUMBERTO PRIETO HERRERA y la Presidenta de la Mesa CINTHIA JAIME.<\/p>\n<p>&nbsp;<\/p>\n<p>DANIELA VALLARINO, expres\u00f3 que el convenio con el Congreso es el primero firmado con una legislatura local en M\u00e9xico, lo que consider\u00f3 un motivo de celebraci\u00f3n y una muestra clara del compromiso de la Legislatura 66 con una gobernanza m\u00e1s inclusiva, eficiente y con visi\u00f3n de futuro.<\/p>\n<p>&nbsp;<\/p>\n<p>Resalt\u00f3 que el curso profundiz\u00f3 en herramientas metodol\u00f3gicas para vincular iniciativas y dict\u00e1menes con los Objetivos del Desarrollo Sostenible, integrar evidencias estad\u00edsticas y orientar el gasto p\u00fablico en funci\u00f3n de las brechas sociales, econ\u00f3micas y territoriales.<\/p>\n<p>&nbsp;<\/p>\n<p>El Diputado Presidente por su parte, agradeci\u00f3 al PNUD y a su equipo el curso, como un espacio de formaci\u00f3n sustantiva, de an\u00e1lisis cr\u00edtico y de alineaci\u00f3n con los principios universales del desarrollo sostenible, as\u00ed como la colaboraci\u00f3n que representa solo el punto de partida de una nueva etapa legislativa.<\/p>\n<p>La pobreza, la desigualdad, la justicia, la salud, la educaci\u00f3n, el medio ambiente -precis\u00f3-, exigen un nuevo tipo de liderazgo pol\u00edtico; uno que entienda que legislar no es solo crear normas, sino transformar realidades.<\/p>\n<p>&nbsp;<\/p>\n<p>DESARROLLA BRIGADA MEDICA DIF RIO BRAVO<\/p>\n<p>&nbsp;<\/p>\n<p>CON UNA AMPLIA PARTICIPACI\u00d3N de integrantes del sistema DIF municipal de Rio Bravo que preside la se\u00f1ora BLANCA ARIZPE DE ALMARAZ, se llev\u00f3 a cabo una brigada m\u00e9dica en el Centro de Bienestar y Paz de la Col. Sat\u00e9lite, donde se ofrecieron diversos servicios gratuitos y se dieron a conocer los programas y departamentos que conforman nuestro organismo.<\/p>\n<p>Durante la jornada, se atendieron a ciudadanos en su salud, se otorgaron aparatos para personas con capacidades diferentes, asi como medicamento y se dio curso a otras instancias medicas algunos casos que asi lo ameritaron.<\/p>\n<p>&nbsp;<\/p>\n<p>Siendo asi como la presidenta del Sistema DIF R\u00edo Bravo, BLANCA ARIZPE DE ALMARAZ, reiter\u00f3 su compromiso con el bienestar de las familias riobravenses acercando atenciones m\u00e9dicas y sociales a quienes m\u00e1s lo necesitan<\/p>\n<p>&nbsp;<\/p>\n<p>PRESIDE GOBERNADOR AMERICO CEREMONIA DE ENTREGA DE MAS DE 9 MIL TARJETAS DEL PROGRAMA DE PENSI\u00d3N POR DISCAPACIDAD<\/p>\n<p>&nbsp;<\/p>\n<p>En un acto que reafirma el compromiso de los gobiernos federal y estatal, con la inclusi\u00f3n y la justicia social, el gobernador AM\u00c9RICO VILLARREAL encabez\u00f3 la entrega de la primera remesa de 9,136 tarjetas de incorporaci\u00f3n universal al Programa de Pensi\u00f3n para el Bienestar de las Personas con Discapacidad en Tamaulipas.<\/p>\n<p>Ante familias beneficiarias, en un evento realizado en el Polyforum de Ciudad Victoria, el mandatario estatal destac\u00f3 que esta acci\u00f3n responde a la visi\u00f3n humanista del gobierno encabezado por la presidenta CLAUDIA SHEINBAUM y que permite reducir las brechas de desigualdad en el pa\u00eds.<\/p>\n<p>&nbsp;<\/p>\n<p>\u00abTenemos 20 diferentes Programas de Bienestar que pueden estar llevando circunstancias de apoyo, de alivio, de esperanza, de tranquilidad a los hogares mexicanos; ese es el humanismo y es el humanismo mexicano porque est\u00e1 basado en nuestra historia, en nuestra cultura, en nuestras costumbres de ser un pueblo solidario, que tiene como principio la unidad de la familia\u00bb, se\u00f1al\u00f3.<\/p>\n<p>Explic\u00f3: \u00abTenemos otros ejemplos de un gobierno del estado humanista, en donde hemos procurado ver y atender a las personas que tienen alg\u00fan problema visual a trav\u00e9s del DIF, en la escuela Camino de Luz, o recientemente, en la remodelaci\u00f3n y ampliaci\u00f3n en los albergues que tenemos en la Casa Hogar San Antonio, donde tambi\u00e9n tenemos personas con discapacidad\u00bb.<\/p>\n<p>&nbsp;<\/p>\n<p>\u00abTenemos el Centro de Atenci\u00f3n para los Ni\u00f1os con Autismo para prepararlos y ver si podemos mejorar sus condiciones para que se puedan desempe\u00f1ar m\u00e1s en el entorno social\u00bb, dijo, y a\u00f1adi\u00f3 que adem\u00e1s trabajan solidariamente con el Telet\u00f3n, en Altamira.<\/p>\n<p>Por su parte, el delegado de Programas para el Bienestar en Tamaulipas, LUIS LAURO REYES RODR\u00cdGUEZ, se\u00f1al\u00f3 que las tarjetas entregadas de este programa, suman una inversi\u00f3n de 29 millones 235 mil 200 pesos.<\/p>\n<p>&nbsp;<\/p>\n<p>Con ello, explic\u00f3 que hay un incremento en el padr\u00f3n de beneficiarios, que llega a 36,224 tamaulipecas y tamaulipecos, con una derrama anual de 673 millones de pesos.<\/p>\n<p>En el gobierno anterior -dijo- este programa no fue respaldado, pero ahora hay una aportaci\u00f3n de recursos estatales.<\/p>\n<p>\u00abTan pronto como lleg\u00f3 el se\u00f1or gobernador de Tamaulipas, el doctor Am\u00e9rico Villarreal, su primer compromiso fue precisamente apoyar\u00bb.<\/p>\n<p>&nbsp;<\/p>\n<p>ATIENDE GOBIERNO DE MATAMOROS COMPROMISOS CON LA CIUDADANIA<\/p>\n<p>&nbsp;<\/p>\n<p>El gobierno municipal de Matamoros que preside ALBERTO GRANADOS, contin\u00faa fortaleciendo su compromiso con la ciudadan\u00eda al realizar trabajos de mejoramiento vial en distintas colonias de la ciudad. Este jueves, cuadrillas municipales atendieron las colonias Modelo, Puerto Rico, Integraci\u00f3n Familiar, Alberto Carrera Torres, Los Portales y el Fraccionamiento Victoria, priorizando las necesidades espec\u00edficas de cada zona.<\/p>\n<p>Estas labores tienen como objetivo principal optimizar la circulaci\u00f3n vehicular, reducir el deterioro de las vialidades y, sobre todo, garantizar una mayor seguridad tanto para los automovilistas como para los peatones. Las acciones forman parte de una estrategia integral que busca elevar la calidad de vida de las y los matamorenses.<\/p>\n<p>&nbsp;<\/p>\n<p>El alcalde ALBERTO GRANADOS, bajo los lemas \u201cMatamoros Avanza\u201d y \u201cQue Brille Matamoros\u201d, ha reiterado que su administraci\u00f3n mantiene un enfoque claro en la mejora de la infraestructura urbana. Con estas intervenciones, se da respuesta directa a las solicitudes de la poblaci\u00f3n y se refuerza el desarrollo ordenado de la ciudad.<\/p>\n<p>&nbsp;<\/p>\n<p>Gracias a estos trabajos de rehabilitaci\u00f3n, el gobierno municipal demuestra una vez m\u00e1s su compromiso con una ciudad m\u00e1s funcional, segura y moderna. La participaci\u00f3n ciudadana y el seguimiento oportuno a las peticiones vecinales contin\u00faan siendo pilares clave para avanzar hacia un Matamoros que brilla.<\/p>\n<p>&nbsp;<\/p>\n<p>SE REUNE GOBERNADOR VILLARREAL CON RESPONSABLES DE PROTECCION CIVIL DE LOS MUNICIPIOS<\/p>\n<p>&nbsp;<\/p>\n<p>El gobernador AMERICO VILLARREAL ANAYA convoc\u00f3 a las y los 43 titulares municipales de Protecci\u00f3n Civil a fortalecer la coordinaci\u00f3n entre los tres niveles de gobierno, trabajar en la previsi\u00f3n y mantener informada a la poblaci\u00f3n ante cualquier contingencia, a fin de minimizar los riesgos y afectaciones ante las lluvias que se intensificar\u00e1n a partir de este jueves y durante la temporada de ciclones 2025.<\/p>\n<p>&nbsp;<\/p>\n<p>Al presidir la reuni\u00f3n de trabajo en el Polyforum de esta capital, junto al coordinador estatal de Protecci\u00f3n Civil, LUIS GERARDO GONZALEZ DE LA FUENTE y el secretario de Recursos Hidr\u00e1ulicos, RAUL QUIROGA ALVAREZ, el mandatario estatal destac\u00f3 que su administraci\u00f3n est\u00e1 atenta y ha quedado de manifiesto la capacidad de respuesta del Estado para enfrentar contingencias como incendios forestales, inundaciones y sequ\u00edas.<\/p>\n<p>&nbsp;<\/p>\n<p>\u201cEstamos en comunicaci\u00f3n y fortalecidos en esta unidad de apoyo mutuo y que tiene un Gobierno del Estado atento a responder con las capacidades que ya en alguna forma se han presentado y que tambi\u00e9n tenemos el respaldo con nuestros delegados y las instancias federales, como lo mostr\u00f3 la presencia de la directora de Protecci\u00f3n Civil a nivel nacional en Reynosa, la presencia de la secretaria de Bienestar y de la propia presidenta, la doctora Claudia Sheinbaum, que estuvo presente y acompa\u00f1\u00e1ndonos en la contingencia de Reynosa con las respuestas oportunas y acertadas que se fueron dando\u201d, dijo.<\/p>\n<p>&nbsp;<\/p>\n<p>LA SALUD ES PRIORIDAD Y COMPROMISO DEL GOBIERNO DE GONZALEZ: MIGUEL ZU\u00d1IGA<\/p>\n<p>&nbsp;<\/p>\n<p>Comprometido con la salud y el bienestar de los habitantes de Gonz\u00e1lez, el Presidente Municipal de Gonz\u00e1lez Dr. MIGUEL ALEJANDRO ZU\u00d1IGA RODRIUGEZ encabez\u00f3 una reuni\u00f3n con el personal del Centro de Salud de Servicios Ampliados de Gonz\u00e1lez. Durante el encuentro, se realiz\u00f3 la entrega de una significativa dotaci\u00f3n de material de limpieza, desinfecci\u00f3n e insumos m\u00e9dicos, destinada a todas las unidades de salud del municipio.<\/p>\n<p>El Dr. MIGUEL ZU\u00d1IGA destac\u00f3 que esta acci\u00f3n tiene como objetivo primordial buscar la mejor\u00eda de los espacios para que se encuentren en mejores condiciones e higi\u00e9nicos para pacientes y personal m\u00e9dico.<\/p>\n<p>&nbsp;<\/p>\n<p>Aunque el servicio de salud en el municipio depende del esquema IMSS Bienestar, el Gobierno Municipal de Gonz\u00e1lez est\u00e1 trabajando para complementar y mejorar la infraestructura y los recursos disponibles. El Alcalde enfatiz\u00f3: \u00abSabemos que el servicio depende de IMSS Bienestar, pero estamos trabajando para que Gonz\u00e1lez tenga un mejor servicio. Seguiremos insistiendo en la gesti\u00f3n de un hospital digno y de calidad. Es un objetivo claro de esta administraci\u00f3n, y estamos seguros de que lo vamos a lograr si continuamos sumando voluntades entre los gobiernos Federal, Estatal y Municipal\u00bb.<\/p>\n<p>&nbsp;<\/p>\n<p>El Presidente Municipal extendi\u00f3 su agradecimiento al Dr. CARLOS JUAREZ DEL ANGEL, Jefe de la Jurisdicci\u00f3n Sanitaria No. II, por su valioso apoyo y colaboraci\u00f3n. Asimismo, reconoci\u00f3 el respaldo fundamental de la Direcci\u00f3n de Salud Municipal, del Secretario de Salud de Tamaulipas, Dr. VICENTE HERNANDEZ, y de todo el Gobierno del Estado de Tamaulipas, bajo el liderazgo del Gobernador, Dr. AMERICO VILLARREAL.<\/p>\n<p>&nbsp;<\/p>\n<p>PROMUEVE CONALEP NUEVA CARRERA DE TECNICO EN AUTOTRANSPORTE<\/p>\n<p>&nbsp;<\/p>\n<p>La C.P. MIRNA RUIZ, directora del Plantel CONALEP Reynosa, encabez\u00f3 una reuni\u00f3n con la Delegada de Transporte P\u00fablico en Reynosa, Lic. MARIA LIDIA GARZA SALINAS, en representaci\u00f3n del Subsecretario de Transporte en el Estado, ARMANDO NU\u00d1EZ MONTELONGO<\/p>\n<p>&nbsp;<\/p>\n<p>Tambi\u00e9n participaron el Ing. GUILLERMO ACEBO, presidente del Comit\u00e9 de Vinculaci\u00f3n, y el Ing. ROBERTO AVILES, presidente de la CMIC, as\u00ed como personal del Comit\u00e9 de Vinculaci\u00f3n y del Departamento de Promoci\u00f3n y Vinculaci\u00f3n del plantel.<\/p>\n<p>El objetivo fue generar sinergia para fortalecer la promoci\u00f3n de la nueva carrera de Profesional T\u00e9cnico-Bachiller en Autotransporte, reafirmando el compromiso institucional con la formaci\u00f3n de talento t\u00e9cnico acorde a las necesidades del sector productivo.<\/p>\n<p>&nbsp;<\/p>\n<p>ENVIO MI FELICITACION Por su cumplea\u00f1os el pasado 17 de junio a VICTOR EDUARDO RUIZ de la coordinacion de comunicaci\u00f3n social del gobierno del estado, Felicidades; ROBERTO RICO RUIZ, ex diputado local por el estado de Hidalgo; NORMA SANCHEZ NIETO, NIDIA ALANIS, destacadas comunicadoras tamaulipecas.<\/p>\n<p>asi como tambi\u00e9n WALTER GIOVANNI ZAPATA GUZMAN, HUGO FONSECA, Sub secretario de administraci\u00f3n de la SET.<\/p>\n<p>adem\u00e1s de JUAN CARLOS MU\u00d1OZ, MARIO DELGADO CARRILLO.<\/p>\n<p>cumpli\u00f3 a\u00f1os este pasado 18 de junio HIGINIO MARTINEZ MIRANDA, l\u00edder pol\u00edtico de Texcoco, Estado de M\u00e9xico.<\/p>\n<p>&nbsp;<\/p>\n<p>asi como este pasado 19 de junio felicito a ABRAHAM MOHAMED ZAMILPA, decano del periodismo nacional; ELEAZAR GUARDIOLA, JOSE CORREA, GRISELDA GONZALEZ DE JAIME, PROFRA. CARMEN HERNANDES DE RODRIGUEZ, ex diputada local; EGIDIO TORRE CANTU, FABIAN PE\u00d1A, destacado futbolista; ABDIEL REYES Y JESUS MONTELONGO.<\/p>\n<p>&nbsp;<\/p>\n<p>Y NOS VEREMOS.ASI COMO ESTE pasado 20 de junio felicito a JULIAN CASTILLA, EDGAR MARTINEZ RUIZ, ROBERTO PEREZ MARTINEZ, decano del periodismo riobravense; GERARDO RENERO, titular de comunicaci\u00f3n social de la secretaria de agricultura del estado de Tamaulipas.<\/p>\n<p>TAMBIEN JOSE LUIS ESPINO CASTILLO, DANIEL CERVANTES Y JULIAN CASTILLA.<\/p>\n<p>MIENTRAS QUE ESTE pasado 21 de junio cumplieron a\u00f1os ABIEL ORTIZ alla por el rumbo de Valle hermoso; HUGO CABRERA RUIZ, ex alcalde queretano; OSCAR SANTOS SIFUENTES, GLORIA GARCIA, YOYA ABOYTES CANTU, JOSE LUIS MATA BLANCO en la capital del estado y LUIS MARIO BIBIAN.<\/p>\n<p>DE LA MISMA MANERA este 22 de junio cumplieron a\u00f1os NOE GEA MEDINA, EDGAR PI\u00d1A, OSVALDO SOBERON TIJERINA, ex alcalde de Valle hermoso; ALDAIR ROMERO, YESSICA GALLARDO Y ENRIQUE MANILLA.<\/p>\n<p>LO MISMO PARA LOS QUE CUMPLEN este 23 de junio, DIANA ALANIS GUERRA, ex presidenta de CANACINTRA Reynosa; e<\/p>\n<p>Erika crespo, LIDER MAGISTERIAL, JUAN BALLEZA, ALEJANDRO GONZALEZ BARRON, ex director de CONALEP Rio Bravo y EMILIO GIRON GONZALEZ.<\/p>\n<p>ASI COMO ESTE MISMO DIA 23 recuerdo en su natalicio a ALEJANDRO MARQUEZ (+) de Reynosa y DON DANIEL CANTU, ex presidente de COEP Miguel Alem\u00e1n, (+).<\/p>\n<p>Y NOS VEREMOS.<\/p>\n","protected":false},"excerpt":{"rendered":"<p>SE\u00d1AL POL\u00cdTICA Por: ANWAR A. VIVIAN PERALTA El Congreso Local de Tamaulipas se convirti\u00f3 en pionero, a nivel nacional, en firmar un convenio de colaboraci\u00f3n con el Programa de las Naciones Unidas para el Desarrollo, a fin de impulsar leyes alineadas con los objetivos del desarrollo sostenible, contenidas en la agenda global 20-30. &nbsp; DANIELA [&hellip;]<\/p>\n","protected":false},"author":1,"featured_media":204245,"comment_status":"closed","ping_status":"closed","sticky":false,"template":"","format":"standard","meta":{"footnotes":""},"categories":[16],"tags":[],"class_list":["post-206696","post","type-post","status-publish","format-standard","has-post-thumbnail","hentry","category-opinion"],"_links":{"self":[{"href":"https:\/\/www.elsinodaldetamaulipas.com.mx\/index.php?rest_route=\/wp\/v2\/posts\/206696","targetHints":{"allow":["GET"]}}],"collection":[{"href":"https:\/\/www.elsinodaldetamaulipas.com.mx\/index.php?rest_route=\/wp\/v2\/posts"}],"about":[{"href":"https:\/\/www.elsinodaldetamaulipas.com.mx\/index.php?rest_route=\/wp\/v2\/types\/post"}],"author":[{"embeddable":true,"href":"https:\/\/www.elsinodaldetamaulipas.com.mx\/index.php?rest_route=\/wp\/v2\/users\/1"}],"replies":[{"embeddable":true,"href":"https:\/\/www.elsinodaldetamaulipas.com.mx\/index.php?rest_route=%2Fwp%2Fv2%2Fcomments&post=206696"}],"version-history":[{"count":1,"href":"https:\/\/www.elsinodaldetamaulipas.com.mx\/index.php?rest_route=\/wp\/v2\/posts\/206696\/revisions"}],"predecessor-version":[{"id":206697,"href":"https:\/\/www.elsinodaldetamaulipas.com.mx\/index.php?rest_route=\/wp\/v2\/posts\/206696\/revisions\/206697"}],"wp:featuredmedia":[{"embeddable":true,"href":"https:\/\/www.elsinodaldetamaulipas.com.mx\/index.php?rest_route=\/wp\/v2\/media\/204245"}],"wp:attachment":[{"href":"https:\/\/www.elsinodaldetamaulipas.com.mx\/index.php?rest_route=%2Fwp%2Fv2%2Fmedia&parent=206696"}],"wp:term":[{"taxonomy":"category","embeddable":true,"href":"https:\/\/www.elsinodaldetamaulipas.com.mx\/index.php?rest_route=%2Fwp%2Fv2%2Fcategories&post=206696"},{"taxonomy":"post_tag","embeddable":true,"href":"https:\/\/www.elsinodaldetamaulipas.com.mx\/index.php?rest_route=%2Fwp%2Fv2%2Ftags&post=206696"}],"curies":[{"name":"wp","href":"https:\/\/api.w.org\/{rel}","templated":true}]}}