{"id":207248,"date":"2025-07-04T20:57:56","date_gmt":"2025-07-05T00:57:56","guid":{"rendered":"https:\/\/www.elsinodaldetamaulipas.com.mx\/?p=207248"},"modified":"2025-07-04T20:58:46","modified_gmt":"2025-07-05T00:58:46","slug":"alumnos-del-tecnm-viajan-al-mundial-de-karate","status":"publish","type":"post","link":"https:\/\/www.elsinodaldetamaulipas.com.mx\/?p=207248","title":{"rendered":"ALUMNOS DEL TecNM VIAJAN AL MUNDIAL DE KARATE"},"content":{"rendered":"<p><strong><em>Por Gil Vicente Galindo\/EL SINODAL DE TAMAULIPAS<\/em><\/strong><\/p>\n<p>Reynosa, Tam.- El director del TecNM Reynosa, maestro Ludovico Hern\u00e1ndez Aguilar, despidi\u00f3 con gran orgullo a tres estudiantes que representar\u00e1n a M\u00e9xico en el escenario internacional tras obtener su pase al Campeonato Mundial de Karate WUKF 2025, que se llevar\u00e1 a cabo del 9 al 13 de julio en Malm\u00f6, Suecia.<\/p>\n<p>La delegaci\u00f3n del TEC Reynosa est\u00e1 conformado los estudiantes Ernesto Gabriel Le\u00f3n Salgado de Ingenier\u00eda Electromec\u00e1nica; Obed Arguello Dom\u00ednguez de Arquitectura y de Ingenier\u00eda Electr\u00f3nica, Ricardo Cetzin Jifkins Rodr\u00edguez con su entrenador H\u00e9ctor Quiroz Castilla.<\/p>\n<p><strong><em><img loading=\"lazy\" decoding=\"async\" class=\"aligncenter wp-image-207250 size-full\" src=\"https:\/\/www.elsinodaldetamaulipas.com.mx\/wp-content\/uploads\/2025\/07\/TEC-4.jpeg\" alt=\"\" width=\"1600\" height=\"1066\" srcset=\"https:\/\/www.elsinodaldetamaulipas.com.mx\/wp-content\/uploads\/2025\/07\/TEC-4.jpeg 1600w, https:\/\/www.elsinodaldetamaulipas.com.mx\/wp-content\/uploads\/2025\/07\/TEC-4-300x200.jpeg 300w, https:\/\/www.elsinodaldetamaulipas.com.mx\/wp-content\/uploads\/2025\/07\/TEC-4-1024x682.jpeg 1024w, https:\/\/www.elsinodaldetamaulipas.com.mx\/wp-content\/uploads\/2025\/07\/TEC-4-768x512.jpeg 768w, https:\/\/www.elsinodaldetamaulipas.com.mx\/wp-content\/uploads\/2025\/07\/TEC-4-1536x1023.jpeg 1536w\" sizes=\"auto, (max-width: 1600px) 100vw, 1600px\" \/><\/em><\/strong><\/p>\n<p>-Sabemos que van a representar a M\u00e9xico y al TecNM con todo orgullo, les deseamos lo mejor de lo mejor, agradecemos a sus padres por todo el apoyo, reciban una felicitaci\u00f3n de nuestro director general, maestro Ram\u00f3n Jim\u00e9nez L\u00f3pez -, les dijo el director, maestro Ludovico Hern\u00e1ndez.<\/p>\n<p>Su clasificaci\u00f3n internacional fue lograda gracias a su destacada participaci\u00f3n en el VIII Campeonato Nacional de Karate y Kobudo, realizado el pasado mes de marzo en el estado de Nuevo Le\u00f3n.<\/p>\n<p><strong><em><img loading=\"lazy\" decoding=\"async\" class=\"aligncenter wp-image-207251 size-full\" src=\"https:\/\/www.elsinodaldetamaulipas.com.mx\/wp-content\/uploads\/2025\/07\/TEC-5.jpeg\" alt=\"\" width=\"1600\" height=\"1066\" srcset=\"https:\/\/www.elsinodaldetamaulipas.com.mx\/wp-content\/uploads\/2025\/07\/TEC-5.jpeg 1600w, https:\/\/www.elsinodaldetamaulipas.com.mx\/wp-content\/uploads\/2025\/07\/TEC-5-300x200.jpeg 300w, https:\/\/www.elsinodaldetamaulipas.com.mx\/wp-content\/uploads\/2025\/07\/TEC-5-1024x682.jpeg 1024w, https:\/\/www.elsinodaldetamaulipas.com.mx\/wp-content\/uploads\/2025\/07\/TEC-5-768x512.jpeg 768w, https:\/\/www.elsinodaldetamaulipas.com.mx\/wp-content\/uploads\/2025\/07\/TEC-5-1536x1023.jpeg 1536w\" sizes=\"auto, (max-width: 1600px) 100vw, 1600px\" \/><\/em><\/strong><\/p>\n<p>Estas disciplinas de origen japon\u00e9s, son de alta precisi\u00f3n, concentraci\u00f3n y disciplina, sobre todo el Kobudo, que es el arte del manejo de armas y significa \u201cantiguo camino de las armas\u201d, precisamente en japon\u00e9s, (\u53e4\u6b66\u9053).<\/p>\n<p>El maestro Ludovico Hern\u00e1ndez Aguilar, director del Instituto, agradeci\u00f3 el apoyo de padres de familia de estos campeones en las artes marciales como lo es el karate y Kobudo. Feliz viaje y mejor retorno, les deseo a representantes del TecNM y de M\u00e9xico.<\/p>\n","protected":false},"excerpt":{"rendered":"<p>Por Gil Vicente Galindo\/EL SINODAL DE TAMAULIPAS Reynosa, Tam.- El director del TecNM Reynosa, maestro Ludovico Hern\u00e1ndez Aguilar, despidi\u00f3 con gran orgullo a tres estudiantes que representar\u00e1n a M\u00e9xico en el escenario internacional tras obtener su pase al Campeonato Mundial de Karate WUKF 2025, que se llevar\u00e1 a cabo del 9 al 13 de julio [&hellip;]<\/p>\n","protected":false},"author":1,"featured_media":207249,"comment_status":"closed","ping_status":"closed","sticky":false,"template":"","format":"standard","meta":{"footnotes":""},"categories":[1,2],"tags":[],"class_list":["post-207248","post","type-post","status-publish","format-standard","has-post-thumbnail","hentry","category-portada","category-reynosa"],"_links":{"self":[{"href":"https:\/\/www.elsinodaldetamaulipas.com.mx\/index.php?rest_route=\/wp\/v2\/posts\/207248","targetHints":{"allow":["GET"]}}],"collection":[{"href":"https:\/\/www.elsinodaldetamaulipas.com.mx\/index.php?rest_route=\/wp\/v2\/posts"}],"about":[{"href":"https:\/\/www.elsinodaldetamaulipas.com.mx\/index.php?rest_route=\/wp\/v2\/types\/post"}],"author":[{"embeddable":true,"href":"https:\/\/www.elsinodaldetamaulipas.com.mx\/index.php?rest_route=\/wp\/v2\/users\/1"}],"replies":[{"embeddable":true,"href":"https:\/\/www.elsinodaldetamaulipas.com.mx\/index.php?rest_route=%2Fwp%2Fv2%2Fcomments&post=207248"}],"version-history":[{"count":1,"href":"https:\/\/www.elsinodaldetamaulipas.com.mx\/index.php?rest_route=\/wp\/v2\/posts\/207248\/revisions"}],"predecessor-version":[{"id":207252,"href":"https:\/\/www.elsinodaldetamaulipas.com.mx\/index.php?rest_route=\/wp\/v2\/posts\/207248\/revisions\/207252"}],"wp:featuredmedia":[{"embeddable":true,"href":"https:\/\/www.elsinodaldetamaulipas.com.mx\/index.php?rest_route=\/wp\/v2\/media\/207249"}],"wp:attachment":[{"href":"https:\/\/www.elsinodaldetamaulipas.com.mx\/index.php?rest_route=%2Fwp%2Fv2%2Fmedia&parent=207248"}],"wp:term":[{"taxonomy":"category","embeddable":true,"href":"https:\/\/www.elsinodaldetamaulipas.com.mx\/index.php?rest_route=%2Fwp%2Fv2%2Fcategories&post=207248"},{"taxonomy":"post_tag","embeddable":true,"href":"https:\/\/www.elsinodaldetamaulipas.com.mx\/index.php?rest_route=%2Fwp%2Fv2%2Ftags&post=207248"}],"curies":[{"name":"wp","href":"https:\/\/api.w.org\/{rel}","templated":true}]}}