{"id":207571,"date":"2025-07-10T00:16:28","date_gmt":"2025-07-10T04:16:28","guid":{"rendered":"https:\/\/www.elsinodaldetamaulipas.com.mx\/?p=207571"},"modified":"2025-07-10T00:16:28","modified_gmt":"2025-07-10T04:16:28","slug":"notable-descenso-en-criminalidad-de-tamaulipas","status":"publish","type":"post","link":"https:\/\/www.elsinodaldetamaulipas.com.mx\/?p=207571","title":{"rendered":"NOTABLE DESCENSO EN CRIMINALIDAD DE TAMAULIPAS"},"content":{"rendered":"<div class=\"post-content\">\n<p>A MI MANERA<\/p>\n<p>Por Tello Montes<\/p>\n<p>&nbsp;<\/p>\n<ul class=\"wp-block-list\">\n<li>Am\u00e9rico marca diferencia: Tamaulipas, cuarto lugar nacional en reducci\u00f3n de homicidios.<\/li>\n<\/ul>\n<p>-Tamaulipas, destino con potencia.<\/p>\n<p>-Matamoros presente, y con fuerza.<\/p>\n<p>Los curr\u00edculum claro que cuentan a la hora de extender nombramientos en el servicio p\u00fablico, pero lo que realmente pesa es la capacidad de traducir esa experiencia en resultados tangibles.<\/p>\n<p>Y justo ah\u00ed es donde comienza la verdadera prueba para el general Carlos Arturo Pancardo Escudero, nuevo secretario de Seguridad P\u00fablica, y Jes\u00fas Adolfo Ampar\u00e1n Hern\u00e1ndez, flamante comisario de la Guardia Nacional en Tamaulipas.<\/p>\n<p>Porque la vara ya est\u00e1 puesta muy alta.<\/p>\n<p>Tamaulipas logr\u00f3 colocarse como el cuarto estado con mayor reducci\u00f3n de homicidios dolosos en el pa\u00eds, con un descenso del 50.4% en el promedio diario, seg\u00fan el informe del Secretariado Ejecutivo Nacional de Seguridad P\u00fablica, presentado en la conferencia ma\u00f1anera por Marcela Figueroa Franco.<\/p>\n<p>M\u00e1s claro: solo el 0.8% del total de homicidios registrados en M\u00e9xico se cometieron en nuestra entidad durante el primer semestre del 2025.<\/p>\n<p>Un logro que no es menor, y que se explica por la coordinaci\u00f3n entre el gobierno de Am\u00e9rico Villarreal Anaya y el de la presidente Claudia Sheinbaum.<\/p>\n<p>Esa sinergia ha permitido que en Tamaulipas se comience a respirar un clima distinto, de m\u00e1s seguridad y confianza ciudadana.<\/p>\n<p>Pero no hay victorias eternas.<\/p>\n<p>Mantener esta tendencia no es un bono autom\u00e1tico ni una tarea sencilla. Implica vigilancia total, inteligencia operativa y, sobre todo, cercan\u00eda con la gente.<\/p>\n<p>Por eso el reto est\u00e1 claro: que los nuevos mandos no se queden en discursos de escritorio, ni en m\u00e9ritos pasados, sino que respondan al presente con hechos, con mano firme y con resultados medibles.<\/p>\n<p>La ciudadan\u00eda tamaulipeca no espera milagros, pero s\u00ed exige continuidad y eficacia.<\/p>\n<p>Ya se baj\u00f3 la cifra\u2026 ahora hay que sostenerla y mejorarla. Porque en seguridad, como en la vida, lo dif\u00edcil no es llegar: es mantenerse.<\/p>\n<p>Y como dice el dicho: al toro por los cuernos, o al rancho lo vuelve a tragar la violencia.<\/p>\n<p>TAMAULIPAS, DESTINO CON POTENCIA.<\/p>\n<p>Desde Tampico, el gobernador Am\u00e9rico Villarreal Anaya cerr\u00f3 filas con el nuevo gobierno federal al instalar el Consejo Consultivo de Turismo del Estado, comprometi\u00e9ndose a hacer del turismo un verdadero motor econ\u00f3mico para que M\u00e9xico sea una de las cinco potencias mundiales del ramo.<\/p>\n<p>Con el respaldo de la secretar\u00eda de Turismo federal, Josefina Rodr\u00edguez Zamora, y cifras que respaldan el avance del sector \u2014como el crecimiento del 3.21% en 2024 y una Semana Santa hist\u00f3rica con una derrama de 6,400 millones de pesos\u2014, Tamaulipas se consolida como ejemplo nacional.<\/p>\n<p>El reconocimiento no se hizo esperar: la Bi\u00f3sfera de El Cielo fue premiada como el mejor destino tur\u00edstico del pa\u00eds, galard\u00f3n entregado en mano al gobernador.<\/p>\n<p>El mensaje fue claro: con voluntad pol\u00edtica y vocaci\u00f3n tur\u00edstica, el estado deja de prometer y empieza a cumplir.<\/p>\n<p>UAT HONRA LEGADO AGRONOMICO CON 58 A\u00d1OS DE HISTORIA.<\/p>\n<p>Con la presencia del rector D\u00e1maso Anaya Alvarado y el titular de la secretar\u00eda de Recursos Hidr\u00e1ulicos para el Desarrollo Social del Gobierno de Tamaulipas, Ra\u00fal Quiroga \u00c1lvarez, la Universidad Aut\u00f3noma de Tamaulipas conmemor\u00f3 el 58 aniversario de la fundaci\u00f3n de la Facultad de Agronom\u00eda- hoy Facultad de Ingenier\u00eda y Ciencias (FIC), reconociendo su papel clave en el desarrollo agropecuario, forestal y ambiental de Tamaulipas.<\/p>\n<p>El evento reuni\u00f3 a ex alumnos, docentes y autoridades del sector, donde se rindi\u00f3 homenaje a las generaciones que han formado parte de esta instituci\u00f3n surgida en el contexto de la Revoluci\u00f3n Verde.<\/p>\n<p>Conferencias especializadas, como la del propio Quiroga \u00c1lvarez sobre el sector hidr\u00e1ulico, y ponencias acad\u00e9micas reforzaron el compromiso de la UAT con la educaci\u00f3n, la investigaci\u00f3n y el impulso al campo tamaulipeco.<\/p>\n<p>La FIC no solo celebr\u00f3 su pasado, sino que reafirm\u00f3 su vocaci\u00f3n como aliada del desarrollo rural y de una nueva generaci\u00f3n de profesionales que siembran futuro desde la ciencia.<\/p>\n<p>\u00a1MATAMOROS, PRESENTE Y CON FUERZA!<\/p>\n<p>El presidente municipal Beto Granados volvi\u00f3 a poner en alto el nombre de Matamoros, al participar en el arranque del Programa Impulso Econ\u00f3mico 2025 y en la entrega de recursos del Fondo Tamaulipas, evento encabezado por el gobernador Am\u00e9rico Villarreal Anaya.<\/p>\n<p>Ah\u00ed, donde se definen las rutas del desarrollo para los emprendedores y peque\u00f1os negocios, Matamoros dijo presente, sum\u00e1ndose con decisi\u00f3n a la visi\u00f3n estatal de dinamizar la econom\u00eda desde lo local.<\/p>\n<p>Este a\u00f1o, el Fondo Tamaulipas inyectar\u00e1 m\u00e1s de 33 millones de pesos en apoyos directos a m\u00e1s de 1,800 emprendedores en todo el estado, y el Programa Impulso Econ\u00f3mico, en su segundo a\u00f1o consecutivo, volver\u00e1 a romper la barrera de los mil millones de pesos en inversiones.<\/p>\n<p>Beto Granados, agradecido con la invitaci\u00f3n del gobernador-a quien reconoci\u00f3 como aliado de Matamoros y amigo de los matamorenses-, subray\u00f3 la importancia de caminar en unidad para fortalecer a los peque\u00f1os negocios, que son el coraz\u00f3n productivo de cada municipio.<\/p>\n<p>En el evento participaron alcaldes de distintos municipios, autoridades estatales y representantes del sector empresarial, quienes coincidieron en una misma ruta: impulsar un Tamaulipas m\u00e1s fuerte, m\u00e1s justo y con m\u00e1s oportunidades para todas y todos.<\/p>\n<p>Matamoros no solo acudi\u00f3: levant\u00f3 la mano y reafirm\u00f3 su liderazgo econ\u00f3mico en la regi\u00f3n.<\/p>\n<\/div>\n<div class=\"post-tags-box\">\n<ul class=\"tags-box\">\n<li><i class=\"fa fa-tags\"><\/i>Etiquetas:<\/li>\n<\/ul>\n<\/div>\n","protected":false},"excerpt":{"rendered":"<p>A MI MANERA Por Tello Montes &nbsp; Am\u00e9rico marca diferencia: Tamaulipas, cuarto lugar nacional en reducci\u00f3n de homicidios. -Tamaulipas, destino con potencia. -Matamoros presente, y con fuerza. Los curr\u00edculum claro que cuentan a la hora de extender nombramientos en el servicio p\u00fablico, pero lo que realmente pesa es la capacidad de traducir esa experiencia en [&hellip;]<\/p>\n","protected":false},"author":1,"featured_media":207125,"comment_status":"closed","ping_status":"closed","sticky":false,"template":"","format":"standard","meta":{"footnotes":""},"categories":[16],"tags":[],"class_list":["post-207571","post","type-post","status-publish","format-standard","has-post-thumbnail","hentry","category-opinion"],"_links":{"self":[{"href":"https:\/\/www.elsinodaldetamaulipas.com.mx\/index.php?rest_route=\/wp\/v2\/posts\/207571","targetHints":{"allow":["GET"]}}],"collection":[{"href":"https:\/\/www.elsinodaldetamaulipas.com.mx\/index.php?rest_route=\/wp\/v2\/posts"}],"about":[{"href":"https:\/\/www.elsinodaldetamaulipas.com.mx\/index.php?rest_route=\/wp\/v2\/types\/post"}],"author":[{"embeddable":true,"href":"https:\/\/www.elsinodaldetamaulipas.com.mx\/index.php?rest_route=\/wp\/v2\/users\/1"}],"replies":[{"embeddable":true,"href":"https:\/\/www.elsinodaldetamaulipas.com.mx\/index.php?rest_route=%2Fwp%2Fv2%2Fcomments&post=207571"}],"version-history":[{"count":1,"href":"https:\/\/www.elsinodaldetamaulipas.com.mx\/index.php?rest_route=\/wp\/v2\/posts\/207571\/revisions"}],"predecessor-version":[{"id":207572,"href":"https:\/\/www.elsinodaldetamaulipas.com.mx\/index.php?rest_route=\/wp\/v2\/posts\/207571\/revisions\/207572"}],"wp:featuredmedia":[{"embeddable":true,"href":"https:\/\/www.elsinodaldetamaulipas.com.mx\/index.php?rest_route=\/wp\/v2\/media\/207125"}],"wp:attachment":[{"href":"https:\/\/www.elsinodaldetamaulipas.com.mx\/index.php?rest_route=%2Fwp%2Fv2%2Fmedia&parent=207571"}],"wp:term":[{"taxonomy":"category","embeddable":true,"href":"https:\/\/www.elsinodaldetamaulipas.com.mx\/index.php?rest_route=%2Fwp%2Fv2%2Fcategories&post=207571"},{"taxonomy":"post_tag","embeddable":true,"href":"https:\/\/www.elsinodaldetamaulipas.com.mx\/index.php?rest_route=%2Fwp%2Fv2%2Ftags&post=207571"}],"curies":[{"name":"wp","href":"https:\/\/api.w.org\/{rel}","templated":true}]}}