{"id":207585,"date":"2025-07-10T00:42:11","date_gmt":"2025-07-10T04:42:11","guid":{"rendered":"https:\/\/www.elsinodaldetamaulipas.com.mx\/?p=207585"},"modified":"2025-07-10T00:42:11","modified_gmt":"2025-07-10T04:42:11","slug":"20-anos-de-presidio-para-degenerado-sexual","status":"publish","type":"post","link":"https:\/\/www.elsinodaldetamaulipas.com.mx\/?p=207585","title":{"rendered":"20 A\u00d1OS DE PRESIDIO PARA DEGENERADO SEXUAL"},"content":{"rendered":"<p>EL SINODAL DE TAMAULIPAS<\/p>\n<p>Reynosa, Tamaulipas.- La Fiscal\u00eda General de Justicia del Estado de Tamaulipas informa que el Agente del Ministerio P\u00fablico, adscrito a la Fiscal\u00eda Especializada en la Investigaci\u00f3n de Delitos contra Ni\u00f1as, Ni\u00f1os y Adolescentes y Delitos cometidos contra las Mujeres por Raz\u00f3n de G\u00e9nero (FENNAM), obtuvo sentencia condenatoria de 20 a\u00f1os y 3 d\u00edas de prisi\u00f3n en contra de Ignacio \u201cH\u201d, por el delito de Violaci\u00f3n Equiparada Agravada, cometido a una persona menor de edad.<\/p>\n<p>Un Tribunal de Enjuiciamiento dict\u00f3 la pena tras valorarse las pruebas presentadas por el Representante Social, las cuales acreditaron la plena responsabilidad del hoy sentenciado en los hechos ocurridos el 30 de enero de 2020, en un domicilio del municipio de Reynosa, Tamaulipas. Adem\u00e1s, el Juez orden\u00f3 la reparaci\u00f3n del da\u00f1o en forma gen\u00e9rica a favor de la v\u00edctima,<\/p>\n<p>La Fiscal\u00eda General de Justicia del Estado de Tamaulipas refrenda su compromiso con la procuraci\u00f3n de justicia para las v\u00edctimas de delitos que vulneran su integridad y dignidad, especialmente cuando se trata de ni\u00f1as, ni\u00f1os y adolescentes.<\/p>\n<p>&#8212;-<\/p>\n","protected":false},"excerpt":{"rendered":"<p>EL SINODAL DE TAMAULIPAS Reynosa, Tamaulipas.- La Fiscal\u00eda General de Justicia del Estado de Tamaulipas informa que el Agente del Ministerio P\u00fablico, adscrito a la Fiscal\u00eda Especializada en la Investigaci\u00f3n de Delitos contra Ni\u00f1as, Ni\u00f1os y Adolescentes y Delitos cometidos contra las Mujeres por Raz\u00f3n de G\u00e9nero (FENNAM), obtuvo sentencia condenatoria de 20 a\u00f1os y [&hellip;]<\/p>\n","protected":false},"author":1,"featured_media":207586,"comment_status":"closed","ping_status":"closed","sticky":false,"template":"","format":"standard","meta":{"footnotes":""},"categories":[25],"tags":[],"class_list":["post-207585","post","type-post","status-publish","format-standard","has-post-thumbnail","hentry","category-leyyorden"],"_links":{"self":[{"href":"https:\/\/www.elsinodaldetamaulipas.com.mx\/index.php?rest_route=\/wp\/v2\/posts\/207585","targetHints":{"allow":["GET"]}}],"collection":[{"href":"https:\/\/www.elsinodaldetamaulipas.com.mx\/index.php?rest_route=\/wp\/v2\/posts"}],"about":[{"href":"https:\/\/www.elsinodaldetamaulipas.com.mx\/index.php?rest_route=\/wp\/v2\/types\/post"}],"author":[{"embeddable":true,"href":"https:\/\/www.elsinodaldetamaulipas.com.mx\/index.php?rest_route=\/wp\/v2\/users\/1"}],"replies":[{"embeddable":true,"href":"https:\/\/www.elsinodaldetamaulipas.com.mx\/index.php?rest_route=%2Fwp%2Fv2%2Fcomments&post=207585"}],"version-history":[{"count":1,"href":"https:\/\/www.elsinodaldetamaulipas.com.mx\/index.php?rest_route=\/wp\/v2\/posts\/207585\/revisions"}],"predecessor-version":[{"id":207587,"href":"https:\/\/www.elsinodaldetamaulipas.com.mx\/index.php?rest_route=\/wp\/v2\/posts\/207585\/revisions\/207587"}],"wp:featuredmedia":[{"embeddable":true,"href":"https:\/\/www.elsinodaldetamaulipas.com.mx\/index.php?rest_route=\/wp\/v2\/media\/207586"}],"wp:attachment":[{"href":"https:\/\/www.elsinodaldetamaulipas.com.mx\/index.php?rest_route=%2Fwp%2Fv2%2Fmedia&parent=207585"}],"wp:term":[{"taxonomy":"category","embeddable":true,"href":"https:\/\/www.elsinodaldetamaulipas.com.mx\/index.php?rest_route=%2Fwp%2Fv2%2Fcategories&post=207585"},{"taxonomy":"post_tag","embeddable":true,"href":"https:\/\/www.elsinodaldetamaulipas.com.mx\/index.php?rest_route=%2Fwp%2Fv2%2Ftags&post=207585"}],"curies":[{"name":"wp","href":"https:\/\/api.w.org\/{rel}","templated":true}]}}