{"id":207704,"date":"2025-07-10T22:51:33","date_gmt":"2025-07-11T02:51:33","guid":{"rendered":"https:\/\/www.elsinodaldetamaulipas.com.mx\/?p=207704"},"modified":"2025-07-10T22:58:24","modified_gmt":"2025-07-11T02:58:24","slug":"207704","status":"publish","type":"post","link":"https:\/\/www.elsinodaldetamaulipas.com.mx\/?p=207704","title":{"rendered":"TecNM Y CIJ, DAN LA BATALLA CONTRA LAS ADICCIONES"},"content":{"rendered":"<p>TecNM Y CIJ DAN LA BATALLA CONTRA LAS ADICCIONES<\/p>\n<p>&nbsp;<\/p>\n<p><strong><em>Por Gil Vicente Galindo\/EL SINODAL DE TAMAULIPAS<\/em><\/strong><\/p>\n<p>Reynosa, Tam.- El director general del TecNM, profesor Ram\u00f3n Jim\u00e9nez firmo importante convenio de colaboraci\u00f3n contra las adicciones con el Centro de Integraci\u00f3n Juvenil que dirige la doctora Mar\u00eda del Carmen Fern\u00e1ndez C\u00e1ceres.<\/p>\n<p>\u00abSe trata, -explico el director jur\u00eddico del TecNM, maestro Antonio Andr\u00e9s P\u00e9rez M\u00e9ndez-, que este acuerdo sirva de marco contra las adicciones, fomentar valores desde las bases y una cultura de paz y sano esparcimiento&#8230;\u00bb<img loading=\"lazy\" decoding=\"async\" class=\"aligncenter wp-image-207706 size-full\" src=\"https:\/\/www.elsinodaldetamaulipas.com.mx\/wp-content\/uploads\/2025\/07\/tec-2.jpeg\" alt=\"\" width=\"1200\" height=\"616\" srcset=\"https:\/\/www.elsinodaldetamaulipas.com.mx\/wp-content\/uploads\/2025\/07\/tec-2.jpeg 1200w, https:\/\/www.elsinodaldetamaulipas.com.mx\/wp-content\/uploads\/2025\/07\/tec-2-300x154.jpeg 300w, https:\/\/www.elsinodaldetamaulipas.com.mx\/wp-content\/uploads\/2025\/07\/tec-2-1024x526.jpeg 1024w, https:\/\/www.elsinodaldetamaulipas.com.mx\/wp-content\/uploads\/2025\/07\/tec-2-768x394.jpeg 768w\" sizes=\"auto, (max-width: 1200px) 100vw, 1200px\" \/><\/p>\n<p>Luego de la firma, funcionarios del TecNM encabezados por el profesor Ram\u00f3n Jim\u00e9nez L\u00f3pez, el maestro Antonio Andr\u00e9s P\u00e9rez M\u00e9ndez y representantes del Centro de Integraci\u00f3n Juvenil, intercambiaron impresiones sobre programas contras las drogas.<\/p>\n<p>La firma de este convenio se dio bajo un ambiente lleno de camarader\u00eda, realizaron las primeras acciones para que j\u00f3venes no caigan en las garras de las drogas y alcoholismo.<\/p>\n<p><img loading=\"lazy\" decoding=\"async\" class=\"aligncenter wp-image-207707 size-full\" src=\"https:\/\/www.elsinodaldetamaulipas.com.mx\/wp-content\/uploads\/2025\/07\/tec-3.jpeg\" alt=\"\" width=\"1153\" height=\"713\" srcset=\"https:\/\/www.elsinodaldetamaulipas.com.mx\/wp-content\/uploads\/2025\/07\/tec-3.jpeg 1153w, https:\/\/www.elsinodaldetamaulipas.com.mx\/wp-content\/uploads\/2025\/07\/tec-3-300x186.jpeg 300w, https:\/\/www.elsinodaldetamaulipas.com.mx\/wp-content\/uploads\/2025\/07\/tec-3-1024x633.jpeg 1024w, https:\/\/www.elsinodaldetamaulipas.com.mx\/wp-content\/uploads\/2025\/07\/tec-3-768x475.jpeg 768w\" sizes=\"auto, (max-width: 1153px) 100vw, 1153px\" \/><\/p>\n<p>\u201cAnte todo, debemos ocuparnos de llevar platicas en los planteles de los tecnol\u00f3gicos del pa\u00eds, concursos sobre mensajes contra las drogas, el fentanilo y claro, el deporte es una acci\u00f3n que ayuda a alejar a j\u00f3venes de vicios e integraci\u00f3n familiar\u201d, coment\u00f3 el titular de la direcci\u00f3n jur\u00eddica.<\/p>\n<p>Con estas y otras acciones como elevar la autoestima de la comunidad estudiantil, ayudar a quien as\u00ed lo solicite, que los maestros est\u00e9n atentos a cambios bruscos del comportamiento, apoyo psicol\u00f3gico y todo lo que sea necesario para que ning\u00fan estudiante caiga bajo las drogas.<\/p>\n<p><img loading=\"lazy\" decoding=\"async\" class=\"aligncenter wp-image-207708 size-full\" src=\"https:\/\/www.elsinodaldetamaulipas.com.mx\/wp-content\/uploads\/2025\/07\/tec-4-1.jpeg\" alt=\"\" width=\"1174\" height=\"607\" srcset=\"https:\/\/www.elsinodaldetamaulipas.com.mx\/wp-content\/uploads\/2025\/07\/tec-4-1.jpeg 1174w, https:\/\/www.elsinodaldetamaulipas.com.mx\/wp-content\/uploads\/2025\/07\/tec-4-1-300x155.jpeg 300w, https:\/\/www.elsinodaldetamaulipas.com.mx\/wp-content\/uploads\/2025\/07\/tec-4-1-1024x529.jpeg 1024w, https:\/\/www.elsinodaldetamaulipas.com.mx\/wp-content\/uploads\/2025\/07\/tec-4-1-768x397.jpeg 768w\" sizes=\"auto, (max-width: 1174px) 100vw, 1174px\" \/><\/p>\n","protected":false},"excerpt":{"rendered":"<p>TecNM Y CIJ DAN LA BATALLA CONTRA LAS ADICCIONES &nbsp; Por Gil Vicente Galindo\/EL SINODAL DE TAMAULIPAS Reynosa, Tam.- El director general del TecNM, profesor Ram\u00f3n Jim\u00e9nez firmo importante convenio de colaboraci\u00f3n contra las adicciones con el Centro de Integraci\u00f3n Juvenil que dirige la doctora Mar\u00eda del Carmen Fern\u00e1ndez C\u00e1ceres. \u00abSe trata, -explico el director [&hellip;]<\/p>\n","protected":false},"author":1,"featured_media":207705,"comment_status":"closed","ping_status":"closed","sticky":false,"template":"","format":"standard","meta":{"footnotes":""},"categories":[1,2],"tags":[],"class_list":["post-207704","post","type-post","status-publish","format-standard","has-post-thumbnail","hentry","category-portada","category-reynosa"],"_links":{"self":[{"href":"https:\/\/www.elsinodaldetamaulipas.com.mx\/index.php?rest_route=\/wp\/v2\/posts\/207704","targetHints":{"allow":["GET"]}}],"collection":[{"href":"https:\/\/www.elsinodaldetamaulipas.com.mx\/index.php?rest_route=\/wp\/v2\/posts"}],"about":[{"href":"https:\/\/www.elsinodaldetamaulipas.com.mx\/index.php?rest_route=\/wp\/v2\/types\/post"}],"author":[{"embeddable":true,"href":"https:\/\/www.elsinodaldetamaulipas.com.mx\/index.php?rest_route=\/wp\/v2\/users\/1"}],"replies":[{"embeddable":true,"href":"https:\/\/www.elsinodaldetamaulipas.com.mx\/index.php?rest_route=%2Fwp%2Fv2%2Fcomments&post=207704"}],"version-history":[{"count":2,"href":"https:\/\/www.elsinodaldetamaulipas.com.mx\/index.php?rest_route=\/wp\/v2\/posts\/207704\/revisions"}],"predecessor-version":[{"id":207710,"href":"https:\/\/www.elsinodaldetamaulipas.com.mx\/index.php?rest_route=\/wp\/v2\/posts\/207704\/revisions\/207710"}],"wp:featuredmedia":[{"embeddable":true,"href":"https:\/\/www.elsinodaldetamaulipas.com.mx\/index.php?rest_route=\/wp\/v2\/media\/207705"}],"wp:attachment":[{"href":"https:\/\/www.elsinodaldetamaulipas.com.mx\/index.php?rest_route=%2Fwp%2Fv2%2Fmedia&parent=207704"}],"wp:term":[{"taxonomy":"category","embeddable":true,"href":"https:\/\/www.elsinodaldetamaulipas.com.mx\/index.php?rest_route=%2Fwp%2Fv2%2Fcategories&post=207704"},{"taxonomy":"post_tag","embeddable":true,"href":"https:\/\/www.elsinodaldetamaulipas.com.mx\/index.php?rest_route=%2Fwp%2Fv2%2Ftags&post=207704"}],"curies":[{"name":"wp","href":"https:\/\/api.w.org\/{rel}","templated":true}]}}